{"id":17475,"date":"2026-09-02T16:13:20","date_gmt":"2026-09-02T14:13:20","guid":{"rendered":"https:\/\/www.interpharma.ch\/?p=17475"},"modified":"2026-09-02T16:55:16","modified_gmt":"2026-09-02T14:55:16","slug":"communique-de-presse-les-commissions-de-la-sante-demandent-une-rectification-de-la-revision-de-loamal","status":"publish","type":"post","link":"https:\/\/www.interpharma.ch\/fr\/blog\/communique-de-presse-les-commissions-de-la-sante-demandent-une-rectification-de-la-revision-de-loamal\/","title":{"rendered":"Communiqu\u00e9 de presse: Les Commissions de la sant\u00e9 demandent une rectification de la r\u00e9vision de l\u2019OAMal"},"content":{"rendered":"\n<p><strong>Les Commissions de la sant\u00e9 du Conseil national et du Conseil des \u00c9tats s\u2019opposent \u00e0 une mise en \u0153uvre pr\u00e9cipit\u00e9e de la r\u00e9vision de l\u2019OAMal. Apr\u00e8s la CSSS-N, la CSSS-E a \u00e9galement rejet\u00e9 la r\u00e9vision de l\u2019OAMal sous sa forme actuelle. Il appartient \u00e0 pr\u00e9sent au Conseil f\u00e9d\u00e9ral d\u2019int\u00e9grer ces recommandations claires des Commissions et de remanier profond\u00e9ment le projet en tenant compte des modifications des conditions cadres.<\/strong><\/p>\n\n\n\n<p>Apr\u00e8s la Commission de la s\u00e9curit\u00e9 sociale et de la sant\u00e9 publique du Conseil national (CSSS-N), la Commission comp\u00e9tente du Conseil des \u00c9tats (CSSS-E) a elle aussi rejet\u00e9 la r\u00e9vision de l\u2019OAMal sous sa forme actuelle. Les deux Commissions \u00e9mettent ainsi un signal clair au Conseil f\u00e9d\u00e9ral de prendre au s\u00e9rieux les modifications des conditions cadres internationales et de renoncer \u00e0 une mise en \u0153uvre pr\u00e9cipit\u00e9e du projet. Il appartient \u00e0 pr\u00e9sent au Conseil f\u00e9d\u00e9ral d\u2019int\u00e9grer les recommandations des Commissions et de remanier le projet en tenant compte des modifications des conditions cadres internationales ainsi que des r\u00e9sultats du groupe de travail \u00abplace \u00e9conomique Life Science\u00bb.<\/p>\n\n\n\n<p>Le groupe de travail doit donc poursuivre sa mission et la mener consciencieusement et int\u00e9gralement \u00e0 son terme. Cela implique aussi d\u2019\u00e9valuer la r\u00e9vision de l\u2019OAMal dans le contexte international actuel et de formuler des recommandations pour son remaniement. En tant que membre du groupe de travail, l\u2019industrie pharmaceutique pratiquant la recherche va continuer de participer de mani\u00e8re constructive et de contribuer \u00e0 une r\u00e9vision de l\u2019OAMal qui r\u00e9tablisse l\u2019\u00e9quilibre entre ma\u00eetrise des co\u00fbts, acc\u00e8s rapide des patient-e-s et renforcement de la place des sciences de la vie qu\u2019est la Suisse.<\/p>\n","protected":false},"excerpt":{"rendered":"<p>Les Commissions de la sant\u00e9 du Conseil national et du Conseil des \u00c9tats s\u2019opposent \u00e0 une mise en \u0153uvre pr\u00e9cipit\u00e9e de la r\u00e9vision de l\u2019OAMal. Apr\u00e8s la CSSS-N, la CSSS-E a \u00e9galement rejet\u00e9 la r\u00e9vision de l\u2019OAMal sous sa forme actuelle. Il appartient \u00e0 pr\u00e9sent au Conseil f\u00e9d\u00e9ral d\u2019int\u00e9grer ces recommandations claires des Commissions et [&hellip;]<\/p>\n","protected":false},"author":7,"featured_media":16483,"comment_status":"closed","ping_status":"closed","sticky":false,"template":"","format":"standard","meta":{"_acf_changed":false,"inline_featured_image":false,"footnotes":""},"tags":[122,127,189],"class_list":["post-17475","post","type-post","status-publish","format-standard","has-post-thumbnail","hentry","tag-communique-de-presse","tag-acces-des-patients","tag-mfn"],"acf":[],"yoast_head":"<!-- This site is optimized with the Yoast SEO Premium plugin v27.9 (Yoast SEO v27.9) - https:\/\/yoast.com\/product\/yoast-seo-premium-wordpress\/ -->\n<title>Communiqu\u00e9 de presse: Les Commissions de la sant\u00e9 demandent une rectification de la r\u00e9vision de l\u2019OAMal - Interpharma<\/title>\n<meta name=\"robots\" content=\"index, follow, max-snippet:-1, max-image-preview:large, max-video-preview:-1\" \/>\n<link rel=\"canonical\" href=\"https:\/\/www.interpharma.ch\/fr\/blog\/communique-de-presse-les-commissions-de-la-sante-demandent-une-rectification-de-la-revision-de-loamal\/\" \/>\n<meta property=\"og:locale\" content=\"fr_FR\" \/>\n<meta property=\"og:type\" content=\"article\" \/>\n<meta property=\"og:title\" content=\"Communiqu\u00e9 de presse: Les Commissions de la sant\u00e9 demandent une rectification de la r\u00e9vision de l\u2019OAMal\" \/>\n<meta property=\"og:description\" content=\"Les Commissions de la sant\u00e9 du Conseil national et du Conseil des \u00c9tats s\u2019opposent \u00e0 une mise en \u0153uvre pr\u00e9cipit\u00e9e de la r\u00e9vision de l\u2019OAMal. Apr\u00e8s la CSSS-N, la CSSS-E a \u00e9galement rejet\u00e9 la r\u00e9vision de l\u2019OAMal sous sa forme actuelle. Il appartient \u00e0 pr\u00e9sent au Conseil f\u00e9d\u00e9ral d\u2019int\u00e9grer ces recommandations claires des Commissions et [&hellip;]\" \/>\n<meta property=\"og:url\" content=\"https:\/\/www.interpharma.ch\/fr\/blog\/communique-de-presse-les-commissions-de-la-sante-demandent-une-rectification-de-la-revision-de-loamal\/\" \/>\n<meta property=\"og:site_name\" content=\"Interpharma\" \/>\n<meta property=\"article:published_time\" content=\"2026-09-02T14:13:20+00:00\" \/>\n<meta property=\"article:modified_time\" content=\"2026-09-02T14:55:16+00:00\" \/>\n<meta property=\"og:image\" content=\"https:\/\/www.interpharma.ch\/wp-content\/uploads\/2026\/02\/blog-image-053-scaled.jpg\" \/>\n\t<meta property=\"og:image:width\" content=\"2560\" \/>\n\t<meta property=\"og:image:height\" content=\"1707\" \/>\n\t<meta property=\"og:image:type\" content=\"image\/jpeg\" \/>\n<meta name=\"author\" content=\"lukaskuemmerli\" \/>\n<meta name=\"twitter:card\" content=\"summary_large_image\" \/>\n<meta name=\"twitter:creator\" content=\"@interpharma_ch\" \/>\n<meta name=\"twitter:site\" content=\"@interpharma_ch\" \/>\n<meta name=\"twitter:label1\" content=\"\u00c9crit par\" \/>\n\t<meta name=\"twitter:data1\" content=\"lukaskuemmerli\" \/>\n\t<meta name=\"twitter:label2\" content=\"Dur\u00e9e de lecture estim\u00e9e\" \/>\n\t<meta name=\"twitter:data2\" content=\"2 minutes\" \/>\n<script type=\"application\/ld+json\" class=\"yoast-schema-graph\">{\"@context\":\"https:\\\/\\\/schema.org\",\"@graph\":[{\"@type\":\"Article\",\"@id\":\"https:\\\/\\\/www.interpharma.ch\\\/fr\\\/blog\\\/communique-de-presse-les-commissions-de-la-sante-demandent-une-rectification-de-la-revision-de-loamal\\\/#article\",\"isPartOf\":{\"@id\":\"https:\\\/\\\/www.interpharma.ch\\\/fr\\\/blog\\\/communique-de-presse-les-commissions-de-la-sante-demandent-une-rectification-de-la-revision-de-loamal\\\/\"},\"author\":{\"name\":\"lukaskuemmerli\",\"@id\":\"https:\\\/\\\/www.interpharma.ch\\\/#\\\/schema\\\/person\\\/2854d813965ba4a7feaeffbe96f8eadf\"},\"headline\":\"Communiqu\u00e9 de presse: Les Commissions de la sant\u00e9 demandent une rectification de la r\u00e9vision de l\u2019OAMal\",\"datePublished\":\"2026-09-02T14:13:20+00:00\",\"dateModified\":\"2026-09-02T14:55:16+00:00\",\"mainEntityOfPage\":{\"@id\":\"https:\\\/\\\/www.interpharma.ch\\\/fr\\\/blog\\\/communique-de-presse-les-commissions-de-la-sante-demandent-une-rectification-de-la-revision-de-loamal\\\/\"},\"wordCount\":321,\"publisher\":{\"@id\":\"https:\\\/\\\/www.interpharma.ch\\\/#organization\"},\"image\":{\"@id\":\"https:\\\/\\\/www.interpharma.ch\\\/fr\\\/blog\\\/communique-de-presse-les-commissions-de-la-sante-demandent-une-rectification-de-la-revision-de-loamal\\\/#primaryimage\"},\"thumbnailUrl\":\"https:\\\/\\\/www.interpharma.ch\\\/wp-content\\\/uploads\\\/2026\\\/02\\\/blog-image-053-scaled.jpg\",\"keywords\":[\"Communiqu\u00e9 de presse\",\"Acc\u00e8s des patients\",\"MFN\"],\"inLanguage\":\"fr-FR\",\"copyrightYear\":\"2026\",\"copyrightHolder\":{\"@id\":\"https:\\\/\\\/www.interpharma.ch\\\/#organization\"}},{\"@type\":\"WebPage\",\"@id\":\"https:\\\/\\\/www.interpharma.ch\\\/fr\\\/blog\\\/communique-de-presse-les-commissions-de-la-sante-demandent-une-rectification-de-la-revision-de-loamal\\\/\",\"url\":\"https:\\\/\\\/www.interpharma.ch\\\/fr\\\/blog\\\/communique-de-presse-les-commissions-de-la-sante-demandent-une-rectification-de-la-revision-de-loamal\\\/\",\"name\":\"Communiqu\u00e9 de presse: Les Commissions de la sant\u00e9 demandent une rectification de la r\u00e9vision de l\u2019OAMal - Interpharma\",\"isPartOf\":{\"@id\":\"https:\\\/\\\/www.interpharma.ch\\\/#website\"},\"primaryImageOfPage\":{\"@id\":\"https:\\\/\\\/www.interpharma.ch\\\/fr\\\/blog\\\/communique-de-presse-les-commissions-de-la-sante-demandent-une-rectification-de-la-revision-de-loamal\\\/#primaryimage\"},\"image\":{\"@id\":\"https:\\\/\\\/www.interpharma.ch\\\/fr\\\/blog\\\/communique-de-presse-les-commissions-de-la-sante-demandent-une-rectification-de-la-revision-de-loamal\\\/#primaryimage\"},\"thumbnailUrl\":\"https:\\\/\\\/www.interpharma.ch\\\/wp-content\\\/uploads\\\/2026\\\/02\\\/blog-image-053-scaled.jpg\",\"datePublished\":\"2026-09-02T14:13:20+00:00\",\"dateModified\":\"2026-09-02T14:55:16+00:00\",\"breadcrumb\":{\"@id\":\"https:\\\/\\\/www.interpharma.ch\\\/fr\\\/blog\\\/communique-de-presse-les-commissions-de-la-sante-demandent-une-rectification-de-la-revision-de-loamal\\\/#breadcrumb\"},\"inLanguage\":\"fr-FR\",\"potentialAction\":[{\"@type\":\"ReadAction\",\"target\":[\"https:\\\/\\\/www.interpharma.ch\\\/fr\\\/blog\\\/communique-de-presse-les-commissions-de-la-sante-demandent-une-rectification-de-la-revision-de-loamal\\\/\"]}]},{\"@type\":\"ImageObject\",\"inLanguage\":\"fr-FR\",\"@id\":\"https:\\\/\\\/www.interpharma.ch\\\/fr\\\/blog\\\/communique-de-presse-les-commissions-de-la-sante-demandent-une-rectification-de-la-revision-de-loamal\\\/#primaryimage\",\"url\":\"https:\\\/\\\/www.interpharma.ch\\\/wp-content\\\/uploads\\\/2026\\\/02\\\/blog-image-053-scaled.jpg\",\"contentUrl\":\"https:\\\/\\\/www.interpharma.ch\\\/wp-content\\\/uploads\\\/2026\\\/02\\\/blog-image-053-scaled.jpg\",\"width\":2560,\"height\":1707,\"caption\":\"Bundeshaus Bern, Schweiz\"},{\"@type\":\"BreadcrumbList\",\"@id\":\"https:\\\/\\\/www.interpharma.ch\\\/fr\\\/blog\\\/communique-de-presse-les-commissions-de-la-sante-demandent-une-rectification-de-la-revision-de-loamal\\\/#breadcrumb\",\"itemListElement\":[{\"@type\":\"ListItem\",\"position\":1,\"name\":\"Startseite\",\"item\":\"https:\\\/\\\/www.interpharma.ch\\\/fr\\\/\"},{\"@type\":\"ListItem\",\"position\":2,\"name\":\"Communiqu\u00e9 de presse: Les Commissions de la sant\u00e9 demandent une rectification de la r\u00e9vision de l\u2019OAMal\"}]},{\"@type\":\"WebSite\",\"@id\":\"https:\\\/\\\/www.interpharma.ch\\\/#website\",\"url\":\"https:\\\/\\\/www.interpharma.ch\\\/\",\"name\":\"Interpharma\",\"description\":\"Verband der forschenden Pharmazeutischen Firmen\",\"publisher\":{\"@id\":\"https:\\\/\\\/www.interpharma.ch\\\/#organization\"},\"potentialAction\":[{\"@type\":\"SearchAction\",\"target\":{\"@type\":\"EntryPoint\",\"urlTemplate\":\"https:\\\/\\\/www.interpharma.ch\\\/?s={search_term_string}\"},\"query-input\":{\"@type\":\"PropertyValueSpecification\",\"valueRequired\":true,\"valueName\":\"search_term_string\"}}],\"inLanguage\":\"fr-FR\"},{\"@type\":\"Organization\",\"@id\":\"https:\\\/\\\/www.interpharma.ch\\\/#organization\",\"name\":\"Interpharma\",\"url\":\"https:\\\/\\\/www.interpharma.ch\\\/\",\"logo\":{\"@type\":\"ImageObject\",\"inLanguage\":\"fr-FR\",\"@id\":\"https:\\\/\\\/www.interpharma.ch\\\/#\\\/schema\\\/logo\\\/image\\\/\",\"url\":\"https:\\\/\\\/www.interpharma.ch\\\/wp-content\\\/uploads\\\/2026\\\/03\\\/20251014_iph_logo_wort_bildmarke_rgb_final_cu01.svg\",\"contentUrl\":\"https:\\\/\\\/www.interpharma.ch\\\/wp-content\\\/uploads\\\/2026\\\/03\\\/20251014_iph_logo_wort_bildmarke_rgb_final_cu01.svg\",\"width\":\"1200\",\"height\":\"1200\",\"caption\":\"Interpharma\"},\"image\":{\"@id\":\"https:\\\/\\\/www.interpharma.ch\\\/#\\\/schema\\\/logo\\\/image\\\/\"},\"sameAs\":[\"https:\\\/\\\/x.com\\\/interpharma_ch\",\"https:\\\/\\\/ch.linkedin.com\\\/company\\\/interpharma\",\"https:\\\/\\\/www.instagram.com\\\/interpharma_ch\\\/\"]},{\"@type\":\"Person\",\"@id\":\"https:\\\/\\\/www.interpharma.ch\\\/#\\\/schema\\\/person\\\/2854d813965ba4a7feaeffbe96f8eadf\",\"name\":\"lukaskuemmerli\",\"image\":{\"@type\":\"ImageObject\",\"inLanguage\":\"fr-FR\",\"@id\":\"https:\\\/\\\/secure.gravatar.com\\\/avatar\\\/c3bfeac2b6c479264ad184573779a451a81113f9e7cbabe607006461ca783d10?s=96&d=mm&r=g\",\"url\":\"https:\\\/\\\/secure.gravatar.com\\\/avatar\\\/c3bfeac2b6c479264ad184573779a451a81113f9e7cbabe607006461ca783d10?s=96&d=mm&r=g\",\"contentUrl\":\"https:\\\/\\\/secure.gravatar.com\\\/avatar\\\/c3bfeac2b6c479264ad184573779a451a81113f9e7cbabe607006461ca783d10?s=96&d=mm&r=g\",\"caption\":\"lukaskuemmerli\"}}]}<\/script>\n<!-- \/ Yoast SEO Premium plugin. -->","yoast_head_json":{"title":"Communiqu\u00e9 de presse: Les Commissions de la sant\u00e9 demandent une rectification de la r\u00e9vision de l\u2019OAMal - Interpharma","robots":{"index":"index","follow":"follow","max-snippet":"max-snippet:-1","max-image-preview":"max-image-preview:large","max-video-preview":"max-video-preview:-1"},"canonical":"https:\/\/www.interpharma.ch\/fr\/blog\/communique-de-presse-les-commissions-de-la-sante-demandent-une-rectification-de-la-revision-de-loamal\/","og_locale":"fr_FR","og_type":"article","og_title":"Communiqu\u00e9 de presse: Les Commissions de la sant\u00e9 demandent une rectification de la r\u00e9vision de l\u2019OAMal","og_description":"Les Commissions de la sant\u00e9 du Conseil national et du Conseil des \u00c9tats s\u2019opposent \u00e0 une mise en \u0153uvre pr\u00e9cipit\u00e9e de la r\u00e9vision de l\u2019OAMal. Apr\u00e8s la CSSS-N, la CSSS-E a \u00e9galement rejet\u00e9 la r\u00e9vision de l\u2019OAMal sous sa forme actuelle. Il appartient \u00e0 pr\u00e9sent au Conseil f\u00e9d\u00e9ral d\u2019int\u00e9grer ces recommandations claires des Commissions et [&hellip;]","og_url":"https:\/\/www.interpharma.ch\/fr\/blog\/communique-de-presse-les-commissions-de-la-sante-demandent-une-rectification-de-la-revision-de-loamal\/","og_site_name":"Interpharma","article_published_time":"2026-09-02T14:13:20+00:00","article_modified_time":"2026-09-02T14:55:16+00:00","og_image":[{"width":2560,"height":1707,"url":"https:\/\/www.interpharma.ch\/wp-content\/uploads\/2026\/02\/blog-image-053-scaled.jpg","type":"image\/jpeg"}],"author":"lukaskuemmerli","twitter_card":"summary_large_image","twitter_creator":"@interpharma_ch","twitter_site":"@interpharma_ch","twitter_misc":{"\u00c9crit par":"lukaskuemmerli","Dur\u00e9e de lecture estim\u00e9e":"2 minutes"},"schema":{"@context":"https:\/\/schema.org","@graph":[{"@type":"Article","@id":"https:\/\/www.interpharma.ch\/fr\/blog\/communique-de-presse-les-commissions-de-la-sante-demandent-une-rectification-de-la-revision-de-loamal\/#article","isPartOf":{"@id":"https:\/\/www.interpharma.ch\/fr\/blog\/communique-de-presse-les-commissions-de-la-sante-demandent-une-rectification-de-la-revision-de-loamal\/"},"author":{"name":"lukaskuemmerli","@id":"https:\/\/www.interpharma.ch\/#\/schema\/person\/2854d813965ba4a7feaeffbe96f8eadf"},"headline":"Communiqu\u00e9 de presse: Les Commissions de la sant\u00e9 demandent une rectification de la r\u00e9vision de l\u2019OAMal","datePublished":"2026-09-02T14:13:20+00:00","dateModified":"2026-09-02T14:55:16+00:00","mainEntityOfPage":{"@id":"https:\/\/www.interpharma.ch\/fr\/blog\/communique-de-presse-les-commissions-de-la-sante-demandent-une-rectification-de-la-revision-de-loamal\/"},"wordCount":321,"publisher":{"@id":"https:\/\/www.interpharma.ch\/#organization"},"image":{"@id":"https:\/\/www.interpharma.ch\/fr\/blog\/communique-de-presse-les-commissions-de-la-sante-demandent-une-rectification-de-la-revision-de-loamal\/#primaryimage"},"thumbnailUrl":"https:\/\/www.interpharma.ch\/wp-content\/uploads\/2026\/02\/blog-image-053-scaled.jpg","keywords":["Communiqu\u00e9 de presse","Acc\u00e8s des patients","MFN"],"inLanguage":"fr-FR","copyrightYear":"2026","copyrightHolder":{"@id":"https:\/\/www.interpharma.ch\/#organization"}},{"@type":"WebPage","@id":"https:\/\/www.interpharma.ch\/fr\/blog\/communique-de-presse-les-commissions-de-la-sante-demandent-une-rectification-de-la-revision-de-loamal\/","url":"https:\/\/www.interpharma.ch\/fr\/blog\/communique-de-presse-les-commissions-de-la-sante-demandent-une-rectification-de-la-revision-de-loamal\/","name":"Communiqu\u00e9 de presse: Les Commissions de la sant\u00e9 demandent une rectification de la r\u00e9vision de l\u2019OAMal - Interpharma","isPartOf":{"@id":"https:\/\/www.interpharma.ch\/#website"},"primaryImageOfPage":{"@id":"https:\/\/www.interpharma.ch\/fr\/blog\/communique-de-presse-les-commissions-de-la-sante-demandent-une-rectification-de-la-revision-de-loamal\/#primaryimage"},"image":{"@id":"https:\/\/www.interpharma.ch\/fr\/blog\/communique-de-presse-les-commissions-de-la-sante-demandent-une-rectification-de-la-revision-de-loamal\/#primaryimage"},"thumbnailUrl":"https:\/\/www.interpharma.ch\/wp-content\/uploads\/2026\/02\/blog-image-053-scaled.jpg","datePublished":"2026-09-02T14:13:20+00:00","dateModified":"2026-09-02T14:55:16+00:00","breadcrumb":{"@id":"https:\/\/www.interpharma.ch\/fr\/blog\/communique-de-presse-les-commissions-de-la-sante-demandent-une-rectification-de-la-revision-de-loamal\/#breadcrumb"},"inLanguage":"fr-FR","potentialAction":[{"@type":"ReadAction","target":["https:\/\/www.interpharma.ch\/fr\/blog\/communique-de-presse-les-commissions-de-la-sante-demandent-une-rectification-de-la-revision-de-loamal\/"]}]},{"@type":"ImageObject","inLanguage":"fr-FR","@id":"https:\/\/www.interpharma.ch\/fr\/blog\/communique-de-presse-les-commissions-de-la-sante-demandent-une-rectification-de-la-revision-de-loamal\/#primaryimage","url":"https:\/\/www.interpharma.ch\/wp-content\/uploads\/2026\/02\/blog-image-053-scaled.jpg","contentUrl":"https:\/\/www.interpharma.ch\/wp-content\/uploads\/2026\/02\/blog-image-053-scaled.jpg","width":2560,"height":1707,"caption":"Bundeshaus Bern, Schweiz"},{"@type":"BreadcrumbList","@id":"https:\/\/www.interpharma.ch\/fr\/blog\/communique-de-presse-les-commissions-de-la-sante-demandent-une-rectification-de-la-revision-de-loamal\/#breadcrumb","itemListElement":[{"@type":"ListItem","position":1,"name":"Startseite","item":"https:\/\/www.interpharma.ch\/fr\/"},{"@type":"ListItem","position":2,"name":"Communiqu\u00e9 de presse: Les Commissions de la sant\u00e9 demandent une rectification de la r\u00e9vision de l\u2019OAMal"}]},{"@type":"WebSite","@id":"https:\/\/www.interpharma.ch\/#website","url":"https:\/\/www.interpharma.ch\/","name":"Interpharma","description":"Verband der forschenden Pharmazeutischen Firmen","publisher":{"@id":"https:\/\/www.interpharma.ch\/#organization"},"potentialAction":[{"@type":"SearchAction","target":{"@type":"EntryPoint","urlTemplate":"https:\/\/www.interpharma.ch\/?s={search_term_string}"},"query-input":{"@type":"PropertyValueSpecification","valueRequired":true,"valueName":"search_term_string"}}],"inLanguage":"fr-FR"},{"@type":"Organization","@id":"https:\/\/www.interpharma.ch\/#organization","name":"Interpharma","url":"https:\/\/www.interpharma.ch\/","logo":{"@type":"ImageObject","inLanguage":"fr-FR","@id":"https:\/\/www.interpharma.ch\/#\/schema\/logo\/image\/","url":"https:\/\/www.interpharma.ch\/wp-content\/uploads\/2026\/03\/20251014_iph_logo_wort_bildmarke_rgb_final_cu01.svg","contentUrl":"https:\/\/www.interpharma.ch\/wp-content\/uploads\/2026\/03\/20251014_iph_logo_wort_bildmarke_rgb_final_cu01.svg","width":"1200","height":"1200","caption":"Interpharma"},"image":{"@id":"https:\/\/www.interpharma.ch\/#\/schema\/logo\/image\/"},"sameAs":["https:\/\/x.com\/interpharma_ch","https:\/\/ch.linkedin.com\/company\/interpharma","https:\/\/www.instagram.com\/interpharma_ch\/"]},{"@type":"Person","@id":"https:\/\/www.interpharma.ch\/#\/schema\/person\/2854d813965ba4a7feaeffbe96f8eadf","name":"lukaskuemmerli","image":{"@type":"ImageObject","inLanguage":"fr-FR","@id":"https:\/\/secure.gravatar.com\/avatar\/c3bfeac2b6c479264ad184573779a451a81113f9e7cbabe607006461ca783d10?s=96&d=mm&r=g","url":"https:\/\/secure.gravatar.com\/avatar\/c3bfeac2b6c479264ad184573779a451a81113f9e7cbabe607006461ca783d10?s=96&d=mm&r=g","contentUrl":"https:\/\/secure.gravatar.com\/avatar\/c3bfeac2b6c479264ad184573779a451a81113f9e7cbabe607006461ca783d10?s=96&d=mm&r=g","caption":"lukaskuemmerli"}}]}},"_links":{"self":[{"href":"https:\/\/www.interpharma.ch\/fr\/wp-json\/wp\/v2\/posts\/17475","targetHints":{"allow":["GET"]}}],"collection":[{"href":"https:\/\/www.interpharma.ch\/fr\/wp-json\/wp\/v2\/posts"}],"about":[{"href":"https:\/\/www.interpharma.ch\/fr\/wp-json\/wp\/v2\/types\/post"}],"author":[{"embeddable":true,"href":"https:\/\/www.interpharma.ch\/fr\/wp-json\/wp\/v2\/users\/7"}],"replies":[{"embeddable":true,"href":"https:\/\/www.interpharma.ch\/fr\/wp-json\/wp\/v2\/comments?post=17475"}],"version-history":[{"count":2,"href":"https:\/\/www.interpharma.ch\/fr\/wp-json\/wp\/v2\/posts\/17475\/revisions"}],"predecessor-version":[{"id":17477,"href":"https:\/\/www.interpharma.ch\/fr\/wp-json\/wp\/v2\/posts\/17475\/revisions\/17477"}],"wp:featuredmedia":[{"embeddable":true,"href":"https:\/\/www.interpharma.ch\/fr\/wp-json\/wp\/v2\/media\/16483"}],"wp:attachment":[{"href":"https:\/\/www.interpharma.ch\/fr\/wp-json\/wp\/v2\/media?parent=17475"}],"wp:term":[{"taxonomy":"post_tag","embeddable":true,"href":"https:\/\/www.interpharma.ch\/fr\/wp-json\/wp\/v2\/tags?post=17475"}],"curies":[{"name":"wp","href":"https:\/\/api.w.org\/{rel}","templated":true}]}}