{"id":16144,"date":"2026-03-24T12:15:00","date_gmt":"2026-03-24T11:15:00","guid":{"rendered":"https:\/\/interpharma.ch\/?p=16144"},"modified":"2026-03-24T12:48:21","modified_gmt":"2026-03-24T11:48:21","slug":"medienmitteilung-tag-der-pharmazeutischen-industrie-2026-pharmastandort-schweiz-am-scheideweg","status":"publish","type":"post","link":"https:\/\/www.interpharma.ch\/fr\/blog\/medienmitteilung-tag-der-pharmazeutischen-industrie-2026-pharmastandort-schweiz-am-scheideweg\/","title":{"rendered":"Communiqu\u00e9 de presse: Journ\u00e9e de l\u2019industrie pharmaceutique 2026: la place pharmaceutique suisse \u00e0 la crois\u00e9e des chemins"},"content":{"rendered":"\n<p><strong>La place pharmaceutique suisse est sous pression: les nouvelles mesures de politique commerciale des \u00c9tats-Unis, la tendance mondiale \u00e0 la production r\u00e9gionale et des d\u00e9cisions r\u00e8glementaires ont un impact direct sur un site qui repr\u00e9sente 0.6% de part de march\u00e9, mais pr\u00e8s de 7% de la valeur ajout\u00e9e pharmaceutique mondiale. Lors de la journ\u00e9e de l\u2019industrie pharmaceutique, le message \u00e9tait sans \u00e9quivoque: il s\u2019agit de d\u00e9fis structurels qui ne pourront \u00eatre relev\u00e9s qu\u2019ensemble, avec une strat\u00e9gie claire.<\/strong><\/p>\n\n\n\n<p>Les conditions cadres se sont profond\u00e9ment modifi\u00e9es pour l\u2019industrie pharmaceutique. Les nouvelles mesures de politique commerciale et la tendance mondiale \u00e0 adopter la strat\u00e9gie \u00ablocal for local\u00bb exercent une pression croissante sur les pays plus petits, au syst\u00e8me \u00e9conomique ouvert, comme la Suisse. En particulier la clause de la nation la plus favoris\u00e9e introduite par l\u2019administration am\u00e9ricaine, qui inclut la Suisse en tant que pays de r\u00e9f\u00e9rence pour la fixation des prix des m\u00e9dicaments aux \u00c9tats-Unis, cr\u00e9e des conditions enti\u00e8rement nouvelles pour le lancement de m\u00e9dicaments innovants et repr\u00e9sente un d\u00e9fi de taille pour l\u2019approvisionnement des patient-e-s en Suisse.<\/p>\n\n\n\n<p>Malgr\u00e9 ces \u00e9volutions, la situation de la Suisse reste forte: pr\u00e8s de 7% de la valeur ajout\u00e9e pharmaceutique mondiale vont \u00e0 la Suisse et notre pays est mondialement en t\u00eate pour le nombre de brevets par habitant-e. Cependant, la croissance de l\u2019emploi dans l\u2019industrie pharmaceutique en Suisse stagne depuis quelques ann\u00e9es, les investissements dans la recherche et le d\u00e9veloppement ont m\u00eame diminu\u00e9. Cela souligne que les d\u00e9fis sont de nature structurelle et requi\u00e8rent par cons\u00e9quent des r\u00e9ponses structurelles.<\/p>\n\n\n\n<h2 class=\"wp-block-heading is-style-subtitle\" id=\"h-trois-priorites-pour-la-place-pharmaceutique-suisse\">Trois priorit\u00e9s pour la place pharmaceutique suisse<\/h2>\n\n\n\n<p>La branche voit un besoin d\u2019agir concret \u00e0 trois niveaux:<\/p>\n\n\n\n<ul class=\"wp-block-list\">\n<li>Assurer l\u2019acc\u00e8s rapide et \u00e0 \u00e9galit\u00e9 de tous\/-tes les patient-e-s aux m\u00e9dicaments innovants.<\/li>\n\n\n\n<li>Renforcer durablement et perfectionner la Suisse en tant que place d\u2019innovation et de production leader dans le domaine des sciences de la vie.<\/li>\n\n\n\n<li>Cr\u00e9er des conditions cadres comp\u00e9titives, adapt\u00e9es aux transformations g\u00e9opolitiques, et qui fixent durablement les entreprises et les talents en Suisse.<\/li>\n<\/ul>\n\n\n\n<p>On ne peut plus consid\u00e9rer la politique pour la place suisse, la politique de la sant\u00e9 et les \u00e9volutions g\u00e9opolitiques ind\u00e9pendamment les unes des autres. Ces derni\u00e8res ann\u00e9es, pr\u00e8s de la moiti\u00e9 de la croissance \u00e9conomique globale provient de l\u2019industrie pharmaceutique. La force de celle-ci est \u00e9troitement li\u00e9e \u00e0 la force de la Suisse.<\/p>\n\n\n\n<h2 class=\"wp-block-heading\" id=\"h-assemblee-generale-election-de-nouveaux-membres-du-comite-directeur\">Assembl\u00e9e g\u00e9n\u00e9rale: \u00e9lection de nouveaux membres du comit\u00e9 directeur<\/h2>\n\n\n\n<p>An der ordentlichen Generalversammlung vom gleichen Tag wurde der JLors de l\u2019assembl\u00e9e g\u00e9n\u00e9rale ordinaire qui s\u2019est tenue le m\u00eame jour, le rapport annuel 2025 a \u00e9t\u00e9 adopt\u00e9 et le comit\u00e9 directeur et \u00e9t\u00e9 compl\u00e9t\u00e9 par les personnes suivantes:<\/p>\n\n\n\n<ul class=\"wp-block-list\">\n<li>Julian Bertschinger, Head EMEA External Scientific Innovation, Johnson &amp; Johnson<\/li>\n\n\n\n<li>Patrick Schuler, Managing Director, Johnson &amp; Johnson Innovative Medicine<\/li>\n\n\n\n<li>Michele Ravara, Managing Director for Switzerland, AbbVie<\/li>\n\n\n\n<li>J\u00e9rome Garcin, General Manager for Switzerland and Austria, Bristol Myers Squibb<\/li>\n\n\n\n<li>Lauren McNamer, General Manager of Lilly Switzerland, Eli Lilly<\/li>\n\n\n\n<li>Rea Lal, Country Lead of Pfizer Switzerland, Pfizer<\/li>\n<\/ul>\n\n\n\n<p>Interpharma se r\u00e9jouit de pouvoir compter sur l\u2019engagement et les comp\u00e9tences de ces personnalit\u00e9s pour le bien de la place pharmaceutique suisse et de ses patient-e-s.<\/p>\n","protected":false},"excerpt":{"rendered":"<p>La place pharmaceutique suisse est sous pression: les nouvelles mesures de politique commerciale des \u00c9tats-Unis, la tendance mondiale \u00e0 la production r\u00e9gionale et des d\u00e9cisions r\u00e8glementaires ont un impact direct sur un site qui repr\u00e9sente 0.6% de part de march\u00e9, mais pr\u00e8s de 7% de la valeur ajout\u00e9e pharmaceutique mondiale. Lors de la journ\u00e9e de [&hellip;]<\/p>\n","protected":false},"author":7,"featured_media":15737,"comment_status":"closed","ping_status":"open","sticky":false,"template":"","format":"standard","meta":{"_acf_changed":false,"inline_featured_image":false,"footnotes":""},"tags":[54,178,179],"class_list":["post-16144","post","type-post","status-publish","format-standard","has-post-thumbnail","hentry","tag-medien-fr","tag-medienmitteilung","tag-medikamentenmarkt"],"acf":[],"yoast_head":"<!-- This site is optimized with the Yoast SEO Premium plugin v27.2 (Yoast SEO v27.2) - https:\/\/yoast.com\/product\/yoast-seo-premium-wordpress\/ -->\n<title>Communiqu\u00e9 de presse: Journ\u00e9e de l\u2019industrie pharmaceutique 2026: la place pharmaceutique suisse \u00e0 la crois\u00e9e des chemins - Interpharma<\/title>\n<meta name=\"robots\" content=\"index, follow, max-snippet:-1, max-image-preview:large, max-video-preview:-1\" \/>\n<link rel=\"canonical\" href=\"https:\/\/www.interpharma.ch\/fr\/blog\/medienmitteilung-tag-der-pharmazeutischen-industrie-2026-pharmastandort-schweiz-am-scheideweg\/\" \/>\n<meta property=\"og:locale\" content=\"fr_FR\" \/>\n<meta property=\"og:type\" content=\"article\" \/>\n<meta property=\"og:title\" content=\"Communiqu\u00e9 de presse: Journ\u00e9e de l\u2019industrie pharmaceutique 2026: la place pharmaceutique suisse \u00e0 la crois\u00e9e des chemins\" \/>\n<meta property=\"og:description\" content=\"La place pharmaceutique suisse est sous pression: les nouvelles mesures de politique commerciale des \u00c9tats-Unis, la tendance mondiale \u00e0 la production r\u00e9gionale et des d\u00e9cisions r\u00e8glementaires ont un impact direct sur un site qui repr\u00e9sente 0.6% de part de march\u00e9, mais pr\u00e8s de 7% de la valeur ajout\u00e9e pharmaceutique mondiale. Lors de la journ\u00e9e de [&hellip;]\" \/>\n<meta property=\"og:url\" content=\"https:\/\/www.interpharma.ch\/fr\/blog\/medienmitteilung-tag-der-pharmazeutischen-industrie-2026-pharmastandort-schweiz-am-scheideweg\/\" \/>\n<meta property=\"og:site_name\" content=\"Interpharma\" \/>\n<meta property=\"article:published_time\" content=\"2026-03-24T11:15:00+00:00\" \/>\n<meta property=\"article:modified_time\" content=\"2026-03-24T11:48:21+00:00\" \/>\n<meta property=\"og:image\" content=\"https:\/\/www.interpharma.ch\/wp-content\/uploads\/2026\/03\/Interpharma_home_hero.webp\" \/>\n\t<meta property=\"og:image:width\" content=\"1440\" \/>\n\t<meta property=\"og:image:height\" content=\"810\" \/>\n\t<meta property=\"og:image:type\" content=\"image\/webp\" \/>\n<meta name=\"author\" content=\"lukaskuemmerli\" \/>\n<meta name=\"twitter:card\" content=\"summary_large_image\" \/>\n<meta name=\"twitter:creator\" content=\"@interpharma_ch\" \/>\n<meta name=\"twitter:site\" content=\"@interpharma_ch\" \/>\n<meta name=\"twitter:label1\" content=\"\u00c9crit par\" \/>\n\t<meta name=\"twitter:data1\" content=\"lukaskuemmerli\" \/>\n\t<meta name=\"twitter:label2\" content=\"Dur\u00e9e de lecture estim\u00e9e\" \/>\n\t<meta name=\"twitter:data2\" content=\"4 minutes\" \/>\n<script type=\"application\/ld+json\" class=\"yoast-schema-graph\">{\"@context\":\"https:\/\/schema.org\",\"@graph\":[{\"@type\":\"Article\",\"@id\":\"https:\/\/www.interpharma.ch\/fr\/blog\/medienmitteilung-tag-der-pharmazeutischen-industrie-2026-pharmastandort-schweiz-am-scheideweg\/#article\",\"isPartOf\":{\"@id\":\"https:\/\/www.interpharma.ch\/fr\/blog\/medienmitteilung-tag-der-pharmazeutischen-industrie-2026-pharmastandort-schweiz-am-scheideweg\/\"},\"author\":{\"name\":\"lukaskuemmerli\",\"@id\":\"https:\/\/www.interpharma.ch\/#\/schema\/person\/2854d813965ba4a7feaeffbe96f8eadf\"},\"headline\":\"Communiqu\u00e9 de presse: Journ\u00e9e de l\u2019industrie pharmaceutique 2026: la place pharmaceutique suisse \u00e0 la crois\u00e9e des chemins\",\"datePublished\":\"2026-03-24T11:15:00+00:00\",\"dateModified\":\"2026-03-24T11:48:21+00:00\",\"mainEntityOfPage\":{\"@id\":\"https:\/\/www.interpharma.ch\/fr\/blog\/medienmitteilung-tag-der-pharmazeutischen-industrie-2026-pharmastandort-schweiz-am-scheideweg\/\"},\"wordCount\":592,\"publisher\":{\"@id\":\"https:\/\/www.interpharma.ch\/#organization\"},\"image\":{\"@id\":\"https:\/\/www.interpharma.ch\/fr\/blog\/medienmitteilung-tag-der-pharmazeutischen-industrie-2026-pharmastandort-schweiz-am-scheideweg\/#primaryimage\"},\"thumbnailUrl\":\"https:\/\/www.interpharma.ch\/wp-content\/uploads\/2026\/03\/Interpharma_home_hero.webp\",\"keywords\":[\"M\u00e9dias\",\"Medienmitteilungen\",\"Medikamentenmarkt\"],\"inLanguage\":\"fr-FR\",\"copyrightYear\":\"2026\",\"copyrightHolder\":{\"@id\":\"https:\/\/www.interpharma.ch\/#organization\"}},{\"@type\":\"WebPage\",\"@id\":\"https:\/\/www.interpharma.ch\/fr\/blog\/medienmitteilung-tag-der-pharmazeutischen-industrie-2026-pharmastandort-schweiz-am-scheideweg\/\",\"url\":\"https:\/\/www.interpharma.ch\/fr\/blog\/medienmitteilung-tag-der-pharmazeutischen-industrie-2026-pharmastandort-schweiz-am-scheideweg\/\",\"name\":\"Communiqu\u00e9 de presse: Journ\u00e9e de l\u2019industrie pharmaceutique 2026: la place pharmaceutique suisse \u00e0 la crois\u00e9e des chemins - Interpharma\",\"isPartOf\":{\"@id\":\"https:\/\/www.interpharma.ch\/#website\"},\"primaryImageOfPage\":{\"@id\":\"https:\/\/www.interpharma.ch\/fr\/blog\/medienmitteilung-tag-der-pharmazeutischen-industrie-2026-pharmastandort-schweiz-am-scheideweg\/#primaryimage\"},\"image\":{\"@id\":\"https:\/\/www.interpharma.ch\/fr\/blog\/medienmitteilung-tag-der-pharmazeutischen-industrie-2026-pharmastandort-schweiz-am-scheideweg\/#primaryimage\"},\"thumbnailUrl\":\"https:\/\/www.interpharma.ch\/wp-content\/uploads\/2026\/03\/Interpharma_home_hero.webp\",\"datePublished\":\"2026-03-24T11:15:00+00:00\",\"dateModified\":\"2026-03-24T11:48:21+00:00\",\"breadcrumb\":{\"@id\":\"https:\/\/www.interpharma.ch\/fr\/blog\/medienmitteilung-tag-der-pharmazeutischen-industrie-2026-pharmastandort-schweiz-am-scheideweg\/#breadcrumb\"},\"inLanguage\":\"fr-FR\",\"potentialAction\":[{\"@type\":\"ReadAction\",\"target\":[\"https:\/\/www.interpharma.ch\/fr\/blog\/medienmitteilung-tag-der-pharmazeutischen-industrie-2026-pharmastandort-schweiz-am-scheideweg\/\"]}]},{\"@type\":\"ImageObject\",\"inLanguage\":\"fr-FR\",\"@id\":\"https:\/\/www.interpharma.ch\/fr\/blog\/medienmitteilung-tag-der-pharmazeutischen-industrie-2026-pharmastandort-schweiz-am-scheideweg\/#primaryimage\",\"url\":\"https:\/\/www.interpharma.ch\/wp-content\/uploads\/2026\/03\/Interpharma_home_hero.webp\",\"contentUrl\":\"https:\/\/www.interpharma.ch\/wp-content\/uploads\/2026\/03\/Interpharma_home_hero.webp\",\"width\":1440,\"height\":810},{\"@type\":\"BreadcrumbList\",\"@id\":\"https:\/\/www.interpharma.ch\/fr\/blog\/medienmitteilung-tag-der-pharmazeutischen-industrie-2026-pharmastandort-schweiz-am-scheideweg\/#breadcrumb\",\"itemListElement\":[{\"@type\":\"ListItem\",\"position\":1,\"name\":\"Startseite\",\"item\":\"https:\/\/www.interpharma.ch\/fr\/\"},{\"@type\":\"ListItem\",\"position\":2,\"name\":\"Communiqu\u00e9 de presse: Journ\u00e9e de l\u2019industrie pharmaceutique 2026: la place pharmaceutique suisse \u00e0 la crois\u00e9e des chemins\"}]},{\"@type\":\"WebSite\",\"@id\":\"https:\/\/www.interpharma.ch\/#website\",\"url\":\"https:\/\/www.interpharma.ch\/\",\"name\":\"Interpharma\",\"description\":\"Verband der forschenden Pharmazeutischen Firmen\",\"publisher\":{\"@id\":\"https:\/\/www.interpharma.ch\/#organization\"},\"potentialAction\":[{\"@type\":\"SearchAction\",\"target\":{\"@type\":\"EntryPoint\",\"urlTemplate\":\"https:\/\/www.interpharma.ch\/?s={search_term_string}\"},\"query-input\":{\"@type\":\"PropertyValueSpecification\",\"valueRequired\":true,\"valueName\":\"search_term_string\"}}],\"inLanguage\":\"fr-FR\"},{\"@type\":\"Organization\",\"@id\":\"https:\/\/www.interpharma.ch\/#organization\",\"name\":\"Interpharma\",\"url\":\"https:\/\/www.interpharma.ch\/\",\"logo\":{\"@type\":\"ImageObject\",\"inLanguage\":\"fr-FR\",\"@id\":\"https:\/\/www.interpharma.ch\/#\/schema\/logo\/image\/\",\"url\":\"https:\/\/interpharma.ch\/wp-content\/uploads\/2026\/03\/20251014_iph_logo_wort_bildmarke_rgb_final_cu01.svg\",\"contentUrl\":\"https:\/\/interpharma.ch\/wp-content\/uploads\/2026\/03\/20251014_iph_logo_wort_bildmarke_rgb_final_cu01.svg\",\"width\":\"1200\",\"height\":\"1200\",\"caption\":\"Interpharma\"},\"image\":{\"@id\":\"https:\/\/www.interpharma.ch\/#\/schema\/logo\/image\/\"},\"sameAs\":[\"https:\/\/x.com\/interpharma_ch\",\"https:\/\/ch.linkedin.com\/company\/interpharma\",\"https:\/\/www.instagram.com\/interpharma_ch\/\"]},{\"@type\":\"Person\",\"@id\":\"https:\/\/www.interpharma.ch\/#\/schema\/person\/2854d813965ba4a7feaeffbe96f8eadf\",\"name\":\"lukaskuemmerli\",\"image\":{\"@type\":\"ImageObject\",\"inLanguage\":\"fr-FR\",\"@id\":\"https:\/\/secure.gravatar.com\/avatar\/c3bfeac2b6c479264ad184573779a451a81113f9e7cbabe607006461ca783d10?s=96&d=mm&r=g\",\"url\":\"https:\/\/secure.gravatar.com\/avatar\/c3bfeac2b6c479264ad184573779a451a81113f9e7cbabe607006461ca783d10?s=96&d=mm&r=g\",\"contentUrl\":\"https:\/\/secure.gravatar.com\/avatar\/c3bfeac2b6c479264ad184573779a451a81113f9e7cbabe607006461ca783d10?s=96&d=mm&r=g\",\"caption\":\"lukaskuemmerli\"}}]}<\/script>\n<!-- \/ Yoast SEO Premium plugin. -->","yoast_head_json":{"title":"Communiqu\u00e9 de presse: Journ\u00e9e de l\u2019industrie pharmaceutique 2026: la place pharmaceutique suisse \u00e0 la crois\u00e9e des chemins - Interpharma","robots":{"index":"index","follow":"follow","max-snippet":"max-snippet:-1","max-image-preview":"max-image-preview:large","max-video-preview":"max-video-preview:-1"},"canonical":"https:\/\/www.interpharma.ch\/fr\/blog\/medienmitteilung-tag-der-pharmazeutischen-industrie-2026-pharmastandort-schweiz-am-scheideweg\/","og_locale":"fr_FR","og_type":"article","og_title":"Communiqu\u00e9 de presse: Journ\u00e9e de l\u2019industrie pharmaceutique 2026: la place pharmaceutique suisse \u00e0 la crois\u00e9e des chemins","og_description":"La place pharmaceutique suisse est sous pression: les nouvelles mesures de politique commerciale des \u00c9tats-Unis, la tendance mondiale \u00e0 la production r\u00e9gionale et des d\u00e9cisions r\u00e8glementaires ont un impact direct sur un site qui repr\u00e9sente 0.6% de part de march\u00e9, mais pr\u00e8s de 7% de la valeur ajout\u00e9e pharmaceutique mondiale. Lors de la journ\u00e9e de [&hellip;]","og_url":"https:\/\/www.interpharma.ch\/fr\/blog\/medienmitteilung-tag-der-pharmazeutischen-industrie-2026-pharmastandort-schweiz-am-scheideweg\/","og_site_name":"Interpharma","article_published_time":"2026-03-24T11:15:00+00:00","article_modified_time":"2026-03-24T11:48:21+00:00","og_image":[{"width":1440,"height":810,"url":"https:\/\/www.interpharma.ch\/wp-content\/uploads\/2026\/03\/Interpharma_home_hero.webp","type":"image\/webp"}],"author":"lukaskuemmerli","twitter_card":"summary_large_image","twitter_creator":"@interpharma_ch","twitter_site":"@interpharma_ch","twitter_misc":{"\u00c9crit par":"lukaskuemmerli","Dur\u00e9e de lecture estim\u00e9e":"4 minutes"},"schema":{"@context":"https:\/\/schema.org","@graph":[{"@type":"Article","@id":"https:\/\/www.interpharma.ch\/fr\/blog\/medienmitteilung-tag-der-pharmazeutischen-industrie-2026-pharmastandort-schweiz-am-scheideweg\/#article","isPartOf":{"@id":"https:\/\/www.interpharma.ch\/fr\/blog\/medienmitteilung-tag-der-pharmazeutischen-industrie-2026-pharmastandort-schweiz-am-scheideweg\/"},"author":{"name":"lukaskuemmerli","@id":"https:\/\/www.interpharma.ch\/#\/schema\/person\/2854d813965ba4a7feaeffbe96f8eadf"},"headline":"Communiqu\u00e9 de presse: Journ\u00e9e de l\u2019industrie pharmaceutique 2026: la place pharmaceutique suisse \u00e0 la crois\u00e9e des chemins","datePublished":"2026-03-24T11:15:00+00:00","dateModified":"2026-03-24T11:48:21+00:00","mainEntityOfPage":{"@id":"https:\/\/www.interpharma.ch\/fr\/blog\/medienmitteilung-tag-der-pharmazeutischen-industrie-2026-pharmastandort-schweiz-am-scheideweg\/"},"wordCount":592,"publisher":{"@id":"https:\/\/www.interpharma.ch\/#organization"},"image":{"@id":"https:\/\/www.interpharma.ch\/fr\/blog\/medienmitteilung-tag-der-pharmazeutischen-industrie-2026-pharmastandort-schweiz-am-scheideweg\/#primaryimage"},"thumbnailUrl":"https:\/\/www.interpharma.ch\/wp-content\/uploads\/2026\/03\/Interpharma_home_hero.webp","keywords":["M\u00e9dias","Medienmitteilungen","Medikamentenmarkt"],"inLanguage":"fr-FR","copyrightYear":"2026","copyrightHolder":{"@id":"https:\/\/www.interpharma.ch\/#organization"}},{"@type":"WebPage","@id":"https:\/\/www.interpharma.ch\/fr\/blog\/medienmitteilung-tag-der-pharmazeutischen-industrie-2026-pharmastandort-schweiz-am-scheideweg\/","url":"https:\/\/www.interpharma.ch\/fr\/blog\/medienmitteilung-tag-der-pharmazeutischen-industrie-2026-pharmastandort-schweiz-am-scheideweg\/","name":"Communiqu\u00e9 de presse: Journ\u00e9e de l\u2019industrie pharmaceutique 2026: la place pharmaceutique suisse \u00e0 la crois\u00e9e des chemins - Interpharma","isPartOf":{"@id":"https:\/\/www.interpharma.ch\/#website"},"primaryImageOfPage":{"@id":"https:\/\/www.interpharma.ch\/fr\/blog\/medienmitteilung-tag-der-pharmazeutischen-industrie-2026-pharmastandort-schweiz-am-scheideweg\/#primaryimage"},"image":{"@id":"https:\/\/www.interpharma.ch\/fr\/blog\/medienmitteilung-tag-der-pharmazeutischen-industrie-2026-pharmastandort-schweiz-am-scheideweg\/#primaryimage"},"thumbnailUrl":"https:\/\/www.interpharma.ch\/wp-content\/uploads\/2026\/03\/Interpharma_home_hero.webp","datePublished":"2026-03-24T11:15:00+00:00","dateModified":"2026-03-24T11:48:21+00:00","breadcrumb":{"@id":"https:\/\/www.interpharma.ch\/fr\/blog\/medienmitteilung-tag-der-pharmazeutischen-industrie-2026-pharmastandort-schweiz-am-scheideweg\/#breadcrumb"},"inLanguage":"fr-FR","potentialAction":[{"@type":"ReadAction","target":["https:\/\/www.interpharma.ch\/fr\/blog\/medienmitteilung-tag-der-pharmazeutischen-industrie-2026-pharmastandort-schweiz-am-scheideweg\/"]}]},{"@type":"ImageObject","inLanguage":"fr-FR","@id":"https:\/\/www.interpharma.ch\/fr\/blog\/medienmitteilung-tag-der-pharmazeutischen-industrie-2026-pharmastandort-schweiz-am-scheideweg\/#primaryimage","url":"https:\/\/www.interpharma.ch\/wp-content\/uploads\/2026\/03\/Interpharma_home_hero.webp","contentUrl":"https:\/\/www.interpharma.ch\/wp-content\/uploads\/2026\/03\/Interpharma_home_hero.webp","width":1440,"height":810},{"@type":"BreadcrumbList","@id":"https:\/\/www.interpharma.ch\/fr\/blog\/medienmitteilung-tag-der-pharmazeutischen-industrie-2026-pharmastandort-schweiz-am-scheideweg\/#breadcrumb","itemListElement":[{"@type":"ListItem","position":1,"name":"Startseite","item":"https:\/\/www.interpharma.ch\/fr\/"},{"@type":"ListItem","position":2,"name":"Communiqu\u00e9 de presse: Journ\u00e9e de l\u2019industrie pharmaceutique 2026: la place pharmaceutique suisse \u00e0 la crois\u00e9e des chemins"}]},{"@type":"WebSite","@id":"https:\/\/www.interpharma.ch\/#website","url":"https:\/\/www.interpharma.ch\/","name":"Interpharma","description":"Verband der forschenden Pharmazeutischen Firmen","publisher":{"@id":"https:\/\/www.interpharma.ch\/#organization"},"potentialAction":[{"@type":"SearchAction","target":{"@type":"EntryPoint","urlTemplate":"https:\/\/www.interpharma.ch\/?s={search_term_string}"},"query-input":{"@type":"PropertyValueSpecification","valueRequired":true,"valueName":"search_term_string"}}],"inLanguage":"fr-FR"},{"@type":"Organization","@id":"https:\/\/www.interpharma.ch\/#organization","name":"Interpharma","url":"https:\/\/www.interpharma.ch\/","logo":{"@type":"ImageObject","inLanguage":"fr-FR","@id":"https:\/\/www.interpharma.ch\/#\/schema\/logo\/image\/","url":"https:\/\/interpharma.ch\/wp-content\/uploads\/2026\/03\/20251014_iph_logo_wort_bildmarke_rgb_final_cu01.svg","contentUrl":"https:\/\/interpharma.ch\/wp-content\/uploads\/2026\/03\/20251014_iph_logo_wort_bildmarke_rgb_final_cu01.svg","width":"1200","height":"1200","caption":"Interpharma"},"image":{"@id":"https:\/\/www.interpharma.ch\/#\/schema\/logo\/image\/"},"sameAs":["https:\/\/x.com\/interpharma_ch","https:\/\/ch.linkedin.com\/company\/interpharma","https:\/\/www.instagram.com\/interpharma_ch\/"]},{"@type":"Person","@id":"https:\/\/www.interpharma.ch\/#\/schema\/person\/2854d813965ba4a7feaeffbe96f8eadf","name":"lukaskuemmerli","image":{"@type":"ImageObject","inLanguage":"fr-FR","@id":"https:\/\/secure.gravatar.com\/avatar\/c3bfeac2b6c479264ad184573779a451a81113f9e7cbabe607006461ca783d10?s=96&d=mm&r=g","url":"https:\/\/secure.gravatar.com\/avatar\/c3bfeac2b6c479264ad184573779a451a81113f9e7cbabe607006461ca783d10?s=96&d=mm&r=g","contentUrl":"https:\/\/secure.gravatar.com\/avatar\/c3bfeac2b6c479264ad184573779a451a81113f9e7cbabe607006461ca783d10?s=96&d=mm&r=g","caption":"lukaskuemmerli"}}]}},"_links":{"self":[{"href":"https:\/\/www.interpharma.ch\/fr\/wp-json\/wp\/v2\/posts\/16144","targetHints":{"allow":["GET"]}}],"collection":[{"href":"https:\/\/www.interpharma.ch\/fr\/wp-json\/wp\/v2\/posts"}],"about":[{"href":"https:\/\/www.interpharma.ch\/fr\/wp-json\/wp\/v2\/types\/post"}],"author":[{"embeddable":true,"href":"https:\/\/www.interpharma.ch\/fr\/wp-json\/wp\/v2\/users\/7"}],"replies":[{"embeddable":true,"href":"https:\/\/www.interpharma.ch\/fr\/wp-json\/wp\/v2\/comments?post=16144"}],"version-history":[{"count":5,"href":"https:\/\/www.interpharma.ch\/fr\/wp-json\/wp\/v2\/posts\/16144\/revisions"}],"predecessor-version":[{"id":16184,"href":"https:\/\/www.interpharma.ch\/fr\/wp-json\/wp\/v2\/posts\/16144\/revisions\/16184"}],"wp:featuredmedia":[{"embeddable":true,"href":"https:\/\/www.interpharma.ch\/fr\/wp-json\/wp\/v2\/media\/15737"}],"wp:attachment":[{"href":"https:\/\/www.interpharma.ch\/fr\/wp-json\/wp\/v2\/media?parent=16144"}],"wp:term":[{"taxonomy":"post_tag","embeddable":true,"href":"https:\/\/www.interpharma.ch\/fr\/wp-json\/wp\/v2\/tags?post=16144"}],"curies":[{"name":"wp","href":"https:\/\/api.w.org\/{rel}","templated":true}]}}