{"id":13814,"date":"2020-08-12T09:00:00","date_gmt":"2020-08-12T07:00:00","guid":{"rendered":"https:\/\/iph-multisite.berta-bewegt.ch\/?p=13814"},"modified":"2026-03-03T11:04:27","modified_gmt":"2026-03-03T10:04:27","slug":"assurer-lacces-des-patients-a-linnovation","status":"publish","type":"post","link":"https:\/\/www.interpharma.ch\/fr\/blog\/assurer-lacces-des-patients-a-linnovation\/","title":{"rendered":"Assurer l\u2019acc\u00e8s des patients \u00e0 l\u2019innovation"},"content":{"rendered":"\n<figure class=\"wp-block-image size-large\"><img decoding=\"async\" src=\"https:\/\/interpharma.ch\/wp-content\/uploads\/2020\/07\/Bild_patienten_mittellpunkt-1008x1024.jpg\" alt=\"\" class=\"wp-image-7733\"\/><\/figure>\n\n\n\n<p>La m\u00e9decine\npersonnalis\u00e9e fait, aujourd\u2019hui d\u00e9j\u00e0, partie int\u00e9grante de la strat\u00e9gie des\nentreprises pharmaceutiques pratiquant la recherche. Celles-ci sont actives\ndans quatre grandes \u00e9tapes du parcours de soins : la pr\u00e9vention, le diagnostic,\nle traitement et le suivi. Cela permet une meilleure prise en charge des\npatients et une meilleure efficacit\u00e9 des traitements. Les membres d\u2019Interpharma\ninvestissent quelques 7 milliards de francs par an en recherche et\nd\u00e9veloppement en Suisse (soit le double du chiffre d\u2019affaires qu\u2019elles\nr\u00e9alisent dans notre pays) pour trouver de nouvelles fa\u00e7ons de traiter et\ngu\u00e9rir les patients. Ces derni\u00e8res ann\u00e9es, la recherche biopharmaceutique a\naccompli de v\u00e9ritables perc\u00e9es pour les patients. Des maladies autrefois\nmortelles ou tr\u00e8s invalidantes peuvent aujourd\u2019hui \u00eatre soign\u00e9es, voire\ngu\u00e9ries. Les d\u00e9veloppements dans le domaine des th\u00e9rapies g\u00e9niques, de\nl\u2019oncologie et de la m\u00e9decine personnalis\u00e9e continuent \u00e0 avancer \u00e0 grands pas.<\/p>\n\n\n\n<h3 class=\"wp-block-heading\">Des investissements importants<\/h3>\n\n\n\n<p>Cette \u00e9volution rapide est une excellente nouvelle pour les patients, notamment pour les patients atteints de maladie rares. Toutefois, elle pose aussi des d\u00e9fis pour toutes les parties prenantes en particulier les responsables des assurances sociales comme l\u2019Office f\u00e9d\u00e9ral de la sant\u00e9 publique (OFSP). Ces nouveaux traitements n\u2019ont souvent besoin que d\u2019une seule application et apportent un b\u00e9n\u00e9fice, non seulement au patient, mais aussi pour l\u2019ensemble de la soci\u00e9t\u00e9, notamment parce que les patients se r\u00e9tablissent plus vite, ou avec moins d\u2019effets secondaires. Certains, notamment les th\u00e9rapies g\u00e9niques, sont des produits particuli\u00e8rement complexes, que l\u2019on n\u2019a pas l\u2019habitude de fabriquer et pour lesquels il faut mettre sur pied toute une nouvelle fili\u00e8re pharmaceutique. Les investissements sont donc importants en terme d\u2019infrastructures et de fili\u00e8re de distribution. Par ailleurs, les m\u00e9dicaments ne peuvent pas se permettre le moindre d\u00e9faut. La s\u00e9curit\u00e9 des patients doit \u00eatre garantie \u00e0 tous les stades de la fabrication et la distribution. <\/p>\n\n\n\n<h3 class=\"wp-block-heading\">Aux limites du syst\u00e8me<\/h3>\n\n\n\n<p>Le syst\u00e8me standard actuel de remboursement des m\u00e9dicaments a fait ses preuves, mais il atteint de ce fait ses limites. Les m\u00e9dicaments orphelins font souvent l\u2019objet d\u2019un processus de fixation des prix plus complexe que les autres (soit selon la liste des sp\u00e9cialit\u00e9s, soit selon l&rsquo;art. 71b OAMal) et les patients atteints de maladies rares sont ainsi souvent nettement moins bien lotis en termes d\u2019acc\u00e8s et de remboursement. <\/p>\n\n\n\n<h3 class=\"wp-block-heading\">Des propositions concr\u00e8tes<\/h3>\n\n\n\n<p>Interpharma et ses membres ne souhaitent pas le d\u00e9veloppement d\u2019une m\u00e9decine \u00e0 deux vitesses qui mettrait en danger les fondations du syst\u00e8me de sant\u00e9 suisse. C\u2019est pourquoi, Interpharma est en dialogue \u00e9troit avec l\u2019ensemble des acteurs du syst\u00e8me de sant\u00e9 et a fait des propositions concr\u00e8tes aux autorit\u00e9s fin 2019. Les entreprises pharmaceutiques s\u2019engagent pour des mod\u00e8les de prix souples, comme par exemple des m\u00e9canismes appel\u00e9s \u00abPay for response\u00bb, dans lesquels l\u2019entreprise prend les co\u00fbts \u00e0 sa charge si le m\u00e9dicament n\u2019agit pas ou si le traitement doit \u00eatre interrompu en raison d\u2019effets secondaires inattendus. On peut aussi envisager des mod\u00e8les de paiements par tranches pour r\u00e9duire l\u2019impact de chaque paiement sur le budget. La m\u00e9decine personnalis\u00e9e est une chance pour les patients et la place de la recherche suisse. <\/p>\n\n\n\n<p> Cet article est paru  dans le num\u00e9ro 6\/2020 de <em>Competence<\/em><\/p>\n","protected":false},"excerpt":{"rendered":"<p>La m\u00e9decine personnalis\u00e9e fait, aujourd\u2019hui d\u00e9j\u00e0, partie int\u00e9grante de la strat\u00e9gie des entreprises pharmaceutiques pratiquant la recherche. Celles-ci sont actives dans quatre grandes \u00e9tapes du parcours de soins : la pr\u00e9vention, le diagnostic, le traitement et le suivi. Cela permet une meilleure prise en charge des patients et une meilleure efficacit\u00e9 des traitements. Les membres [&hellip;]<\/p>\n","protected":false},"author":1,"featured_media":0,"comment_status":"closed","ping_status":"open","sticky":false,"template":"","format":"standard","meta":{"_acf_changed":false,"inline_featured_image":false,"footnotes":""},"tags":[120,146],"class_list":["post-13814","post","type-post","status-publish","format-standard","hentry","tag-innovation-fr","tag-medecine-personnalisee"],"acf":[],"yoast_head":"<!-- This site is optimized with the Yoast SEO Premium plugin v27.2 (Yoast SEO v27.2) - https:\/\/yoast.com\/product\/yoast-seo-premium-wordpress\/ -->\n<title>Assurer l\u2019acc\u00e8s des patients \u00e0 l\u2019innovation - Interpharma<\/title>\n<meta name=\"robots\" content=\"index, follow, max-snippet:-1, max-image-preview:large, max-video-preview:-1\" \/>\n<link rel=\"canonical\" href=\"https:\/\/www.interpharma.ch\/fr\/blog\/assurer-lacces-des-patients-a-linnovation\/\" \/>\n<meta property=\"og:locale\" content=\"fr_FR\" \/>\n<meta property=\"og:type\" content=\"article\" \/>\n<meta property=\"og:title\" content=\"Assurer l\u2019acc\u00e8s des patients \u00e0 l\u2019innovation\" \/>\n<meta property=\"og:description\" content=\"La m\u00e9decine personnalis\u00e9e fait, aujourd\u2019hui d\u00e9j\u00e0, partie int\u00e9grante de la strat\u00e9gie des entreprises pharmaceutiques pratiquant la recherche. Celles-ci sont actives dans quatre grandes \u00e9tapes du parcours de soins : la pr\u00e9vention, le diagnostic, le traitement et le suivi. Cela permet une meilleure prise en charge des patients et une meilleure efficacit\u00e9 des traitements. Les membres [&hellip;]\" \/>\n<meta property=\"og:url\" content=\"https:\/\/www.interpharma.ch\/fr\/blog\/assurer-lacces-des-patients-a-linnovation\/\" \/>\n<meta property=\"og:site_name\" content=\"Interpharma\" \/>\n<meta property=\"article:published_time\" content=\"2020-08-12T07:00:00+00:00\" \/>\n<meta property=\"article:modified_time\" content=\"2026-03-03T10:04:27+00:00\" \/>\n<meta property=\"og:image\" content=\"https:\/\/interpharma.ch\/wp-content\/uploads\/2020\/07\/Bild_patienten_mittellpunkt-1008x1024.jpg\" \/>\n<meta name=\"author\" content=\"berta_admin\" \/>\n<meta name=\"twitter:card\" content=\"summary_large_image\" \/>\n<meta name=\"twitter:creator\" content=\"@interpharma_ch\" \/>\n<meta name=\"twitter:site\" content=\"@interpharma_ch\" \/>\n<meta name=\"twitter:label1\" content=\"\u00c9crit par\" \/>\n\t<meta name=\"twitter:data1\" content=\"berta_admin\" \/>\n\t<meta name=\"twitter:label2\" content=\"Dur\u00e9e de lecture estim\u00e9e\" \/>\n\t<meta name=\"twitter:data2\" content=\"4 minutes\" \/>\n<script type=\"application\/ld+json\" class=\"yoast-schema-graph\">{\"@context\":\"https:\/\/schema.org\",\"@graph\":[{\"@type\":\"Article\",\"@id\":\"https:\/\/www.interpharma.ch\/fr\/blog\/assurer-lacces-des-patients-a-linnovation\/#article\",\"isPartOf\":{\"@id\":\"https:\/\/www.interpharma.ch\/fr\/blog\/assurer-lacces-des-patients-a-linnovation\/\"},\"author\":{\"name\":\"berta_admin\",\"@id\":\"https:\/\/www.interpharma.ch\/#\/schema\/person\/1302f3da278bb3f8995756877d107818\"},\"headline\":\"Assurer l\u2019acc\u00e8s des patients \u00e0 l\u2019innovation\",\"datePublished\":\"2020-08-12T07:00:00+00:00\",\"dateModified\":\"2026-03-03T10:04:27+00:00\",\"mainEntityOfPage\":{\"@id\":\"https:\/\/www.interpharma.ch\/fr\/blog\/assurer-lacces-des-patients-a-linnovation\/\"},\"wordCount\":600,\"publisher\":{\"@id\":\"https:\/\/www.interpharma.ch\/#organization\"},\"image\":{\"@id\":\"https:\/\/www.interpharma.ch\/fr\/blog\/assurer-lacces-des-patients-a-linnovation\/#primaryimage\"},\"thumbnailUrl\":\"https:\/\/interpharma.ch\/wp-content\/uploads\/2020\/07\/Bild_patienten_mittellpunkt-1008x1024.jpg\",\"keywords\":[\"Innovation\",\"m\u00e9decine personnalis\u00e9e\"],\"inLanguage\":\"fr-FR\",\"copyrightYear\":\"2020\",\"copyrightHolder\":{\"@id\":\"https:\/\/www.interpharma.ch\/#organization\"}},{\"@type\":\"WebPage\",\"@id\":\"https:\/\/www.interpharma.ch\/fr\/blog\/assurer-lacces-des-patients-a-linnovation\/\",\"url\":\"https:\/\/www.interpharma.ch\/fr\/blog\/assurer-lacces-des-patients-a-linnovation\/\",\"name\":\"Assurer l\u2019acc\u00e8s des patients \u00e0 l\u2019innovation - Interpharma\",\"isPartOf\":{\"@id\":\"https:\/\/www.interpharma.ch\/#website\"},\"primaryImageOfPage\":{\"@id\":\"https:\/\/www.interpharma.ch\/fr\/blog\/assurer-lacces-des-patients-a-linnovation\/#primaryimage\"},\"image\":{\"@id\":\"https:\/\/www.interpharma.ch\/fr\/blog\/assurer-lacces-des-patients-a-linnovation\/#primaryimage\"},\"thumbnailUrl\":\"https:\/\/interpharma.ch\/wp-content\/uploads\/2020\/07\/Bild_patienten_mittellpunkt-1008x1024.jpg\",\"datePublished\":\"2020-08-12T07:00:00+00:00\",\"dateModified\":\"2026-03-03T10:04:27+00:00\",\"breadcrumb\":{\"@id\":\"https:\/\/www.interpharma.ch\/fr\/blog\/assurer-lacces-des-patients-a-linnovation\/#breadcrumb\"},\"inLanguage\":\"fr-FR\",\"potentialAction\":[{\"@type\":\"ReadAction\",\"target\":[\"https:\/\/www.interpharma.ch\/fr\/blog\/assurer-lacces-des-patients-a-linnovation\/\"]}]},{\"@type\":\"ImageObject\",\"inLanguage\":\"fr-FR\",\"@id\":\"https:\/\/www.interpharma.ch\/fr\/blog\/assurer-lacces-des-patients-a-linnovation\/#primaryimage\",\"url\":\"https:\/\/interpharma.ch\/wp-content\/uploads\/2020\/07\/Bild_patienten_mittellpunkt-1008x1024.jpg\",\"contentUrl\":\"https:\/\/interpharma.ch\/wp-content\/uploads\/2020\/07\/Bild_patienten_mittellpunkt-1008x1024.jpg\"},{\"@type\":\"BreadcrumbList\",\"@id\":\"https:\/\/www.interpharma.ch\/fr\/blog\/assurer-lacces-des-patients-a-linnovation\/#breadcrumb\",\"itemListElement\":[{\"@type\":\"ListItem\",\"position\":1,\"name\":\"Startseite\",\"item\":\"https:\/\/www.interpharma.ch\/fr\/\"},{\"@type\":\"ListItem\",\"position\":2,\"name\":\"Assurer l\u2019acc\u00e8s des patients \u00e0 l\u2019innovation\"}]},{\"@type\":\"WebSite\",\"@id\":\"https:\/\/www.interpharma.ch\/#website\",\"url\":\"https:\/\/www.interpharma.ch\/\",\"name\":\"Interpharma\",\"description\":\"Verband der forschenden Pharmazeutischen Firmen\",\"publisher\":{\"@id\":\"https:\/\/www.interpharma.ch\/#organization\"},\"potentialAction\":[{\"@type\":\"SearchAction\",\"target\":{\"@type\":\"EntryPoint\",\"urlTemplate\":\"https:\/\/www.interpharma.ch\/?s={search_term_string}\"},\"query-input\":{\"@type\":\"PropertyValueSpecification\",\"valueRequired\":true,\"valueName\":\"search_term_string\"}}],\"inLanguage\":\"fr-FR\"},{\"@type\":\"Organization\",\"@id\":\"https:\/\/www.interpharma.ch\/#organization\",\"name\":\"Interpharma\",\"url\":\"https:\/\/www.interpharma.ch\/\",\"logo\":{\"@type\":\"ImageObject\",\"inLanguage\":\"fr-FR\",\"@id\":\"https:\/\/www.interpharma.ch\/#\/schema\/logo\/image\/\",\"url\":\"https:\/\/interpharma.ch\/wp-content\/uploads\/2026\/03\/20251014_iph_logo_wort_bildmarke_rgb_final_cu01.svg\",\"contentUrl\":\"https:\/\/interpharma.ch\/wp-content\/uploads\/2026\/03\/20251014_iph_logo_wort_bildmarke_rgb_final_cu01.svg\",\"width\":\"1200\",\"height\":\"1200\",\"caption\":\"Interpharma\"},\"image\":{\"@id\":\"https:\/\/www.interpharma.ch\/#\/schema\/logo\/image\/\"},\"sameAs\":[\"https:\/\/x.com\/interpharma_ch\",\"https:\/\/ch.linkedin.com\/company\/interpharma\",\"https:\/\/www.instagram.com\/interpharma_ch\/\"]},{\"@type\":\"Person\",\"@id\":\"https:\/\/www.interpharma.ch\/#\/schema\/person\/1302f3da278bb3f8995756877d107818\",\"name\":\"berta_admin\",\"image\":{\"@type\":\"ImageObject\",\"inLanguage\":\"fr-FR\",\"@id\":\"https:\/\/secure.gravatar.com\/avatar\/a2aeb00900e30743ff2859dfc3dd11cf7e64bb4ec7a1f349ee3772658a1d087d?s=96&d=mm&r=g\",\"url\":\"https:\/\/secure.gravatar.com\/avatar\/a2aeb00900e30743ff2859dfc3dd11cf7e64bb4ec7a1f349ee3772658a1d087d?s=96&d=mm&r=g\",\"contentUrl\":\"https:\/\/secure.gravatar.com\/avatar\/a2aeb00900e30743ff2859dfc3dd11cf7e64bb4ec7a1f349ee3772658a1d087d?s=96&d=mm&r=g\",\"caption\":\"berta_admin\"},\"sameAs\":[\"https:\/\/interpharma.ch\"]}]}<\/script>\n<!-- \/ Yoast SEO Premium plugin. -->","yoast_head_json":{"title":"Assurer l\u2019acc\u00e8s des patients \u00e0 l\u2019innovation - Interpharma","robots":{"index":"index","follow":"follow","max-snippet":"max-snippet:-1","max-image-preview":"max-image-preview:large","max-video-preview":"max-video-preview:-1"},"canonical":"https:\/\/www.interpharma.ch\/fr\/blog\/assurer-lacces-des-patients-a-linnovation\/","og_locale":"fr_FR","og_type":"article","og_title":"Assurer l\u2019acc\u00e8s des patients \u00e0 l\u2019innovation","og_description":"La m\u00e9decine personnalis\u00e9e fait, aujourd\u2019hui d\u00e9j\u00e0, partie int\u00e9grante de la strat\u00e9gie des entreprises pharmaceutiques pratiquant la recherche. Celles-ci sont actives dans quatre grandes \u00e9tapes du parcours de soins : la pr\u00e9vention, le diagnostic, le traitement et le suivi. Cela permet une meilleure prise en charge des patients et une meilleure efficacit\u00e9 des traitements. Les membres [&hellip;]","og_url":"https:\/\/www.interpharma.ch\/fr\/blog\/assurer-lacces-des-patients-a-linnovation\/","og_site_name":"Interpharma","article_published_time":"2020-08-12T07:00:00+00:00","article_modified_time":"2026-03-03T10:04:27+00:00","og_image":[{"url":"https:\/\/interpharma.ch\/wp-content\/uploads\/2020\/07\/Bild_patienten_mittellpunkt-1008x1024.jpg","type":"","width":"","height":""}],"author":"berta_admin","twitter_card":"summary_large_image","twitter_creator":"@interpharma_ch","twitter_site":"@interpharma_ch","twitter_misc":{"\u00c9crit par":"berta_admin","Dur\u00e9e de lecture estim\u00e9e":"4 minutes"},"schema":{"@context":"https:\/\/schema.org","@graph":[{"@type":"Article","@id":"https:\/\/www.interpharma.ch\/fr\/blog\/assurer-lacces-des-patients-a-linnovation\/#article","isPartOf":{"@id":"https:\/\/www.interpharma.ch\/fr\/blog\/assurer-lacces-des-patients-a-linnovation\/"},"author":{"name":"berta_admin","@id":"https:\/\/www.interpharma.ch\/#\/schema\/person\/1302f3da278bb3f8995756877d107818"},"headline":"Assurer l\u2019acc\u00e8s des patients \u00e0 l\u2019innovation","datePublished":"2020-08-12T07:00:00+00:00","dateModified":"2026-03-03T10:04:27+00:00","mainEntityOfPage":{"@id":"https:\/\/www.interpharma.ch\/fr\/blog\/assurer-lacces-des-patients-a-linnovation\/"},"wordCount":600,"publisher":{"@id":"https:\/\/www.interpharma.ch\/#organization"},"image":{"@id":"https:\/\/www.interpharma.ch\/fr\/blog\/assurer-lacces-des-patients-a-linnovation\/#primaryimage"},"thumbnailUrl":"https:\/\/interpharma.ch\/wp-content\/uploads\/2020\/07\/Bild_patienten_mittellpunkt-1008x1024.jpg","keywords":["Innovation","m\u00e9decine personnalis\u00e9e"],"inLanguage":"fr-FR","copyrightYear":"2020","copyrightHolder":{"@id":"https:\/\/www.interpharma.ch\/#organization"}},{"@type":"WebPage","@id":"https:\/\/www.interpharma.ch\/fr\/blog\/assurer-lacces-des-patients-a-linnovation\/","url":"https:\/\/www.interpharma.ch\/fr\/blog\/assurer-lacces-des-patients-a-linnovation\/","name":"Assurer l\u2019acc\u00e8s des patients \u00e0 l\u2019innovation - Interpharma","isPartOf":{"@id":"https:\/\/www.interpharma.ch\/#website"},"primaryImageOfPage":{"@id":"https:\/\/www.interpharma.ch\/fr\/blog\/assurer-lacces-des-patients-a-linnovation\/#primaryimage"},"image":{"@id":"https:\/\/www.interpharma.ch\/fr\/blog\/assurer-lacces-des-patients-a-linnovation\/#primaryimage"},"thumbnailUrl":"https:\/\/interpharma.ch\/wp-content\/uploads\/2020\/07\/Bild_patienten_mittellpunkt-1008x1024.jpg","datePublished":"2020-08-12T07:00:00+00:00","dateModified":"2026-03-03T10:04:27+00:00","breadcrumb":{"@id":"https:\/\/www.interpharma.ch\/fr\/blog\/assurer-lacces-des-patients-a-linnovation\/#breadcrumb"},"inLanguage":"fr-FR","potentialAction":[{"@type":"ReadAction","target":["https:\/\/www.interpharma.ch\/fr\/blog\/assurer-lacces-des-patients-a-linnovation\/"]}]},{"@type":"ImageObject","inLanguage":"fr-FR","@id":"https:\/\/www.interpharma.ch\/fr\/blog\/assurer-lacces-des-patients-a-linnovation\/#primaryimage","url":"https:\/\/interpharma.ch\/wp-content\/uploads\/2020\/07\/Bild_patienten_mittellpunkt-1008x1024.jpg","contentUrl":"https:\/\/interpharma.ch\/wp-content\/uploads\/2020\/07\/Bild_patienten_mittellpunkt-1008x1024.jpg"},{"@type":"BreadcrumbList","@id":"https:\/\/www.interpharma.ch\/fr\/blog\/assurer-lacces-des-patients-a-linnovation\/#breadcrumb","itemListElement":[{"@type":"ListItem","position":1,"name":"Startseite","item":"https:\/\/www.interpharma.ch\/fr\/"},{"@type":"ListItem","position":2,"name":"Assurer l\u2019acc\u00e8s des patients \u00e0 l\u2019innovation"}]},{"@type":"WebSite","@id":"https:\/\/www.interpharma.ch\/#website","url":"https:\/\/www.interpharma.ch\/","name":"Interpharma","description":"Verband der forschenden Pharmazeutischen Firmen","publisher":{"@id":"https:\/\/www.interpharma.ch\/#organization"},"potentialAction":[{"@type":"SearchAction","target":{"@type":"EntryPoint","urlTemplate":"https:\/\/www.interpharma.ch\/?s={search_term_string}"},"query-input":{"@type":"PropertyValueSpecification","valueRequired":true,"valueName":"search_term_string"}}],"inLanguage":"fr-FR"},{"@type":"Organization","@id":"https:\/\/www.interpharma.ch\/#organization","name":"Interpharma","url":"https:\/\/www.interpharma.ch\/","logo":{"@type":"ImageObject","inLanguage":"fr-FR","@id":"https:\/\/www.interpharma.ch\/#\/schema\/logo\/image\/","url":"https:\/\/interpharma.ch\/wp-content\/uploads\/2026\/03\/20251014_iph_logo_wort_bildmarke_rgb_final_cu01.svg","contentUrl":"https:\/\/interpharma.ch\/wp-content\/uploads\/2026\/03\/20251014_iph_logo_wort_bildmarke_rgb_final_cu01.svg","width":"1200","height":"1200","caption":"Interpharma"},"image":{"@id":"https:\/\/www.interpharma.ch\/#\/schema\/logo\/image\/"},"sameAs":["https:\/\/x.com\/interpharma_ch","https:\/\/ch.linkedin.com\/company\/interpharma","https:\/\/www.instagram.com\/interpharma_ch\/"]},{"@type":"Person","@id":"https:\/\/www.interpharma.ch\/#\/schema\/person\/1302f3da278bb3f8995756877d107818","name":"berta_admin","image":{"@type":"ImageObject","inLanguage":"fr-FR","@id":"https:\/\/secure.gravatar.com\/avatar\/a2aeb00900e30743ff2859dfc3dd11cf7e64bb4ec7a1f349ee3772658a1d087d?s=96&d=mm&r=g","url":"https:\/\/secure.gravatar.com\/avatar\/a2aeb00900e30743ff2859dfc3dd11cf7e64bb4ec7a1f349ee3772658a1d087d?s=96&d=mm&r=g","contentUrl":"https:\/\/secure.gravatar.com\/avatar\/a2aeb00900e30743ff2859dfc3dd11cf7e64bb4ec7a1f349ee3772658a1d087d?s=96&d=mm&r=g","caption":"berta_admin"},"sameAs":["https:\/\/interpharma.ch"]}]}},"_links":{"self":[{"href":"https:\/\/www.interpharma.ch\/fr\/wp-json\/wp\/v2\/posts\/13814","targetHints":{"allow":["GET"]}}],"collection":[{"href":"https:\/\/www.interpharma.ch\/fr\/wp-json\/wp\/v2\/posts"}],"about":[{"href":"https:\/\/www.interpharma.ch\/fr\/wp-json\/wp\/v2\/types\/post"}],"author":[{"embeddable":true,"href":"https:\/\/www.interpharma.ch\/fr\/wp-json\/wp\/v2\/users\/1"}],"replies":[{"embeddable":true,"href":"https:\/\/www.interpharma.ch\/fr\/wp-json\/wp\/v2\/comments?post=13814"}],"version-history":[{"count":1,"href":"https:\/\/www.interpharma.ch\/fr\/wp-json\/wp\/v2\/posts\/13814\/revisions"}],"predecessor-version":[{"id":13815,"href":"https:\/\/www.interpharma.ch\/fr\/wp-json\/wp\/v2\/posts\/13814\/revisions\/13815"}],"wp:attachment":[{"href":"https:\/\/www.interpharma.ch\/fr\/wp-json\/wp\/v2\/media?parent=13814"}],"wp:term":[{"taxonomy":"post_tag","embeddable":true,"href":"https:\/\/www.interpharma.ch\/fr\/wp-json\/wp\/v2\/tags?post=13814"}],"curies":[{"name":"wp","href":"https:\/\/api.w.org\/{rel}","templated":true}]}}