{"id":13153,"date":"2021-10-25T09:55:00","date_gmt":"2021-10-25T07:55:00","guid":{"rendered":"https:\/\/iph-multisite.berta-bewegt.ch\/?p=13153"},"modified":"2026-03-03T10:58:38","modified_gmt":"2026-03-03T09:58:38","slug":"la-recherche-continue-interpharma-lance-une-campagne-de-sensibilisation","status":"publish","type":"post","link":"https:\/\/www.interpharma.ch\/fr\/blog\/la-recherche-continue-interpharma-lance-une-campagne-de-sensibilisation\/","title":{"rendered":"\u00ab La recherche continue. \u00bb &#8211; Interpharma lance une campagne de sensibilisation"},"content":{"rendered":"\n<p><strong>Interpharma lance une campagne nationale intitul\u00e9e \u00ab\u00a0La recherche continue.\u00a0\u00bb L&rsquo;association attire ainsi l&rsquo;attention sur l&rsquo;engagement des entreprises pharmaceutiques suisses pratiquant la recherche. La campagne a \u00e9t\u00e9 \u00e9labor\u00e9e et mise en \u0153uvre par Wirz. <\/strong><\/p>\n\n\n\n<p>Les entreprises pharmaceutiques pratiquant la recherche sont un \u00e9l\u00e9ment moteur de la r\u00e9ussite \u00e9conomique et de la prosp\u00e9rit\u00e9 de la Suisse. Mais surtout, les chercheurs des entreprises membres d&rsquo;Interpharma travaillent sans rel\u00e2che \u00e0 de nouvelles innovations et \u00e0 des avanc\u00e9es d\u00e9cisives pour aider rapidement et efficacement les patientes et les patients. Tel est le message de la campagne nationale d&rsquo;Interpharma, qui d\u00e9bute aujourd&rsquo;hui. <\/p>\n\n\n\n<h2 class=\"wp-block-heading\"><strong>L&rsquo;industrie pharmaceutique d\u00e9pend de bonnes conditions cadres<\/strong>&nbsp;<\/h2>\n\n\n\n<p>Avec\u00a0<strong><a href=\"https:\/\/la-recherche-continue.ch\/?fdAdId=4ZMVWxdelW&amp;fdSiteId=RNwJq0fli3\">#larecherchecontinue<\/a><\/strong>,\u00a0Interpharma souhaite sensibiliser le public et souligner la contribution des entreprises pharmaceutiques au bien-\u00eatre de la population, ainsi que leur importance pour la Suisse en tant que place \u00e9conomique et d&rsquo;innovation. Une industrie pharmaceutique forte et innovante d\u00e9pend de bonnes conditions politiques et \u00e9conomiques. Toutefois, une large concertation et une compr\u00e9hension sociale des r\u00e9sultats obtenus par les entreprises pharmaceutiques au profit de la sant\u00e9 et de l&rsquo;\u00e9conomie en Suisse constituent une condition pr\u00e9alable.\u00a0<\/p>\n\n\n\n<h2 class=\"wp-block-heading\"><strong>Derri\u00e8re les innovations se cachent des chercheurs tenaces<\/strong>&nbsp;<\/h2>\n\n\n\n<p>Les \u00eatres humains sont au centre de la campagne. Ce sont des collaboratrices et des collaborateurs qui ont travaill\u00e9 pendant des ann\u00e9es avec courage, passion et pers\u00e9v\u00e9rance pour r\u00e9aliser de nouvelles perc\u00e9es et qui ne se laissent pas d\u00e9motiver, m\u00eame par de nombreux revers. Dans un total de 14 photographies, ils sont repr\u00e9sent\u00e9s dans leur environnement de travail r\u00e9el. Avec cette campagne, Avec cette campagne, Interpharma souhaite \u00e9galement contribuer \u00e0 sensibiliser le grand public aux prestations de l&rsquo;industrie pharmaceutique locale et de ses employ\u00e9s. <\/p>\n\n\n\n<h2 class=\"wp-block-heading\"><strong>Une campagne visible dans toute la Suisse<\/strong>&nbsp;<\/h2>\n\n\n\n<p>La campagne, \u00e9labor\u00e9e et mise en \u0153uvre avec la soci\u00e9t\u00e9 WIRZ, est visible sur les panneaux d&rsquo;affichage et les \u00e9crans des transports publics dans toute la Suisse. Un <strong><a href=\"https:\/\/www.wir-forschen-weiter.ch\/?fdAdId=4ZMVWxdelW&amp;fdSiteId=RNwJq0fli3\">microsite<\/a><\/strong><a href=\"https:\/\/la-recherche-continue.ch\/\"><strong> <\/strong><\/a>permet d&rsquo;approfondir les th\u00e8mes abord\u00e9s sur les affiches. La campagne est accompagn\u00e9e de publications sur les m\u00e9dias sociaux et de campagnes men\u00e9es par les entreprises membres d&rsquo;Interpharma. <\/p>\n","protected":false},"excerpt":{"rendered":"<p>Interpharma lance une campagne nationale intitul\u00e9e \u00ab\u00a0La recherche continue.\u00a0\u00bb L&rsquo;association attire ainsi l&rsquo;attention sur l&rsquo;engagement des entreprises pharmaceutiques suisses pratiquant la recherche. La campagne a \u00e9t\u00e9 \u00e9labor\u00e9e et mise en \u0153uvre par Wirz. Les entreprises pharmaceutiques pratiquant la recherche sont un \u00e9l\u00e9ment moteur de la r\u00e9ussite \u00e9conomique et de la prosp\u00e9rit\u00e9 de la Suisse. Mais [&hellip;]<\/p>\n","protected":false},"author":1,"featured_media":14098,"comment_status":"closed","ping_status":"open","sticky":false,"template":"","format":"standard","meta":{"_acf_changed":false,"inline_featured_image":false,"footnotes":""},"tags":[122],"class_list":["post-13153","post","type-post","status-publish","format-standard","has-post-thumbnail","hentry","tag-communique-de-presse"],"acf":[],"yoast_head":"<!-- This site is optimized with the Yoast SEO Premium plugin v27.2 (Yoast SEO v27.2) - https:\/\/yoast.com\/product\/yoast-seo-premium-wordpress\/ -->\n<title>\u00ab La recherche continue. \u00bb - Interpharma lance une campagne de sensibilisation - Interpharma<\/title>\n<meta name=\"robots\" content=\"index, follow, max-snippet:-1, max-image-preview:large, max-video-preview:-1\" \/>\n<link rel=\"canonical\" href=\"https:\/\/www.interpharma.ch\/fr\/blog\/la-recherche-continue-interpharma-lance-une-campagne-de-sensibilisation\/\" \/>\n<meta property=\"og:locale\" content=\"fr_FR\" \/>\n<meta property=\"og:type\" content=\"article\" \/>\n<meta property=\"og:title\" content=\"\u00ab La recherche continue. \u00bb - Interpharma lance une campagne de sensibilisation\" \/>\n<meta property=\"og:description\" content=\"Interpharma lance une campagne nationale intitul\u00e9e \u00ab\u00a0La recherche continue.\u00a0\u00bb L&rsquo;association attire ainsi l&rsquo;attention sur l&rsquo;engagement des entreprises pharmaceutiques suisses pratiquant la recherche. La campagne a \u00e9t\u00e9 \u00e9labor\u00e9e et mise en \u0153uvre par Wirz. Les entreprises pharmaceutiques pratiquant la recherche sont un \u00e9l\u00e9ment moteur de la r\u00e9ussite \u00e9conomique et de la prosp\u00e9rit\u00e9 de la Suisse. Mais [&hellip;]\" \/>\n<meta property=\"og:url\" content=\"https:\/\/www.interpharma.ch\/fr\/blog\/la-recherche-continue-interpharma-lance-une-campagne-de-sensibilisation\/\" \/>\n<meta property=\"og:site_name\" content=\"Interpharma\" \/>\n<meta property=\"article:published_time\" content=\"2021-10-25T07:55:00+00:00\" \/>\n<meta property=\"article:modified_time\" content=\"2026-03-03T09:58:38+00:00\" \/>\n<meta property=\"og:image\" content=\"https:\/\/www.interpharma.ch\/wp-content\/uploads\/2026\/02\/blog-image-003.jpg\" \/>\n\t<meta property=\"og:image:width\" content=\"1080\" \/>\n\t<meta property=\"og:image:height\" content=\"1350\" \/>\n\t<meta property=\"og:image:type\" content=\"image\/jpeg\" \/>\n<meta name=\"author\" content=\"berta_admin\" \/>\n<meta name=\"twitter:card\" content=\"summary_large_image\" \/>\n<meta name=\"twitter:creator\" content=\"@interpharma_ch\" \/>\n<meta name=\"twitter:site\" content=\"@interpharma_ch\" \/>\n<meta name=\"twitter:label1\" content=\"\u00c9crit par\" \/>\n\t<meta name=\"twitter:data1\" content=\"berta_admin\" \/>\n\t<meta name=\"twitter:label2\" content=\"Dur\u00e9e de lecture estim\u00e9e\" \/>\n\t<meta name=\"twitter:data2\" content=\"2 minutes\" \/>\n<script type=\"application\/ld+json\" class=\"yoast-schema-graph\">{\"@context\":\"https:\/\/schema.org\",\"@graph\":[{\"@type\":\"Article\",\"@id\":\"https:\/\/www.interpharma.ch\/fr\/blog\/la-recherche-continue-interpharma-lance-une-campagne-de-sensibilisation\/#article\",\"isPartOf\":{\"@id\":\"https:\/\/www.interpharma.ch\/fr\/blog\/la-recherche-continue-interpharma-lance-une-campagne-de-sensibilisation\/\"},\"author\":{\"name\":\"berta_admin\",\"@id\":\"https:\/\/www.interpharma.ch\/#\/schema\/person\/1302f3da278bb3f8995756877d107818\"},\"headline\":\"\u00ab La recherche continue. \u00bb &#8211; Interpharma lance une campagne de sensibilisation\",\"datePublished\":\"2021-10-25T07:55:00+00:00\",\"dateModified\":\"2026-03-03T09:58:38+00:00\",\"mainEntityOfPage\":{\"@id\":\"https:\/\/www.interpharma.ch\/fr\/blog\/la-recherche-continue-interpharma-lance-une-campagne-de-sensibilisation\/\"},\"wordCount\":389,\"publisher\":{\"@id\":\"https:\/\/www.interpharma.ch\/#organization\"},\"image\":{\"@id\":\"https:\/\/www.interpharma.ch\/fr\/blog\/la-recherche-continue-interpharma-lance-une-campagne-de-sensibilisation\/#primaryimage\"},\"thumbnailUrl\":\"https:\/\/www.interpharma.ch\/wp-content\/uploads\/2026\/02\/blog-image-003.jpg\",\"keywords\":[\"Communiqu\u00e9 de presse\"],\"inLanguage\":\"fr-FR\",\"copyrightYear\":\"2021\",\"copyrightHolder\":{\"@id\":\"https:\/\/www.interpharma.ch\/#organization\"}},{\"@type\":\"WebPage\",\"@id\":\"https:\/\/www.interpharma.ch\/fr\/blog\/la-recherche-continue-interpharma-lance-une-campagne-de-sensibilisation\/\",\"url\":\"https:\/\/www.interpharma.ch\/fr\/blog\/la-recherche-continue-interpharma-lance-une-campagne-de-sensibilisation\/\",\"name\":\"\u00ab La recherche continue. \u00bb - Interpharma lance une campagne de sensibilisation - Interpharma\",\"isPartOf\":{\"@id\":\"https:\/\/www.interpharma.ch\/#website\"},\"primaryImageOfPage\":{\"@id\":\"https:\/\/www.interpharma.ch\/fr\/blog\/la-recherche-continue-interpharma-lance-une-campagne-de-sensibilisation\/#primaryimage\"},\"image\":{\"@id\":\"https:\/\/www.interpharma.ch\/fr\/blog\/la-recherche-continue-interpharma-lance-une-campagne-de-sensibilisation\/#primaryimage\"},\"thumbnailUrl\":\"https:\/\/www.interpharma.ch\/wp-content\/uploads\/2026\/02\/blog-image-003.jpg\",\"datePublished\":\"2021-10-25T07:55:00+00:00\",\"dateModified\":\"2026-03-03T09:58:38+00:00\",\"breadcrumb\":{\"@id\":\"https:\/\/www.interpharma.ch\/fr\/blog\/la-recherche-continue-interpharma-lance-une-campagne-de-sensibilisation\/#breadcrumb\"},\"inLanguage\":\"fr-FR\",\"potentialAction\":[{\"@type\":\"ReadAction\",\"target\":[\"https:\/\/www.interpharma.ch\/fr\/blog\/la-recherche-continue-interpharma-lance-une-campagne-de-sensibilisation\/\"]}]},{\"@type\":\"ImageObject\",\"inLanguage\":\"fr-FR\",\"@id\":\"https:\/\/www.interpharma.ch\/fr\/blog\/la-recherche-continue-interpharma-lance-une-campagne-de-sensibilisation\/#primaryimage\",\"url\":\"https:\/\/www.interpharma.ch\/wp-content\/uploads\/2026\/02\/blog-image-003.jpg\",\"contentUrl\":\"https:\/\/www.interpharma.ch\/wp-content\/uploads\/2026\/02\/blog-image-003.jpg\",\"width\":1080,\"height\":1350},{\"@type\":\"BreadcrumbList\",\"@id\":\"https:\/\/www.interpharma.ch\/fr\/blog\/la-recherche-continue-interpharma-lance-une-campagne-de-sensibilisation\/#breadcrumb\",\"itemListElement\":[{\"@type\":\"ListItem\",\"position\":1,\"name\":\"Startseite\",\"item\":\"https:\/\/www.interpharma.ch\/fr\/\"},{\"@type\":\"ListItem\",\"position\":2,\"name\":\"\u00ab La recherche continue. \u00bb &#8211; Interpharma lance une campagne de sensibilisation\"}]},{\"@type\":\"WebSite\",\"@id\":\"https:\/\/www.interpharma.ch\/#website\",\"url\":\"https:\/\/www.interpharma.ch\/\",\"name\":\"Interpharma\",\"description\":\"Verband der forschenden Pharmazeutischen Firmen\",\"publisher\":{\"@id\":\"https:\/\/www.interpharma.ch\/#organization\"},\"potentialAction\":[{\"@type\":\"SearchAction\",\"target\":{\"@type\":\"EntryPoint\",\"urlTemplate\":\"https:\/\/www.interpharma.ch\/?s={search_term_string}\"},\"query-input\":{\"@type\":\"PropertyValueSpecification\",\"valueRequired\":true,\"valueName\":\"search_term_string\"}}],\"inLanguage\":\"fr-FR\"},{\"@type\":\"Organization\",\"@id\":\"https:\/\/www.interpharma.ch\/#organization\",\"name\":\"Interpharma\",\"url\":\"https:\/\/www.interpharma.ch\/\",\"logo\":{\"@type\":\"ImageObject\",\"inLanguage\":\"fr-FR\",\"@id\":\"https:\/\/www.interpharma.ch\/#\/schema\/logo\/image\/\",\"url\":\"https:\/\/interpharma.ch\/wp-content\/uploads\/2026\/03\/20251014_iph_logo_wort_bildmarke_rgb_final_cu01.svg\",\"contentUrl\":\"https:\/\/interpharma.ch\/wp-content\/uploads\/2026\/03\/20251014_iph_logo_wort_bildmarke_rgb_final_cu01.svg\",\"width\":\"1200\",\"height\":\"1200\",\"caption\":\"Interpharma\"},\"image\":{\"@id\":\"https:\/\/www.interpharma.ch\/#\/schema\/logo\/image\/\"},\"sameAs\":[\"https:\/\/x.com\/interpharma_ch\",\"https:\/\/ch.linkedin.com\/company\/interpharma\",\"https:\/\/www.instagram.com\/interpharma_ch\/\"]},{\"@type\":\"Person\",\"@id\":\"https:\/\/www.interpharma.ch\/#\/schema\/person\/1302f3da278bb3f8995756877d107818\",\"name\":\"berta_admin\",\"image\":{\"@type\":\"ImageObject\",\"inLanguage\":\"fr-FR\",\"@id\":\"https:\/\/secure.gravatar.com\/avatar\/a2aeb00900e30743ff2859dfc3dd11cf7e64bb4ec7a1f349ee3772658a1d087d?s=96&d=mm&r=g\",\"url\":\"https:\/\/secure.gravatar.com\/avatar\/a2aeb00900e30743ff2859dfc3dd11cf7e64bb4ec7a1f349ee3772658a1d087d?s=96&d=mm&r=g\",\"contentUrl\":\"https:\/\/secure.gravatar.com\/avatar\/a2aeb00900e30743ff2859dfc3dd11cf7e64bb4ec7a1f349ee3772658a1d087d?s=96&d=mm&r=g\",\"caption\":\"berta_admin\"},\"sameAs\":[\"https:\/\/interpharma.ch\"]}]}<\/script>\n<!-- \/ Yoast SEO Premium plugin. -->","yoast_head_json":{"title":"\u00ab La recherche continue. \u00bb - Interpharma lance une campagne de sensibilisation - Interpharma","robots":{"index":"index","follow":"follow","max-snippet":"max-snippet:-1","max-image-preview":"max-image-preview:large","max-video-preview":"max-video-preview:-1"},"canonical":"https:\/\/www.interpharma.ch\/fr\/blog\/la-recherche-continue-interpharma-lance-une-campagne-de-sensibilisation\/","og_locale":"fr_FR","og_type":"article","og_title":"\u00ab La recherche continue. \u00bb - Interpharma lance une campagne de sensibilisation","og_description":"Interpharma lance une campagne nationale intitul\u00e9e \u00ab\u00a0La recherche continue.\u00a0\u00bb L&rsquo;association attire ainsi l&rsquo;attention sur l&rsquo;engagement des entreprises pharmaceutiques suisses pratiquant la recherche. La campagne a \u00e9t\u00e9 \u00e9labor\u00e9e et mise en \u0153uvre par Wirz. Les entreprises pharmaceutiques pratiquant la recherche sont un \u00e9l\u00e9ment moteur de la r\u00e9ussite \u00e9conomique et de la prosp\u00e9rit\u00e9 de la Suisse. Mais [&hellip;]","og_url":"https:\/\/www.interpharma.ch\/fr\/blog\/la-recherche-continue-interpharma-lance-une-campagne-de-sensibilisation\/","og_site_name":"Interpharma","article_published_time":"2021-10-25T07:55:00+00:00","article_modified_time":"2026-03-03T09:58:38+00:00","og_image":[{"width":1080,"height":1350,"url":"https:\/\/www.interpharma.ch\/wp-content\/uploads\/2026\/02\/blog-image-003.jpg","type":"image\/jpeg"}],"author":"berta_admin","twitter_card":"summary_large_image","twitter_creator":"@interpharma_ch","twitter_site":"@interpharma_ch","twitter_misc":{"\u00c9crit par":"berta_admin","Dur\u00e9e de lecture estim\u00e9e":"2 minutes"},"schema":{"@context":"https:\/\/schema.org","@graph":[{"@type":"Article","@id":"https:\/\/www.interpharma.ch\/fr\/blog\/la-recherche-continue-interpharma-lance-une-campagne-de-sensibilisation\/#article","isPartOf":{"@id":"https:\/\/www.interpharma.ch\/fr\/blog\/la-recherche-continue-interpharma-lance-une-campagne-de-sensibilisation\/"},"author":{"name":"berta_admin","@id":"https:\/\/www.interpharma.ch\/#\/schema\/person\/1302f3da278bb3f8995756877d107818"},"headline":"\u00ab La recherche continue. \u00bb &#8211; Interpharma lance une campagne de sensibilisation","datePublished":"2021-10-25T07:55:00+00:00","dateModified":"2026-03-03T09:58:38+00:00","mainEntityOfPage":{"@id":"https:\/\/www.interpharma.ch\/fr\/blog\/la-recherche-continue-interpharma-lance-une-campagne-de-sensibilisation\/"},"wordCount":389,"publisher":{"@id":"https:\/\/www.interpharma.ch\/#organization"},"image":{"@id":"https:\/\/www.interpharma.ch\/fr\/blog\/la-recherche-continue-interpharma-lance-une-campagne-de-sensibilisation\/#primaryimage"},"thumbnailUrl":"https:\/\/www.interpharma.ch\/wp-content\/uploads\/2026\/02\/blog-image-003.jpg","keywords":["Communiqu\u00e9 de presse"],"inLanguage":"fr-FR","copyrightYear":"2021","copyrightHolder":{"@id":"https:\/\/www.interpharma.ch\/#organization"}},{"@type":"WebPage","@id":"https:\/\/www.interpharma.ch\/fr\/blog\/la-recherche-continue-interpharma-lance-une-campagne-de-sensibilisation\/","url":"https:\/\/www.interpharma.ch\/fr\/blog\/la-recherche-continue-interpharma-lance-une-campagne-de-sensibilisation\/","name":"\u00ab La recherche continue. \u00bb - Interpharma lance une campagne de sensibilisation - Interpharma","isPartOf":{"@id":"https:\/\/www.interpharma.ch\/#website"},"primaryImageOfPage":{"@id":"https:\/\/www.interpharma.ch\/fr\/blog\/la-recherche-continue-interpharma-lance-une-campagne-de-sensibilisation\/#primaryimage"},"image":{"@id":"https:\/\/www.interpharma.ch\/fr\/blog\/la-recherche-continue-interpharma-lance-une-campagne-de-sensibilisation\/#primaryimage"},"thumbnailUrl":"https:\/\/www.interpharma.ch\/wp-content\/uploads\/2026\/02\/blog-image-003.jpg","datePublished":"2021-10-25T07:55:00+00:00","dateModified":"2026-03-03T09:58:38+00:00","breadcrumb":{"@id":"https:\/\/www.interpharma.ch\/fr\/blog\/la-recherche-continue-interpharma-lance-une-campagne-de-sensibilisation\/#breadcrumb"},"inLanguage":"fr-FR","potentialAction":[{"@type":"ReadAction","target":["https:\/\/www.interpharma.ch\/fr\/blog\/la-recherche-continue-interpharma-lance-une-campagne-de-sensibilisation\/"]}]},{"@type":"ImageObject","inLanguage":"fr-FR","@id":"https:\/\/www.interpharma.ch\/fr\/blog\/la-recherche-continue-interpharma-lance-une-campagne-de-sensibilisation\/#primaryimage","url":"https:\/\/www.interpharma.ch\/wp-content\/uploads\/2026\/02\/blog-image-003.jpg","contentUrl":"https:\/\/www.interpharma.ch\/wp-content\/uploads\/2026\/02\/blog-image-003.jpg","width":1080,"height":1350},{"@type":"BreadcrumbList","@id":"https:\/\/www.interpharma.ch\/fr\/blog\/la-recherche-continue-interpharma-lance-une-campagne-de-sensibilisation\/#breadcrumb","itemListElement":[{"@type":"ListItem","position":1,"name":"Startseite","item":"https:\/\/www.interpharma.ch\/fr\/"},{"@type":"ListItem","position":2,"name":"\u00ab La recherche continue. \u00bb &#8211; Interpharma lance une campagne de sensibilisation"}]},{"@type":"WebSite","@id":"https:\/\/www.interpharma.ch\/#website","url":"https:\/\/www.interpharma.ch\/","name":"Interpharma","description":"Verband der forschenden Pharmazeutischen Firmen","publisher":{"@id":"https:\/\/www.interpharma.ch\/#organization"},"potentialAction":[{"@type":"SearchAction","target":{"@type":"EntryPoint","urlTemplate":"https:\/\/www.interpharma.ch\/?s={search_term_string}"},"query-input":{"@type":"PropertyValueSpecification","valueRequired":true,"valueName":"search_term_string"}}],"inLanguage":"fr-FR"},{"@type":"Organization","@id":"https:\/\/www.interpharma.ch\/#organization","name":"Interpharma","url":"https:\/\/www.interpharma.ch\/","logo":{"@type":"ImageObject","inLanguage":"fr-FR","@id":"https:\/\/www.interpharma.ch\/#\/schema\/logo\/image\/","url":"https:\/\/interpharma.ch\/wp-content\/uploads\/2026\/03\/20251014_iph_logo_wort_bildmarke_rgb_final_cu01.svg","contentUrl":"https:\/\/interpharma.ch\/wp-content\/uploads\/2026\/03\/20251014_iph_logo_wort_bildmarke_rgb_final_cu01.svg","width":"1200","height":"1200","caption":"Interpharma"},"image":{"@id":"https:\/\/www.interpharma.ch\/#\/schema\/logo\/image\/"},"sameAs":["https:\/\/x.com\/interpharma_ch","https:\/\/ch.linkedin.com\/company\/interpharma","https:\/\/www.instagram.com\/interpharma_ch\/"]},{"@type":"Person","@id":"https:\/\/www.interpharma.ch\/#\/schema\/person\/1302f3da278bb3f8995756877d107818","name":"berta_admin","image":{"@type":"ImageObject","inLanguage":"fr-FR","@id":"https:\/\/secure.gravatar.com\/avatar\/a2aeb00900e30743ff2859dfc3dd11cf7e64bb4ec7a1f349ee3772658a1d087d?s=96&d=mm&r=g","url":"https:\/\/secure.gravatar.com\/avatar\/a2aeb00900e30743ff2859dfc3dd11cf7e64bb4ec7a1f349ee3772658a1d087d?s=96&d=mm&r=g","contentUrl":"https:\/\/secure.gravatar.com\/avatar\/a2aeb00900e30743ff2859dfc3dd11cf7e64bb4ec7a1f349ee3772658a1d087d?s=96&d=mm&r=g","caption":"berta_admin"},"sameAs":["https:\/\/interpharma.ch"]}]}},"_links":{"self":[{"href":"https:\/\/www.interpharma.ch\/fr\/wp-json\/wp\/v2\/posts\/13153","targetHints":{"allow":["GET"]}}],"collection":[{"href":"https:\/\/www.interpharma.ch\/fr\/wp-json\/wp\/v2\/posts"}],"about":[{"href":"https:\/\/www.interpharma.ch\/fr\/wp-json\/wp\/v2\/types\/post"}],"author":[{"embeddable":true,"href":"https:\/\/www.interpharma.ch\/fr\/wp-json\/wp\/v2\/users\/1"}],"replies":[{"embeddable":true,"href":"https:\/\/www.interpharma.ch\/fr\/wp-json\/wp\/v2\/comments?post=13153"}],"version-history":[{"count":1,"href":"https:\/\/www.interpharma.ch\/fr\/wp-json\/wp\/v2\/posts\/13153\/revisions"}],"predecessor-version":[{"id":13154,"href":"https:\/\/www.interpharma.ch\/fr\/wp-json\/wp\/v2\/posts\/13153\/revisions\/13154"}],"wp:featuredmedia":[{"embeddable":true,"href":"https:\/\/www.interpharma.ch\/fr\/wp-json\/wp\/v2\/media\/14098"}],"wp:attachment":[{"href":"https:\/\/www.interpharma.ch\/fr\/wp-json\/wp\/v2\/media?parent=13153"}],"wp:term":[{"taxonomy":"post_tag","embeddable":true,"href":"https:\/\/www.interpharma.ch\/fr\/wp-json\/wp\/v2\/tags?post=13153"}],"curies":[{"name":"wp","href":"https:\/\/api.w.org\/{rel}","templated":true}]}}