{"id":12943,"date":"2022-06-24T10:00:00","date_gmt":"2022-06-24T08:00:00","guid":{"rendered":"https:\/\/iph-multisite.berta-bewegt.ch\/?p=12943"},"modified":"2026-03-03T10:52:29","modified_gmt":"2026-03-03T09:52:29","slug":"medienmitteilung-massnahmen-des-masterplans-2022-2026-zur-staerkung-der-biomedizinischen-forschung-und-technologie-in-der-schweiz-verpasste-chance","status":"publish","type":"post","link":"https:\/\/www.interpharma.ch\/fr\/blog\/medienmitteilung-massnahmen-des-masterplans-2022-2026-zur-staerkung-der-biomedizinischen-forschung-und-technologie-in-der-schweiz-verpasste-chance\/","title":{"rendered":"Communiqu\u00e9 de Presse: Mesures du plan directeur 2022 \u2013 2026 visant \u00e0 renforcer la recherche et la technologie biom\u00e9dicales en Suisse: une occasion manqu\u00e9e!"},"content":{"rendered":"\n<p class=\"is-style-paragraph-lead-text\">Le Conseil f\u00e9d\u00e9ral a pr\u00e9sent\u00e9 son catalogue de mesures 2022 \u2013 2026 pour le plan directeur visant \u00e0 renforcer la recherche et la technologie biom\u00e9dicales en Suisse. Interpharma est soulag\u00e9e que le Conseil f\u00e9d\u00e9ral ait reconnu qu\u2019il faut agir au niveau de la concurrence internationale entre les sites. En m\u00eame temps, nous sommes d\u00e9\u00e7us que la Suisse n\u2019ait pas r\u00e9ussi \u00e0 d\u00e9velopper une strat\u00e9gie plus compl\u00e8te. Il existe au contraire un patchwork de rapports et de mesures qui ne font pas partie d\u2019une vision uniforme. C\u2019est pourquoi Interpharma demande une strat\u00e9gie globale visant \u00e0 renforcer la place de recherche et d\u2019innovation suisse pour le bien de la population de notre pays. Celle-ci doit offrir une vue d\u2019ensemble de tous les projets et initiatives et la combiner avec une vision et des ambitions claires pour une place de recherche et d\u2019innovation suisse d\u2019avenir.<\/p>\n\n\n\n<p>Interpharma salue en principe la poursuite du plan directeur visant \u00e0 renforcer la recherche et la technologie biom\u00e9dicales. La pand\u00e9mie de COVID-19 a clairement montr\u00e9 combien il est important de disposer, dans le pays, d\u2019une branche pharmaceutique orient\u00e9e vers la recherche et la production et solide en cas de crise. Mais la Suisse n\u2019est pas seule \u00e0 en avoir conscience: la rivalit\u00e9 internationale pour la recherche et la production pharmaceutiques s\u2019est renforc\u00e9e pendant la crise et la concurrence internationale entre les sites va encore s\u2019accentuer dans l\u2019avenir. Des pays comme le Danemark ou le Royaume-Uni ont d\u00e9j\u00e0 d\u00e9velopp\u00e9 des strat\u00e9gies globales pour am\u00e9liorer leurs conditions cadres et accro\u00eetre ainsi leur attrait pour les entreprises pharmaceutiques.<\/p>\n\n\n\n<p>D\u00e8s 2018, le Conseil f\u00e9d\u00e9ral avait d\u00e9cid\u00e9 de prolonger jusqu\u2019en 2025 le plan directeur afin de renforcer le site biotechnologique. Par les th\u00e8mes \u00abRecherche clinique\u00bb, \u00abM\u00e9dicaments de th\u00e9rapie innovante\u00bb et \u00abDigitalisation\u00bb, le plan directeur aborde, certes, trois points importants pour une place d\u2019innovation comp\u00e9titive, mais l\u2019occasion de d\u00e9velopper une strat\u00e9gie globale a \u00e9t\u00e9 manqu\u00e9e. Le plan directeur ne pr\u00e9sente que des \u00e9tapes partielles dispers\u00e9es. Les mesures ne sont pas assez ambitieuses, pas assez concr\u00e8tes et une strat\u00e9gie claire et uniforme ne se d\u00e9gage pas.<\/p>\n\n\n\n<p>Ren\u00e9 Buholzer, directeur d\u2019Interpharma, d\u00e9clare \u00e0 ce sujet: <\/p>\n\n\n\n<blockquote class=\"wp-block-quote is-layout-flow wp-block-quote-is-layout-flow\"><p><em>\u00abAujourd\u2019hui, la Suisse est l\u2019une des principales places de recherche et d\u2019innovation au monde. Mais la concurrence internationale entre les sites s\u2019est encore accentu\u00e9e avec la pand\u00e9mie de COVID-19 et la Suisse risque de se faire distancer par d\u2019autres places scientifiques et \u00e9conomiques de pointe. C\u2019est pourquoi Interpharma demande une strat\u00e9gie globale visant \u00e0 renforcer la place de recherche et d\u2019innovation suisse pour le bien de la population de notre pays.\u00bb<\/em><\/p><\/blockquote>\n\n\n\n<h2 class=\"wp-block-heading\" id=\"h-les-mesures-proposees-ne-suffisent-pas\"><strong>Les mesures propos\u00e9es ne suffisent pas<\/strong><\/h2>\n\n\n\n<p>Le domaine \u00ab<strong>Recherche clinique<\/strong>\u00bb couvre de nombreux sujets importants, mais l\u2019\u00e9nonc\u00e9 des mesures pr\u00e9sent\u00e9es reste tr\u00e8s vague et, vu l\u2019\u00e9volution internationale, elles ne sont pas assez ambitieuses. Le recul des essais cliniques en Suisse ces derni\u00e8res ann\u00e9es montre qu\u2019il est urgent d\u2019agir. Pour renforcer la place de recherche suisse, nous avons absolument besoin d\u2019une proc\u00e9dure acc\u00e9l\u00e9r\u00e9e d\u2019autorisation des essais cliniques pour les produits r\u00e9pondant \u00e0 un besoin m\u00e9dical urgent.<\/p>\n\n\n\n<p>Dans le domaine \u00ab<strong>M\u00e9dicaments de th\u00e9rapie innovante<\/strong>\u00bb, les mesures ne sont pas \u00e0 la hauteur de ce qu\u2019on peut attendre d\u2019un plan directeur. Elles visent uniquement \u00e0 r\u00e9duire les co\u00fbts et ne renforcent aucunement la place de recherche biotechnologique. Au lieu de se fixer sur les co\u00fbts, les mesures devraient plut\u00f4t se concentrer sur les patient-e-s et leur acc\u00e8s aux nouveaux traitements et m\u00e9dicaments innovants. \u00c0 ce sujet, Interpharma a d\u00e9j\u00e0 pr\u00e9sent\u00e9 en mai une solution, le <a href=\"https:\/\/interpharma.ch\/fr\/blog\/medienmitteilung-interpharma-schlaegt-einen-rueckvergueteten-innovationszugang-fuer-patientinnen-und-patienten-vor\/?lang=fr\">remboursement de l\u2019acc\u00e8s acc\u00e9l\u00e9r\u00e9 \u00e0 l\u2019innovation<\/a>.<\/p>\n\n\n\n<p>Le plan directeur aborde un th\u00e8me capital, la \u00ab<strong>Digitalisation<\/strong>\u00bb. Dans l\u2019avenir, la recherche se fera l\u00e0 o\u00f9 la num\u00e9risation permet l\u2019emploi de nouvelles technologies. Or, la Suisse est d\u00e9j\u00e0 distanc\u00e9e par la concurrence internationale. En d\u00e9pit de cette extr\u00eame urgence, le Conseil f\u00e9d\u00e9ral n\u2019a pas encore \u00e9t\u00e9 en mesure de proposer une strat\u00e9gie compl\u00e8te pour la mise en place d\u2019un \u00e9cosyst\u00e8me de donn\u00e9es de sant\u00e9, ceci bien qu\u2019on trouve de bons \u00e9l\u00e9ments dans le rapport en r\u00e9ponse au postulat 15.4225 \u00abMieux utiliser les donn\u00e9es m\u00e9dicales pour assurer l\u2019efficience et la qualit\u00e9 des soins\u00bb, ainsi que dans la d\u00e9cision de principe du Conseil f\u00e9d\u00e9ral sur le DEP. Par sa feuille de route \u00ab<a href=\"https:\/\/interpharma.ch\/fr\/blog\/medienmitteilung-sechs-handlungsfelder-als-grundlage-fuer-eine-kohaerente-digita-lisierungsstrategie-im-gesundheitswesen\/?lang=fr\">\u00c9cosyst\u00e8me num\u00e9rique de donn\u00e9es de sant\u00e9<\/a>\u00bb, Interpharma a montr\u00e9 ce dont nous avons besoin pour un d\u00e9bat constructif et bas\u00e9 sur les faits au sujet de la transformation num\u00e9rique du syst\u00e8me de sant\u00e9. En fait partie un cadre juridique uniforme que l\u2019on pourrait mettre en place par le biais d\u2019une loi sur les donn\u00e9es de sant\u00e9 compatible \u00e0 l\u2019\u00e9chelon international.<\/p>\n\n\n\n<h2 class=\"wp-block-heading\"><strong>La strat\u00e9gie pharmaceutique 2030 propose des r\u00e9ponses<\/strong><\/h2>\n\n\n\n<p>Par son document strat\u00e9gique \u00ab<a href=\"https:\/\/interpharma.ch\/wp-content\/uploads\/2020\/06\/low_interpharma_broschure_a4_rz_fr_ds-komprimiert-1_0.pdf\">La place pharmaceutique suisse en 2030<\/a>\u00bb, Interpharma a montr\u00e9 \u00e0 maintes reprises dans quels domaines il est urgent d\u2019am\u00e9liorer les conditions cadres pour que la Suisse puisse rester l\u2019une des principales places pharmaceutiques mondiales. Le Conseil f\u00e9d\u00e9ral aurait encore l\u2019occasion cette ann\u00e9e, dans le cadre de la mise en \u0153uvre du postulat Schmid 20.3752, de pr\u00e9senter d\u2019autres r\u00e9ponses et mesures pour pr\u00e9server et renforcer la Suisse en tant que p\u00f4le pour la recherche et les entreprises dans le domaine pharmaceutique et biotechnologique.<\/p>\n\n\n\n<p><\/p>\n","protected":false},"excerpt":{"rendered":"<p>Le Conseil f\u00e9d\u00e9ral a pr\u00e9sent\u00e9 son catalogue de mesures 2022 \u2013 2026 pour le plan directeur visant \u00e0 renforcer la recherche et la technologie biom\u00e9dicales en Suisse. Interpharma est soulag\u00e9e que le Conseil f\u00e9d\u00e9ral ait reconnu qu\u2019il faut agir au niveau de la concurrence internationale entre les sites. En m\u00eame temps, nous sommes d\u00e9\u00e7us que [&hellip;]<\/p>\n","protected":false},"author":1,"featured_media":2233,"comment_status":"closed","ping_status":"open","sticky":false,"template":"","format":"standard","meta":{"_acf_changed":false,"inline_featured_image":false,"footnotes":""},"tags":[122],"class_list":["post-12943","post","type-post","status-publish","format-standard","has-post-thumbnail","hentry","tag-communique-de-presse"],"acf":[],"yoast_head":"<!-- This site is optimized with the Yoast SEO Premium plugin v27.2 (Yoast SEO v27.2) - https:\/\/yoast.com\/product\/yoast-seo-premium-wordpress\/ -->\n<title>Communiqu\u00e9 de Presse: Mesures du plan directeur 2022 \u2013 2026 visant \u00e0 renforcer la recherche et la technologie biom\u00e9dicales en Suisse: une occasion manqu\u00e9e! - Interpharma<\/title>\n<meta name=\"robots\" content=\"index, follow, max-snippet:-1, max-image-preview:large, max-video-preview:-1\" \/>\n<link rel=\"canonical\" href=\"https:\/\/www.interpharma.ch\/fr\/blog\/medienmitteilung-massnahmen-des-masterplans-2022-2026-zur-staerkung-der-biomedizinischen-forschung-und-technologie-in-der-schweiz-verpasste-chance\/\" \/>\n<meta property=\"og:locale\" content=\"fr_FR\" \/>\n<meta property=\"og:type\" content=\"article\" \/>\n<meta property=\"og:title\" content=\"Communiqu\u00e9 de Presse: Mesures du plan directeur 2022 \u2013 2026 visant \u00e0 renforcer la recherche et la technologie biom\u00e9dicales en Suisse: une occasion manqu\u00e9e!\" \/>\n<meta property=\"og:description\" content=\"Le Conseil f\u00e9d\u00e9ral a pr\u00e9sent\u00e9 son catalogue de mesures 2022 \u2013 2026 pour le plan directeur visant \u00e0 renforcer la recherche et la technologie biom\u00e9dicales en Suisse. Interpharma est soulag\u00e9e que le Conseil f\u00e9d\u00e9ral ait reconnu qu\u2019il faut agir au niveau de la concurrence internationale entre les sites. En m\u00eame temps, nous sommes d\u00e9\u00e7us que [&hellip;]\" \/>\n<meta property=\"og:url\" content=\"https:\/\/www.interpharma.ch\/fr\/blog\/medienmitteilung-massnahmen-des-masterplans-2022-2026-zur-staerkung-der-biomedizinischen-forschung-und-technologie-in-der-schweiz-verpasste-chance\/\" \/>\n<meta property=\"og:site_name\" content=\"Interpharma\" \/>\n<meta property=\"article:published_time\" content=\"2022-06-24T08:00:00+00:00\" \/>\n<meta property=\"article:modified_time\" content=\"2026-03-03T09:52:29+00:00\" \/>\n<meta property=\"og:image\" content=\"https:\/\/www.interpharma.ch\/wp-content\/uploads\/2022\/03\/iStock-1293772969.jpg\" \/>\n\t<meta property=\"og:image:width\" content=\"2309\" \/>\n\t<meta property=\"og:image:height\" content=\"1299\" \/>\n\t<meta property=\"og:image:type\" content=\"image\/jpeg\" \/>\n<meta name=\"author\" content=\"berta_admin\" \/>\n<meta name=\"twitter:card\" content=\"summary_large_image\" \/>\n<meta name=\"twitter:creator\" content=\"@interpharma_ch\" \/>\n<meta name=\"twitter:site\" content=\"@interpharma_ch\" \/>\n<meta name=\"twitter:label1\" content=\"\u00c9crit par\" \/>\n\t<meta name=\"twitter:data1\" content=\"berta_admin\" \/>\n\t<meta name=\"twitter:label2\" content=\"Dur\u00e9e de lecture estim\u00e9e\" \/>\n\t<meta name=\"twitter:data2\" content=\"5 minutes\" \/>\n<script type=\"application\/ld+json\" class=\"yoast-schema-graph\">{\"@context\":\"https:\/\/schema.org\",\"@graph\":[{\"@type\":\"Article\",\"@id\":\"https:\/\/www.interpharma.ch\/fr\/blog\/medienmitteilung-massnahmen-des-masterplans-2022-2026-zur-staerkung-der-biomedizinischen-forschung-und-technologie-in-der-schweiz-verpasste-chance\/#article\",\"isPartOf\":{\"@id\":\"https:\/\/www.interpharma.ch\/fr\/blog\/medienmitteilung-massnahmen-des-masterplans-2022-2026-zur-staerkung-der-biomedizinischen-forschung-und-technologie-in-der-schweiz-verpasste-chance\/\"},\"author\":{\"name\":\"berta_admin\",\"@id\":\"https:\/\/www.interpharma.ch\/#\/schema\/person\/1302f3da278bb3f8995756877d107818\"},\"headline\":\"Communiqu\u00e9 de Presse: Mesures du plan directeur 2022 \u2013 2026 visant \u00e0 renforcer la recherche et la technologie biom\u00e9dicales en Suisse: une occasion manqu\u00e9e!\",\"datePublished\":\"2022-06-24T08:00:00+00:00\",\"dateModified\":\"2026-03-03T09:52:29+00:00\",\"mainEntityOfPage\":{\"@id\":\"https:\/\/www.interpharma.ch\/fr\/blog\/medienmitteilung-massnahmen-des-masterplans-2022-2026-zur-staerkung-der-biomedizinischen-forschung-und-technologie-in-der-schweiz-verpasste-chance\/\"},\"wordCount\":993,\"publisher\":{\"@id\":\"https:\/\/www.interpharma.ch\/#organization\"},\"image\":{\"@id\":\"https:\/\/www.interpharma.ch\/fr\/blog\/medienmitteilung-massnahmen-des-masterplans-2022-2026-zur-staerkung-der-biomedizinischen-forschung-und-technologie-in-der-schweiz-verpasste-chance\/#primaryimage\"},\"thumbnailUrl\":\"https:\/\/www.interpharma.ch\/wp-content\/uploads\/2022\/03\/iStock-1293772969.jpg\",\"keywords\":[\"Communiqu\u00e9 de presse\"],\"inLanguage\":\"fr-FR\",\"copyrightYear\":\"2022\",\"copyrightHolder\":{\"@id\":\"https:\/\/www.interpharma.ch\/#organization\"}},{\"@type\":\"WebPage\",\"@id\":\"https:\/\/www.interpharma.ch\/fr\/blog\/medienmitteilung-massnahmen-des-masterplans-2022-2026-zur-staerkung-der-biomedizinischen-forschung-und-technologie-in-der-schweiz-verpasste-chance\/\",\"url\":\"https:\/\/www.interpharma.ch\/fr\/blog\/medienmitteilung-massnahmen-des-masterplans-2022-2026-zur-staerkung-der-biomedizinischen-forschung-und-technologie-in-der-schweiz-verpasste-chance\/\",\"name\":\"Communiqu\u00e9 de Presse: Mesures du plan directeur 2022 \u2013 2026 visant \u00e0 renforcer la recherche et la technologie biom\u00e9dicales en Suisse: une occasion manqu\u00e9e! - Interpharma\",\"isPartOf\":{\"@id\":\"https:\/\/www.interpharma.ch\/#website\"},\"primaryImageOfPage\":{\"@id\":\"https:\/\/www.interpharma.ch\/fr\/blog\/medienmitteilung-massnahmen-des-masterplans-2022-2026-zur-staerkung-der-biomedizinischen-forschung-und-technologie-in-der-schweiz-verpasste-chance\/#primaryimage\"},\"image\":{\"@id\":\"https:\/\/www.interpharma.ch\/fr\/blog\/medienmitteilung-massnahmen-des-masterplans-2022-2026-zur-staerkung-der-biomedizinischen-forschung-und-technologie-in-der-schweiz-verpasste-chance\/#primaryimage\"},\"thumbnailUrl\":\"https:\/\/www.interpharma.ch\/wp-content\/uploads\/2022\/03\/iStock-1293772969.jpg\",\"datePublished\":\"2022-06-24T08:00:00+00:00\",\"dateModified\":\"2026-03-03T09:52:29+00:00\",\"breadcrumb\":{\"@id\":\"https:\/\/www.interpharma.ch\/fr\/blog\/medienmitteilung-massnahmen-des-masterplans-2022-2026-zur-staerkung-der-biomedizinischen-forschung-und-technologie-in-der-schweiz-verpasste-chance\/#breadcrumb\"},\"inLanguage\":\"fr-FR\",\"potentialAction\":[{\"@type\":\"ReadAction\",\"target\":[\"https:\/\/www.interpharma.ch\/fr\/blog\/medienmitteilung-massnahmen-des-masterplans-2022-2026-zur-staerkung-der-biomedizinischen-forschung-und-technologie-in-der-schweiz-verpasste-chance\/\"]}]},{\"@type\":\"ImageObject\",\"inLanguage\":\"fr-FR\",\"@id\":\"https:\/\/www.interpharma.ch\/fr\/blog\/medienmitteilung-massnahmen-des-masterplans-2022-2026-zur-staerkung-der-biomedizinischen-forschung-und-technologie-in-der-schweiz-verpasste-chance\/#primaryimage\",\"url\":\"https:\/\/www.interpharma.ch\/wp-content\/uploads\/2022\/03\/iStock-1293772969.jpg\",\"contentUrl\":\"https:\/\/www.interpharma.ch\/wp-content\/uploads\/2022\/03\/iStock-1293772969.jpg\",\"width\":2309,\"height\":1299},{\"@type\":\"BreadcrumbList\",\"@id\":\"https:\/\/www.interpharma.ch\/fr\/blog\/medienmitteilung-massnahmen-des-masterplans-2022-2026-zur-staerkung-der-biomedizinischen-forschung-und-technologie-in-der-schweiz-verpasste-chance\/#breadcrumb\",\"itemListElement\":[{\"@type\":\"ListItem\",\"position\":1,\"name\":\"Startseite\",\"item\":\"https:\/\/www.interpharma.ch\/fr\/\"},{\"@type\":\"ListItem\",\"position\":2,\"name\":\"Communiqu\u00e9 de Presse: Mesures du plan directeur 2022 \u2013 2026 visant \u00e0 renforcer la recherche et la technologie biom\u00e9dicales en Suisse: une occasion manqu\u00e9e!\"}]},{\"@type\":\"WebSite\",\"@id\":\"https:\/\/www.interpharma.ch\/#website\",\"url\":\"https:\/\/www.interpharma.ch\/\",\"name\":\"Interpharma\",\"description\":\"Verband der forschenden Pharmazeutischen Firmen\",\"publisher\":{\"@id\":\"https:\/\/www.interpharma.ch\/#organization\"},\"potentialAction\":[{\"@type\":\"SearchAction\",\"target\":{\"@type\":\"EntryPoint\",\"urlTemplate\":\"https:\/\/www.interpharma.ch\/?s={search_term_string}\"},\"query-input\":{\"@type\":\"PropertyValueSpecification\",\"valueRequired\":true,\"valueName\":\"search_term_string\"}}],\"inLanguage\":\"fr-FR\"},{\"@type\":\"Organization\",\"@id\":\"https:\/\/www.interpharma.ch\/#organization\",\"name\":\"Interpharma\",\"url\":\"https:\/\/www.interpharma.ch\/\",\"logo\":{\"@type\":\"ImageObject\",\"inLanguage\":\"fr-FR\",\"@id\":\"https:\/\/www.interpharma.ch\/#\/schema\/logo\/image\/\",\"url\":\"https:\/\/interpharma.ch\/wp-content\/uploads\/2026\/03\/20251014_iph_logo_wort_bildmarke_rgb_final_cu01.svg\",\"contentUrl\":\"https:\/\/interpharma.ch\/wp-content\/uploads\/2026\/03\/20251014_iph_logo_wort_bildmarke_rgb_final_cu01.svg\",\"width\":\"1200\",\"height\":\"1200\",\"caption\":\"Interpharma\"},\"image\":{\"@id\":\"https:\/\/www.interpharma.ch\/#\/schema\/logo\/image\/\"},\"sameAs\":[\"https:\/\/x.com\/interpharma_ch\",\"https:\/\/ch.linkedin.com\/company\/interpharma\",\"https:\/\/www.instagram.com\/interpharma_ch\/\"]},{\"@type\":\"Person\",\"@id\":\"https:\/\/www.interpharma.ch\/#\/schema\/person\/1302f3da278bb3f8995756877d107818\",\"name\":\"berta_admin\",\"image\":{\"@type\":\"ImageObject\",\"inLanguage\":\"fr-FR\",\"@id\":\"https:\/\/secure.gravatar.com\/avatar\/a2aeb00900e30743ff2859dfc3dd11cf7e64bb4ec7a1f349ee3772658a1d087d?s=96&d=mm&r=g\",\"url\":\"https:\/\/secure.gravatar.com\/avatar\/a2aeb00900e30743ff2859dfc3dd11cf7e64bb4ec7a1f349ee3772658a1d087d?s=96&d=mm&r=g\",\"contentUrl\":\"https:\/\/secure.gravatar.com\/avatar\/a2aeb00900e30743ff2859dfc3dd11cf7e64bb4ec7a1f349ee3772658a1d087d?s=96&d=mm&r=g\",\"caption\":\"berta_admin\"},\"sameAs\":[\"https:\/\/interpharma.ch\"]}]}<\/script>\n<!-- \/ Yoast SEO Premium plugin. -->","yoast_head_json":{"title":"Communiqu\u00e9 de Presse: Mesures du plan directeur 2022 \u2013 2026 visant \u00e0 renforcer la recherche et la technologie biom\u00e9dicales en Suisse: une occasion manqu\u00e9e! - Interpharma","robots":{"index":"index","follow":"follow","max-snippet":"max-snippet:-1","max-image-preview":"max-image-preview:large","max-video-preview":"max-video-preview:-1"},"canonical":"https:\/\/www.interpharma.ch\/fr\/blog\/medienmitteilung-massnahmen-des-masterplans-2022-2026-zur-staerkung-der-biomedizinischen-forschung-und-technologie-in-der-schweiz-verpasste-chance\/","og_locale":"fr_FR","og_type":"article","og_title":"Communiqu\u00e9 de Presse: Mesures du plan directeur 2022 \u2013 2026 visant \u00e0 renforcer la recherche et la technologie biom\u00e9dicales en Suisse: une occasion manqu\u00e9e!","og_description":"Le Conseil f\u00e9d\u00e9ral a pr\u00e9sent\u00e9 son catalogue de mesures 2022 \u2013 2026 pour le plan directeur visant \u00e0 renforcer la recherche et la technologie biom\u00e9dicales en Suisse. Interpharma est soulag\u00e9e que le Conseil f\u00e9d\u00e9ral ait reconnu qu\u2019il faut agir au niveau de la concurrence internationale entre les sites. En m\u00eame temps, nous sommes d\u00e9\u00e7us que [&hellip;]","og_url":"https:\/\/www.interpharma.ch\/fr\/blog\/medienmitteilung-massnahmen-des-masterplans-2022-2026-zur-staerkung-der-biomedizinischen-forschung-und-technologie-in-der-schweiz-verpasste-chance\/","og_site_name":"Interpharma","article_published_time":"2022-06-24T08:00:00+00:00","article_modified_time":"2026-03-03T09:52:29+00:00","og_image":[{"width":2309,"height":1299,"url":"https:\/\/www.interpharma.ch\/wp-content\/uploads\/2022\/03\/iStock-1293772969.jpg","type":"image\/jpeg"}],"author":"berta_admin","twitter_card":"summary_large_image","twitter_creator":"@interpharma_ch","twitter_site":"@interpharma_ch","twitter_misc":{"\u00c9crit par":"berta_admin","Dur\u00e9e de lecture estim\u00e9e":"5 minutes"},"schema":{"@context":"https:\/\/schema.org","@graph":[{"@type":"Article","@id":"https:\/\/www.interpharma.ch\/fr\/blog\/medienmitteilung-massnahmen-des-masterplans-2022-2026-zur-staerkung-der-biomedizinischen-forschung-und-technologie-in-der-schweiz-verpasste-chance\/#article","isPartOf":{"@id":"https:\/\/www.interpharma.ch\/fr\/blog\/medienmitteilung-massnahmen-des-masterplans-2022-2026-zur-staerkung-der-biomedizinischen-forschung-und-technologie-in-der-schweiz-verpasste-chance\/"},"author":{"name":"berta_admin","@id":"https:\/\/www.interpharma.ch\/#\/schema\/person\/1302f3da278bb3f8995756877d107818"},"headline":"Communiqu\u00e9 de Presse: Mesures du plan directeur 2022 \u2013 2026 visant \u00e0 renforcer la recherche et la technologie biom\u00e9dicales en Suisse: une occasion manqu\u00e9e!","datePublished":"2022-06-24T08:00:00+00:00","dateModified":"2026-03-03T09:52:29+00:00","mainEntityOfPage":{"@id":"https:\/\/www.interpharma.ch\/fr\/blog\/medienmitteilung-massnahmen-des-masterplans-2022-2026-zur-staerkung-der-biomedizinischen-forschung-und-technologie-in-der-schweiz-verpasste-chance\/"},"wordCount":993,"publisher":{"@id":"https:\/\/www.interpharma.ch\/#organization"},"image":{"@id":"https:\/\/www.interpharma.ch\/fr\/blog\/medienmitteilung-massnahmen-des-masterplans-2022-2026-zur-staerkung-der-biomedizinischen-forschung-und-technologie-in-der-schweiz-verpasste-chance\/#primaryimage"},"thumbnailUrl":"https:\/\/www.interpharma.ch\/wp-content\/uploads\/2022\/03\/iStock-1293772969.jpg","keywords":["Communiqu\u00e9 de presse"],"inLanguage":"fr-FR","copyrightYear":"2022","copyrightHolder":{"@id":"https:\/\/www.interpharma.ch\/#organization"}},{"@type":"WebPage","@id":"https:\/\/www.interpharma.ch\/fr\/blog\/medienmitteilung-massnahmen-des-masterplans-2022-2026-zur-staerkung-der-biomedizinischen-forschung-und-technologie-in-der-schweiz-verpasste-chance\/","url":"https:\/\/www.interpharma.ch\/fr\/blog\/medienmitteilung-massnahmen-des-masterplans-2022-2026-zur-staerkung-der-biomedizinischen-forschung-und-technologie-in-der-schweiz-verpasste-chance\/","name":"Communiqu\u00e9 de Presse: Mesures du plan directeur 2022 \u2013 2026 visant \u00e0 renforcer la recherche et la technologie biom\u00e9dicales en Suisse: une occasion manqu\u00e9e! - Interpharma","isPartOf":{"@id":"https:\/\/www.interpharma.ch\/#website"},"primaryImageOfPage":{"@id":"https:\/\/www.interpharma.ch\/fr\/blog\/medienmitteilung-massnahmen-des-masterplans-2022-2026-zur-staerkung-der-biomedizinischen-forschung-und-technologie-in-der-schweiz-verpasste-chance\/#primaryimage"},"image":{"@id":"https:\/\/www.interpharma.ch\/fr\/blog\/medienmitteilung-massnahmen-des-masterplans-2022-2026-zur-staerkung-der-biomedizinischen-forschung-und-technologie-in-der-schweiz-verpasste-chance\/#primaryimage"},"thumbnailUrl":"https:\/\/www.interpharma.ch\/wp-content\/uploads\/2022\/03\/iStock-1293772969.jpg","datePublished":"2022-06-24T08:00:00+00:00","dateModified":"2026-03-03T09:52:29+00:00","breadcrumb":{"@id":"https:\/\/www.interpharma.ch\/fr\/blog\/medienmitteilung-massnahmen-des-masterplans-2022-2026-zur-staerkung-der-biomedizinischen-forschung-und-technologie-in-der-schweiz-verpasste-chance\/#breadcrumb"},"inLanguage":"fr-FR","potentialAction":[{"@type":"ReadAction","target":["https:\/\/www.interpharma.ch\/fr\/blog\/medienmitteilung-massnahmen-des-masterplans-2022-2026-zur-staerkung-der-biomedizinischen-forschung-und-technologie-in-der-schweiz-verpasste-chance\/"]}]},{"@type":"ImageObject","inLanguage":"fr-FR","@id":"https:\/\/www.interpharma.ch\/fr\/blog\/medienmitteilung-massnahmen-des-masterplans-2022-2026-zur-staerkung-der-biomedizinischen-forschung-und-technologie-in-der-schweiz-verpasste-chance\/#primaryimage","url":"https:\/\/www.interpharma.ch\/wp-content\/uploads\/2022\/03\/iStock-1293772969.jpg","contentUrl":"https:\/\/www.interpharma.ch\/wp-content\/uploads\/2022\/03\/iStock-1293772969.jpg","width":2309,"height":1299},{"@type":"BreadcrumbList","@id":"https:\/\/www.interpharma.ch\/fr\/blog\/medienmitteilung-massnahmen-des-masterplans-2022-2026-zur-staerkung-der-biomedizinischen-forschung-und-technologie-in-der-schweiz-verpasste-chance\/#breadcrumb","itemListElement":[{"@type":"ListItem","position":1,"name":"Startseite","item":"https:\/\/www.interpharma.ch\/fr\/"},{"@type":"ListItem","position":2,"name":"Communiqu\u00e9 de Presse: Mesures du plan directeur 2022 \u2013 2026 visant \u00e0 renforcer la recherche et la technologie biom\u00e9dicales en Suisse: une occasion manqu\u00e9e!"}]},{"@type":"WebSite","@id":"https:\/\/www.interpharma.ch\/#website","url":"https:\/\/www.interpharma.ch\/","name":"Interpharma","description":"Verband der forschenden Pharmazeutischen Firmen","publisher":{"@id":"https:\/\/www.interpharma.ch\/#organization"},"potentialAction":[{"@type":"SearchAction","target":{"@type":"EntryPoint","urlTemplate":"https:\/\/www.interpharma.ch\/?s={search_term_string}"},"query-input":{"@type":"PropertyValueSpecification","valueRequired":true,"valueName":"search_term_string"}}],"inLanguage":"fr-FR"},{"@type":"Organization","@id":"https:\/\/www.interpharma.ch\/#organization","name":"Interpharma","url":"https:\/\/www.interpharma.ch\/","logo":{"@type":"ImageObject","inLanguage":"fr-FR","@id":"https:\/\/www.interpharma.ch\/#\/schema\/logo\/image\/","url":"https:\/\/interpharma.ch\/wp-content\/uploads\/2026\/03\/20251014_iph_logo_wort_bildmarke_rgb_final_cu01.svg","contentUrl":"https:\/\/interpharma.ch\/wp-content\/uploads\/2026\/03\/20251014_iph_logo_wort_bildmarke_rgb_final_cu01.svg","width":"1200","height":"1200","caption":"Interpharma"},"image":{"@id":"https:\/\/www.interpharma.ch\/#\/schema\/logo\/image\/"},"sameAs":["https:\/\/x.com\/interpharma_ch","https:\/\/ch.linkedin.com\/company\/interpharma","https:\/\/www.instagram.com\/interpharma_ch\/"]},{"@type":"Person","@id":"https:\/\/www.interpharma.ch\/#\/schema\/person\/1302f3da278bb3f8995756877d107818","name":"berta_admin","image":{"@type":"ImageObject","inLanguage":"fr-FR","@id":"https:\/\/secure.gravatar.com\/avatar\/a2aeb00900e30743ff2859dfc3dd11cf7e64bb4ec7a1f349ee3772658a1d087d?s=96&d=mm&r=g","url":"https:\/\/secure.gravatar.com\/avatar\/a2aeb00900e30743ff2859dfc3dd11cf7e64bb4ec7a1f349ee3772658a1d087d?s=96&d=mm&r=g","contentUrl":"https:\/\/secure.gravatar.com\/avatar\/a2aeb00900e30743ff2859dfc3dd11cf7e64bb4ec7a1f349ee3772658a1d087d?s=96&d=mm&r=g","caption":"berta_admin"},"sameAs":["https:\/\/interpharma.ch"]}]}},"_links":{"self":[{"href":"https:\/\/www.interpharma.ch\/fr\/wp-json\/wp\/v2\/posts\/12943","targetHints":{"allow":["GET"]}}],"collection":[{"href":"https:\/\/www.interpharma.ch\/fr\/wp-json\/wp\/v2\/posts"}],"about":[{"href":"https:\/\/www.interpharma.ch\/fr\/wp-json\/wp\/v2\/types\/post"}],"author":[{"embeddable":true,"href":"https:\/\/www.interpharma.ch\/fr\/wp-json\/wp\/v2\/users\/1"}],"replies":[{"embeddable":true,"href":"https:\/\/www.interpharma.ch\/fr\/wp-json\/wp\/v2\/comments?post=12943"}],"version-history":[{"count":1,"href":"https:\/\/www.interpharma.ch\/fr\/wp-json\/wp\/v2\/posts\/12943\/revisions"}],"predecessor-version":[{"id":12944,"href":"https:\/\/www.interpharma.ch\/fr\/wp-json\/wp\/v2\/posts\/12943\/revisions\/12944"}],"wp:featuredmedia":[{"embeddable":true,"href":"https:\/\/www.interpharma.ch\/fr\/wp-json\/wp\/v2\/media\/2233"}],"wp:attachment":[{"href":"https:\/\/www.interpharma.ch\/fr\/wp-json\/wp\/v2\/media?parent=12943"}],"wp:term":[{"taxonomy":"post_tag","embeddable":true,"href":"https:\/\/www.interpharma.ch\/fr\/wp-json\/wp\/v2\/tags?post=12943"}],"curies":[{"name":"wp","href":"https:\/\/api.w.org\/{rel}","templated":true}]}}