{"id":12769,"date":"2022-12-16T12:44:53","date_gmt":"2022-12-16T11:44:53","guid":{"rendered":"https:\/\/iph-multisite.berta-bewegt.ch\/?p=12769"},"modified":"2026-03-03T10:48:08","modified_gmt":"2026-03-03T09:48:08","slug":"gute-nachrichten-fuer-den-produktionsstandort-schweiz","status":"publish","type":"post","link":"https:\/\/www.interpharma.ch\/fr\/blog\/gute-nachrichten-fuer-den-produktionsstandort-schweiz\/","title":{"rendered":"Communiqu\u00e9 de presse: Bonne nouvelle pour la place de production suisse"},"content":{"rendered":"\n<p class=\"is-style-paragraph-lead-text\"><strong>Interpharma salue l\u2019acceptation par le Conseil f\u00e9d\u00e9ral de l\u2019accord avec les \u00c9tats-Unis sur la reconnaissance mutuelle des r\u00e9sultats d\u2019inspections.<\/strong><\/p>\n\n\n\n<p>Interpharma salue l\u2019acceptation par le Conseil f\u00e9d\u00e9ral de l\u2019accord avec les \u00c9tats-Unis sur la reconnaissance mutuelle des r\u00e9sultats d\u2019inspections (GMP MRA). Les \u00c9tats-Unis sont le deuxi\u00e8me partenaire commercial des entreprises pharmaceutiques pratiquant la recherche en Suisse. Sur 109&nbsp;milliards de francs d\u2019exportations de produits pharmaceutiques et 41&nbsp;milliards de francs d\u2019importations au total, les \u00c9tats-Unis repr\u00e9sentent respectivement 26% et 10%. Depuis 2012, les exportations de produits pharmaceutiques vers les \u00c9tats-Unis et les importations en provenance des \u00c9tats-Unis ont augment\u00e9 respectivement de 14% et 4% en moyenne.<\/p>\n\n\n\n<p>L\u2019accord facilite le commerce entre les deux pays, car il r\u00e9duit le travail et les frais administratifs: l\u2019inspection d\u2019un site de production ou la certification d\u2019un lot de produits sollicite beaucoup de ressources personnelles et financi\u00e8res de l\u2019entreprise que la conclusion de l\u2019accord lib\u00e8re pour les activit\u00e9s innovantes. Les autorit\u00e9s de r\u00e9gulation peuvent s\u2019\u00e9pargner des voyages, se concentrer sur les inspections dans leur propre pays et, par l\u2019interaction avec les fabricants pr\u00e9sents sur leur march\u00e9, utiliser des synergies et tirer des enseignements.<\/p>\n\n\n\n<p><strong>Renforcement de la s\u00e9curit\u00e9 d\u2019approvisionnement<\/strong><strong><\/strong><\/p>\n\n\n\n<p>L\u2019\u00e9limination par l\u2019accord des obstacles non tarifaires au commerce signifie concr\u00e8tement que Swissmedic et la <em>Food and Drug Administration<\/em> (FDA) am\u00e9ricaine, apr\u00e8s contr\u00f4le soigneux des pratiques d\u2019inspection de l\u2019\u00c9tat partenaire, renoncent mutuellement \u00e0 inspecter les sites de production des fabricants de produits pharmaceutiques de l\u2019autre pays. Les deux autorit\u00e9s re\u00e7oivent les r\u00e9sultats des inspections du partenaire et \u00e9valuent la qualit\u00e9 du syst\u00e8me de fabrication den entreprises productrices sur cette base. Cette simplification n\u2019affecte pas les exigences r\u00e8glementaires pos\u00e9es \u00e0 l\u2019autorisation de mise sur le march\u00e9 des m\u00e9dicaments en Suisse et aux \u00c9tats-Unis.<\/p>\n\n\n\n<p>L\u2019accord renforce la s\u00e9curit\u00e9 d\u2019approvisionnement en Suisse, car il contribue \u00e0 la r\u00e9silience des cha\u00eenes d\u2019approvisionnement mondiales. Par ailleurs, cela veut dire que dans le secteur concern\u00e9 par cet accord, la Suisse sera \u00e0 l\u2019avenir sur un pied d\u2019\u00e9galit\u00e9 avec l\u2019UE et le Royaume-Uni qui ont d\u00e9j\u00e0 conclu des accords similaires avec les \u00c9tats-Unis.<\/p>\n","protected":false},"excerpt":{"rendered":"<p>Interpharma salue l\u2019acceptation par le Conseil f\u00e9d\u00e9ral de l\u2019accord avec les \u00c9tats-Unis sur la reconnaissance mutuelle des r\u00e9sultats d\u2019inspections. Interpharma salue l\u2019acceptation par le Conseil f\u00e9d\u00e9ral de l\u2019accord avec les \u00c9tats-Unis sur la reconnaissance mutuelle des r\u00e9sultats d\u2019inspections (GMP MRA). Les \u00c9tats-Unis sont le deuxi\u00e8me partenaire commercial des entreprises pharmaceutiques pratiquant la recherche en Suisse. [&hellip;]<\/p>\n","protected":false},"author":1,"featured_media":2565,"comment_status":"closed","ping_status":"open","sticky":false,"template":"","format":"standard","meta":{"_acf_changed":false,"inline_featured_image":false,"footnotes":""},"tags":[122],"class_list":["post-12769","post","type-post","status-publish","format-standard","has-post-thumbnail","hentry","tag-communique-de-presse"],"acf":[],"yoast_head":"<!-- This site is optimized with the Yoast SEO Premium plugin v27.2 (Yoast SEO v27.2) - https:\/\/yoast.com\/product\/yoast-seo-premium-wordpress\/ -->\n<title>Communiqu\u00e9 de presse: Bonne nouvelle pour la place de production suisse - Interpharma<\/title>\n<meta name=\"robots\" content=\"index, follow, max-snippet:-1, max-image-preview:large, max-video-preview:-1\" \/>\n<link rel=\"canonical\" href=\"https:\/\/www.interpharma.ch\/fr\/blog\/gute-nachrichten-fuer-den-produktionsstandort-schweiz\/\" \/>\n<meta property=\"og:locale\" content=\"fr_FR\" \/>\n<meta property=\"og:type\" content=\"article\" \/>\n<meta property=\"og:title\" content=\"Communiqu\u00e9 de presse: Bonne nouvelle pour la place de production suisse\" \/>\n<meta property=\"og:description\" content=\"Interpharma salue l\u2019acceptation par le Conseil f\u00e9d\u00e9ral de l\u2019accord avec les \u00c9tats-Unis sur la reconnaissance mutuelle des r\u00e9sultats d\u2019inspections. Interpharma salue l\u2019acceptation par le Conseil f\u00e9d\u00e9ral de l\u2019accord avec les \u00c9tats-Unis sur la reconnaissance mutuelle des r\u00e9sultats d\u2019inspections (GMP MRA). Les \u00c9tats-Unis sont le deuxi\u00e8me partenaire commercial des entreprises pharmaceutiques pratiquant la recherche en Suisse. [&hellip;]\" \/>\n<meta property=\"og:url\" content=\"https:\/\/www.interpharma.ch\/fr\/blog\/gute-nachrichten-fuer-den-produktionsstandort-schweiz\/\" \/>\n<meta property=\"og:site_name\" content=\"Interpharma\" \/>\n<meta property=\"article:published_time\" content=\"2022-12-16T11:44:53+00:00\" \/>\n<meta property=\"article:modified_time\" content=\"2026-03-03T09:48:08+00:00\" \/>\n<meta property=\"og:image\" content=\"https:\/\/www.interpharma.ch\/wp-content\/uploads\/2022\/12\/CH-USA-scaled.jpg\" \/>\n\t<meta property=\"og:image:width\" content=\"2560\" \/>\n\t<meta property=\"og:image:height\" content=\"1731\" \/>\n\t<meta property=\"og:image:type\" content=\"image\/jpeg\" \/>\n<meta name=\"author\" content=\"berta_admin\" \/>\n<meta name=\"twitter:card\" content=\"summary_large_image\" \/>\n<meta name=\"twitter:creator\" content=\"@interpharma_ch\" \/>\n<meta name=\"twitter:site\" content=\"@interpharma_ch\" \/>\n<meta name=\"twitter:label1\" content=\"\u00c9crit par\" \/>\n\t<meta name=\"twitter:data1\" content=\"berta_admin\" \/>\n\t<meta name=\"twitter:label2\" content=\"Dur\u00e9e de lecture estim\u00e9e\" \/>\n\t<meta name=\"twitter:data2\" content=\"2 minutes\" \/>\n<script type=\"application\/ld+json\" class=\"yoast-schema-graph\">{\"@context\":\"https:\/\/schema.org\",\"@graph\":[{\"@type\":\"Article\",\"@id\":\"https:\/\/www.interpharma.ch\/fr\/blog\/gute-nachrichten-fuer-den-produktionsstandort-schweiz\/#article\",\"isPartOf\":{\"@id\":\"https:\/\/www.interpharma.ch\/fr\/blog\/gute-nachrichten-fuer-den-produktionsstandort-schweiz\/\"},\"author\":{\"name\":\"berta_admin\",\"@id\":\"https:\/\/www.interpharma.ch\/#\/schema\/person\/1302f3da278bb3f8995756877d107818\"},\"headline\":\"Communiqu\u00e9 de presse: Bonne nouvelle pour la place de production suisse\",\"datePublished\":\"2022-12-16T11:44:53+00:00\",\"dateModified\":\"2026-03-03T09:48:08+00:00\",\"mainEntityOfPage\":{\"@id\":\"https:\/\/www.interpharma.ch\/fr\/blog\/gute-nachrichten-fuer-den-produktionsstandort-schweiz\/\"},\"wordCount\":401,\"publisher\":{\"@id\":\"https:\/\/www.interpharma.ch\/#organization\"},\"image\":{\"@id\":\"https:\/\/www.interpharma.ch\/fr\/blog\/gute-nachrichten-fuer-den-produktionsstandort-schweiz\/#primaryimage\"},\"thumbnailUrl\":\"https:\/\/www.interpharma.ch\/wp-content\/uploads\/2022\/12\/CH-USA-scaled.jpg\",\"keywords\":[\"Communiqu\u00e9 de presse\"],\"inLanguage\":\"fr-FR\",\"copyrightYear\":\"2022\",\"copyrightHolder\":{\"@id\":\"https:\/\/www.interpharma.ch\/#organization\"}},{\"@type\":\"WebPage\",\"@id\":\"https:\/\/www.interpharma.ch\/fr\/blog\/gute-nachrichten-fuer-den-produktionsstandort-schweiz\/\",\"url\":\"https:\/\/www.interpharma.ch\/fr\/blog\/gute-nachrichten-fuer-den-produktionsstandort-schweiz\/\",\"name\":\"Communiqu\u00e9 de presse: Bonne nouvelle pour la place de production suisse - Interpharma\",\"isPartOf\":{\"@id\":\"https:\/\/www.interpharma.ch\/#website\"},\"primaryImageOfPage\":{\"@id\":\"https:\/\/www.interpharma.ch\/fr\/blog\/gute-nachrichten-fuer-den-produktionsstandort-schweiz\/#primaryimage\"},\"image\":{\"@id\":\"https:\/\/www.interpharma.ch\/fr\/blog\/gute-nachrichten-fuer-den-produktionsstandort-schweiz\/#primaryimage\"},\"thumbnailUrl\":\"https:\/\/www.interpharma.ch\/wp-content\/uploads\/2022\/12\/CH-USA-scaled.jpg\",\"datePublished\":\"2022-12-16T11:44:53+00:00\",\"dateModified\":\"2026-03-03T09:48:08+00:00\",\"breadcrumb\":{\"@id\":\"https:\/\/www.interpharma.ch\/fr\/blog\/gute-nachrichten-fuer-den-produktionsstandort-schweiz\/#breadcrumb\"},\"inLanguage\":\"fr-FR\",\"potentialAction\":[{\"@type\":\"ReadAction\",\"target\":[\"https:\/\/www.interpharma.ch\/fr\/blog\/gute-nachrichten-fuer-den-produktionsstandort-schweiz\/\"]}]},{\"@type\":\"ImageObject\",\"inLanguage\":\"fr-FR\",\"@id\":\"https:\/\/www.interpharma.ch\/fr\/blog\/gute-nachrichten-fuer-den-produktionsstandort-schweiz\/#primaryimage\",\"url\":\"https:\/\/www.interpharma.ch\/wp-content\/uploads\/2022\/12\/CH-USA-scaled.jpg\",\"contentUrl\":\"https:\/\/www.interpharma.ch\/wp-content\/uploads\/2022\/12\/CH-USA-scaled.jpg\",\"width\":2560,\"height\":1731},{\"@type\":\"BreadcrumbList\",\"@id\":\"https:\/\/www.interpharma.ch\/fr\/blog\/gute-nachrichten-fuer-den-produktionsstandort-schweiz\/#breadcrumb\",\"itemListElement\":[{\"@type\":\"ListItem\",\"position\":1,\"name\":\"Startseite\",\"item\":\"https:\/\/www.interpharma.ch\/fr\/\"},{\"@type\":\"ListItem\",\"position\":2,\"name\":\"Communiqu\u00e9 de presse: Bonne nouvelle pour la place de production suisse\"}]},{\"@type\":\"WebSite\",\"@id\":\"https:\/\/www.interpharma.ch\/#website\",\"url\":\"https:\/\/www.interpharma.ch\/\",\"name\":\"Interpharma\",\"description\":\"Verband der forschenden Pharmazeutischen Firmen\",\"publisher\":{\"@id\":\"https:\/\/www.interpharma.ch\/#organization\"},\"potentialAction\":[{\"@type\":\"SearchAction\",\"target\":{\"@type\":\"EntryPoint\",\"urlTemplate\":\"https:\/\/www.interpharma.ch\/?s={search_term_string}\"},\"query-input\":{\"@type\":\"PropertyValueSpecification\",\"valueRequired\":true,\"valueName\":\"search_term_string\"}}],\"inLanguage\":\"fr-FR\"},{\"@type\":\"Organization\",\"@id\":\"https:\/\/www.interpharma.ch\/#organization\",\"name\":\"Interpharma\",\"url\":\"https:\/\/www.interpharma.ch\/\",\"logo\":{\"@type\":\"ImageObject\",\"inLanguage\":\"fr-FR\",\"@id\":\"https:\/\/www.interpharma.ch\/#\/schema\/logo\/image\/\",\"url\":\"https:\/\/interpharma.ch\/wp-content\/uploads\/2026\/03\/20251014_iph_logo_wort_bildmarke_rgb_final_cu01.svg\",\"contentUrl\":\"https:\/\/interpharma.ch\/wp-content\/uploads\/2026\/03\/20251014_iph_logo_wort_bildmarke_rgb_final_cu01.svg\",\"width\":\"1200\",\"height\":\"1200\",\"caption\":\"Interpharma\"},\"image\":{\"@id\":\"https:\/\/www.interpharma.ch\/#\/schema\/logo\/image\/\"},\"sameAs\":[\"https:\/\/x.com\/interpharma_ch\",\"https:\/\/ch.linkedin.com\/company\/interpharma\",\"https:\/\/www.instagram.com\/interpharma_ch\/\"]},{\"@type\":\"Person\",\"@id\":\"https:\/\/www.interpharma.ch\/#\/schema\/person\/1302f3da278bb3f8995756877d107818\",\"name\":\"berta_admin\",\"image\":{\"@type\":\"ImageObject\",\"inLanguage\":\"fr-FR\",\"@id\":\"https:\/\/secure.gravatar.com\/avatar\/a2aeb00900e30743ff2859dfc3dd11cf7e64bb4ec7a1f349ee3772658a1d087d?s=96&d=mm&r=g\",\"url\":\"https:\/\/secure.gravatar.com\/avatar\/a2aeb00900e30743ff2859dfc3dd11cf7e64bb4ec7a1f349ee3772658a1d087d?s=96&d=mm&r=g\",\"contentUrl\":\"https:\/\/secure.gravatar.com\/avatar\/a2aeb00900e30743ff2859dfc3dd11cf7e64bb4ec7a1f349ee3772658a1d087d?s=96&d=mm&r=g\",\"caption\":\"berta_admin\"},\"sameAs\":[\"https:\/\/interpharma.ch\"]}]}<\/script>\n<!-- \/ Yoast SEO Premium plugin. -->","yoast_head_json":{"title":"Communiqu\u00e9 de presse: Bonne nouvelle pour la place de production suisse - Interpharma","robots":{"index":"index","follow":"follow","max-snippet":"max-snippet:-1","max-image-preview":"max-image-preview:large","max-video-preview":"max-video-preview:-1"},"canonical":"https:\/\/www.interpharma.ch\/fr\/blog\/gute-nachrichten-fuer-den-produktionsstandort-schweiz\/","og_locale":"fr_FR","og_type":"article","og_title":"Communiqu\u00e9 de presse: Bonne nouvelle pour la place de production suisse","og_description":"Interpharma salue l\u2019acceptation par le Conseil f\u00e9d\u00e9ral de l\u2019accord avec les \u00c9tats-Unis sur la reconnaissance mutuelle des r\u00e9sultats d\u2019inspections. Interpharma salue l\u2019acceptation par le Conseil f\u00e9d\u00e9ral de l\u2019accord avec les \u00c9tats-Unis sur la reconnaissance mutuelle des r\u00e9sultats d\u2019inspections (GMP MRA). Les \u00c9tats-Unis sont le deuxi\u00e8me partenaire commercial des entreprises pharmaceutiques pratiquant la recherche en Suisse. [&hellip;]","og_url":"https:\/\/www.interpharma.ch\/fr\/blog\/gute-nachrichten-fuer-den-produktionsstandort-schweiz\/","og_site_name":"Interpharma","article_published_time":"2022-12-16T11:44:53+00:00","article_modified_time":"2026-03-03T09:48:08+00:00","og_image":[{"width":2560,"height":1731,"url":"https:\/\/www.interpharma.ch\/wp-content\/uploads\/2022\/12\/CH-USA-scaled.jpg","type":"image\/jpeg"}],"author":"berta_admin","twitter_card":"summary_large_image","twitter_creator":"@interpharma_ch","twitter_site":"@interpharma_ch","twitter_misc":{"\u00c9crit par":"berta_admin","Dur\u00e9e de lecture estim\u00e9e":"2 minutes"},"schema":{"@context":"https:\/\/schema.org","@graph":[{"@type":"Article","@id":"https:\/\/www.interpharma.ch\/fr\/blog\/gute-nachrichten-fuer-den-produktionsstandort-schweiz\/#article","isPartOf":{"@id":"https:\/\/www.interpharma.ch\/fr\/blog\/gute-nachrichten-fuer-den-produktionsstandort-schweiz\/"},"author":{"name":"berta_admin","@id":"https:\/\/www.interpharma.ch\/#\/schema\/person\/1302f3da278bb3f8995756877d107818"},"headline":"Communiqu\u00e9 de presse: Bonne nouvelle pour la place de production suisse","datePublished":"2022-12-16T11:44:53+00:00","dateModified":"2026-03-03T09:48:08+00:00","mainEntityOfPage":{"@id":"https:\/\/www.interpharma.ch\/fr\/blog\/gute-nachrichten-fuer-den-produktionsstandort-schweiz\/"},"wordCount":401,"publisher":{"@id":"https:\/\/www.interpharma.ch\/#organization"},"image":{"@id":"https:\/\/www.interpharma.ch\/fr\/blog\/gute-nachrichten-fuer-den-produktionsstandort-schweiz\/#primaryimage"},"thumbnailUrl":"https:\/\/www.interpharma.ch\/wp-content\/uploads\/2022\/12\/CH-USA-scaled.jpg","keywords":["Communiqu\u00e9 de presse"],"inLanguage":"fr-FR","copyrightYear":"2022","copyrightHolder":{"@id":"https:\/\/www.interpharma.ch\/#organization"}},{"@type":"WebPage","@id":"https:\/\/www.interpharma.ch\/fr\/blog\/gute-nachrichten-fuer-den-produktionsstandort-schweiz\/","url":"https:\/\/www.interpharma.ch\/fr\/blog\/gute-nachrichten-fuer-den-produktionsstandort-schweiz\/","name":"Communiqu\u00e9 de presse: Bonne nouvelle pour la place de production suisse - Interpharma","isPartOf":{"@id":"https:\/\/www.interpharma.ch\/#website"},"primaryImageOfPage":{"@id":"https:\/\/www.interpharma.ch\/fr\/blog\/gute-nachrichten-fuer-den-produktionsstandort-schweiz\/#primaryimage"},"image":{"@id":"https:\/\/www.interpharma.ch\/fr\/blog\/gute-nachrichten-fuer-den-produktionsstandort-schweiz\/#primaryimage"},"thumbnailUrl":"https:\/\/www.interpharma.ch\/wp-content\/uploads\/2022\/12\/CH-USA-scaled.jpg","datePublished":"2022-12-16T11:44:53+00:00","dateModified":"2026-03-03T09:48:08+00:00","breadcrumb":{"@id":"https:\/\/www.interpharma.ch\/fr\/blog\/gute-nachrichten-fuer-den-produktionsstandort-schweiz\/#breadcrumb"},"inLanguage":"fr-FR","potentialAction":[{"@type":"ReadAction","target":["https:\/\/www.interpharma.ch\/fr\/blog\/gute-nachrichten-fuer-den-produktionsstandort-schweiz\/"]}]},{"@type":"ImageObject","inLanguage":"fr-FR","@id":"https:\/\/www.interpharma.ch\/fr\/blog\/gute-nachrichten-fuer-den-produktionsstandort-schweiz\/#primaryimage","url":"https:\/\/www.interpharma.ch\/wp-content\/uploads\/2022\/12\/CH-USA-scaled.jpg","contentUrl":"https:\/\/www.interpharma.ch\/wp-content\/uploads\/2022\/12\/CH-USA-scaled.jpg","width":2560,"height":1731},{"@type":"BreadcrumbList","@id":"https:\/\/www.interpharma.ch\/fr\/blog\/gute-nachrichten-fuer-den-produktionsstandort-schweiz\/#breadcrumb","itemListElement":[{"@type":"ListItem","position":1,"name":"Startseite","item":"https:\/\/www.interpharma.ch\/fr\/"},{"@type":"ListItem","position":2,"name":"Communiqu\u00e9 de presse: Bonne nouvelle pour la place de production suisse"}]},{"@type":"WebSite","@id":"https:\/\/www.interpharma.ch\/#website","url":"https:\/\/www.interpharma.ch\/","name":"Interpharma","description":"Verband der forschenden Pharmazeutischen Firmen","publisher":{"@id":"https:\/\/www.interpharma.ch\/#organization"},"potentialAction":[{"@type":"SearchAction","target":{"@type":"EntryPoint","urlTemplate":"https:\/\/www.interpharma.ch\/?s={search_term_string}"},"query-input":{"@type":"PropertyValueSpecification","valueRequired":true,"valueName":"search_term_string"}}],"inLanguage":"fr-FR"},{"@type":"Organization","@id":"https:\/\/www.interpharma.ch\/#organization","name":"Interpharma","url":"https:\/\/www.interpharma.ch\/","logo":{"@type":"ImageObject","inLanguage":"fr-FR","@id":"https:\/\/www.interpharma.ch\/#\/schema\/logo\/image\/","url":"https:\/\/interpharma.ch\/wp-content\/uploads\/2026\/03\/20251014_iph_logo_wort_bildmarke_rgb_final_cu01.svg","contentUrl":"https:\/\/interpharma.ch\/wp-content\/uploads\/2026\/03\/20251014_iph_logo_wort_bildmarke_rgb_final_cu01.svg","width":"1200","height":"1200","caption":"Interpharma"},"image":{"@id":"https:\/\/www.interpharma.ch\/#\/schema\/logo\/image\/"},"sameAs":["https:\/\/x.com\/interpharma_ch","https:\/\/ch.linkedin.com\/company\/interpharma","https:\/\/www.instagram.com\/interpharma_ch\/"]},{"@type":"Person","@id":"https:\/\/www.interpharma.ch\/#\/schema\/person\/1302f3da278bb3f8995756877d107818","name":"berta_admin","image":{"@type":"ImageObject","inLanguage":"fr-FR","@id":"https:\/\/secure.gravatar.com\/avatar\/a2aeb00900e30743ff2859dfc3dd11cf7e64bb4ec7a1f349ee3772658a1d087d?s=96&d=mm&r=g","url":"https:\/\/secure.gravatar.com\/avatar\/a2aeb00900e30743ff2859dfc3dd11cf7e64bb4ec7a1f349ee3772658a1d087d?s=96&d=mm&r=g","contentUrl":"https:\/\/secure.gravatar.com\/avatar\/a2aeb00900e30743ff2859dfc3dd11cf7e64bb4ec7a1f349ee3772658a1d087d?s=96&d=mm&r=g","caption":"berta_admin"},"sameAs":["https:\/\/interpharma.ch"]}]}},"_links":{"self":[{"href":"https:\/\/www.interpharma.ch\/fr\/wp-json\/wp\/v2\/posts\/12769","targetHints":{"allow":["GET"]}}],"collection":[{"href":"https:\/\/www.interpharma.ch\/fr\/wp-json\/wp\/v2\/posts"}],"about":[{"href":"https:\/\/www.interpharma.ch\/fr\/wp-json\/wp\/v2\/types\/post"}],"author":[{"embeddable":true,"href":"https:\/\/www.interpharma.ch\/fr\/wp-json\/wp\/v2\/users\/1"}],"replies":[{"embeddable":true,"href":"https:\/\/www.interpharma.ch\/fr\/wp-json\/wp\/v2\/comments?post=12769"}],"version-history":[{"count":1,"href":"https:\/\/www.interpharma.ch\/fr\/wp-json\/wp\/v2\/posts\/12769\/revisions"}],"predecessor-version":[{"id":12770,"href":"https:\/\/www.interpharma.ch\/fr\/wp-json\/wp\/v2\/posts\/12769\/revisions\/12770"}],"wp:featuredmedia":[{"embeddable":true,"href":"https:\/\/www.interpharma.ch\/fr\/wp-json\/wp\/v2\/media\/2565"}],"wp:attachment":[{"href":"https:\/\/www.interpharma.ch\/fr\/wp-json\/wp\/v2\/media?parent=12769"}],"wp:term":[{"taxonomy":"post_tag","embeddable":true,"href":"https:\/\/www.interpharma.ch\/fr\/wp-json\/wp\/v2\/tags?post=12769"}],"curies":[{"name":"wp","href":"https:\/\/api.w.org\/{rel}","templated":true}]}}