{"id":12685,"date":"2023-03-30T13:30:00","date_gmt":"2023-03-30T11:30:00","guid":{"rendered":"https:\/\/iph-multisite.berta-bewegt.ch\/?p=12685"},"modified":"2026-03-03T10:45:50","modified_gmt":"2026-03-03T09:45:50","slug":"communique-de-presse-interpharma-90-ans-dinnovation-et-dengagement-au-service-des-patientes-et-patients-de-suisse","status":"publish","type":"post","link":"https:\/\/www.interpharma.ch\/fr\/blog\/communique-de-presse-interpharma-90-ans-dinnovation-et-dengagement-au-service-des-patientes-et-patients-de-suisse\/","title":{"rendered":"<strong>Communiqu\u00e9 de presse: Interpharma: 90\u00a0ans d\u2019innovation et d\u2019engagement au service des patientes et patients de Suisse<\/strong>"},"content":{"rendered":"\n<p class=\"is-style-paragraph-lead-text\"><strong>Aujourd\u2019hui, Interpharma a f\u00eat\u00e9 la Journ\u00e9e de l\u2019industrie pharmaceutique 2023 et lanc\u00e9 l\u2019ann\u00e9e de son 90<sup>e<\/sup> anniversaire. L\u2019association des entreprises pharmaceutiques de Suisse est synonyme d\u2019engagement infatigable et d\u2019innovation permanente au service des patientes et patients. Il faut poursuivre cette histoire \u00e0 succ\u00e8s de la place pharmaceutique suisse. En pr\u00e9sence d\u2019Alain Berset, pr\u00e9sident de la Conf\u00e9d\u00e9ration, de la professeure Elizabeth Teisberg, qui a fait une allocution liminaire, et de nombreux invit\u00e9-e-s de renom, Interpharma a pass\u00e9 en revue les d\u00e9fis et chances actuels et futurs pour le syst\u00e8me de sant\u00e9 et la place suisse. Afin de mieux faire prendre conscience de l\u2019apport de la branche pharmaceutique pour la soci\u00e9t\u00e9, Interpharma a \u00e9galement op\u00e9r\u00e9 un nouveau lancement de sa campagne \u00ab<\/strong><a href=\"https:\/\/la-recherche-continue.ch\/\"><strong><mark style=\"background-color:rgba(0, 0, 0, 0)\" class=\"has-inline-color has-vivid-cyan-blue-color\">La recherche continue<\/mark><\/strong><\/a><strong>\u00bb.<\/strong><\/p>\n\n\n\n<p>Les entreprises pharmaceutiques pratiquant la recherche sont le moteur de la place \u00e9conomique suisse et de l\u2019innovation dans notre pays: elles contribuent consid\u00e9rablement \u00e0 la valeur ajout\u00e9e et \u00e0 la prosp\u00e9rit\u00e9, proposent une large gamme d\u2019emplois et accomplissent des travaux de recherche de rang mondial. Avec une part de 42% de l\u2019ensemble des exportations, l\u2019industrie pharmaceutique est de loin la principale branche exportatrice de Suisse. Elle emploie directement ou indirectement pr\u00e8s de 250&nbsp;000&nbsp;personnes dans notre pays et investit chaque ann\u00e9e pr\u00e8s de 9&nbsp;milliards de francs dans la recherche et le d\u00e9veloppement en Suisse. Mais surtout, les entreprises pharmaceutiques pratiquant la recherche apportent un b\u00e9n\u00e9fice \u00e9norme \u00e0 d\u2019innombrables patientes et patients: ces derni\u00e8res ann\u00e9es et d\u00e9cennies, de nombreuses innovations ont r\u00e9volutionn\u00e9 le traitement de diverses maladies, \u00e0 commencer par le diab\u00e8te, en passant par le VIH et le cancer. Mais il reste fort \u00e0 faire: la recherche continue.<\/p>\n\n\n\n<h2 class=\"wp-block-heading\"><strong>La recherche continue<\/strong><strong><\/strong><\/h2>\n\n\n\n<p>Pour cette ann\u00e9e anniversaire, la <a href=\"https:\/\/la-recherche-continue.ch\/\"><mark style=\"background-color:rgba(0, 0, 0, 0)\" class=\"has-inline-color has-vivid-cyan-blue-color\">campagne #larecherchecontinue a fait l\u2019objet d\u2019un nouveau lancement<\/mark><\/a>: de courtes vid\u00e9os montrent les d\u00e9veloppements technologiques \u00e0 long terme. Les textes \u00abDe l\u2019innovation aux soins de base\u00bb pr\u00e9sentent des perc\u00e9es m\u00e9dicales du pass\u00e9 qui continuent \u00e0 apporter un b\u00e9n\u00e9fice consid\u00e9rable aux patient-e-s. Rendez-vous sur la plateforme de la campagne, plongez dans de passionnants r\u00e9cits et d\u00e9couvrez des informations int\u00e9ressantes (<a href=\"https:\/\/la-recherche-continue.ch\/\"><mark style=\"background-color:rgba(0, 0, 0, 0)\" class=\"has-inline-color has-vivid-cyan-blue-color\">www.la-recherche-continue.ch<\/mark><\/a>).<\/p>\n\n\n\n<p>Il faut poursuivre cette histoire \u00e0 succ\u00e8s, a insist\u00e9 Ren\u00e9 Buholzer, directeur d\u2019Interpharma. Mais en m\u00eame temps, la place Suisse est confront\u00e9e \u00e0 de plus en plus de d\u00e9fis. En particulier les relations bilat\u00e9rales entre la Suisse et l\u2019UE et le manque de progr\u00e8s dans la transformation num\u00e9rique du syst\u00e8me de sant\u00e9 sont des th\u00e9matiques urgentes, a-t-il soulign\u00e9.<\/p>\n\n\n\n<h2 class=\"wp-block-heading\"><strong>Soins bas\u00e9s sur le b\u00e9n\u00e9fice: le patient au centre des consid\u00e9rations<\/strong><\/h2>\n\n\n\n<p>Dans son allocution liminaire, puis lors de la table ronde avec d\u2019autres invit\u00e9-e-s, la professeure Elizabeth Teisberg, \u00e9conomiste de la sant\u00e9 am\u00e9ricaine de renom, a pr\u00e9sent\u00e9 en bref les \u00absoins bas\u00e9s sur le b\u00e9n\u00e9fice\u00bb (<em>value-based healthcare<\/em>), une approche qu\u2019elle a d\u00e9velopp\u00e9e en collaboration avec Michael E. Porter pour le syst\u00e8me de sant\u00e9. Le but de cette approche est d\u2019assurer que chaque patient-e re\u00e7oive la meilleure prise en charge possible, en fonction de ses besoins et objectifs personnels, tout en r\u00e9duisant les co\u00fbts pour le syst\u00e8me de sant\u00e9. Elizabeth Teisberg a soulign\u00e9 que renforcer l\u2019int\u00e9gration des patient-e-s et de leurs besoins dans le processus de traitement serait une approche prometteuse \u00e9galement pour le syst\u00e8me de sant\u00e9 suisse.<\/p>\n\n\n\n<p>Du point de vue d\u2019Interpharma, l\u2019approche des soins bas\u00e9s sur le b\u00e9n\u00e9fice pourrait contribuer de mani\u00e8re d\u00e9cisive \u00e0 assurer l\u2019avenir du syst\u00e8me de sant\u00e9 suisse. Les entreprises pharmaceutiques pratiquant la recherche en Suisse s\u2019engagent depuis des ann\u00e9es et vont continuer \u00e0 s\u2019engager pour une prise en charge sanitaire mettant le patient au centre des consid\u00e9rations, orient\u00e9e vers le b\u00e9n\u00e9fice pour le patient, favorable \u00e0 l\u2019innovation et pouvant \u00eatre financ\u00e9e durablement.<\/p>\n\n\n\n<h2 class=\"wp-block-heading\" id=\"h-interpharma-a-90-ans-la-recherche-continue\"><strong>Interpharma a 90&nbsp;ans: la recherche continue.<\/strong><strong><\/strong><\/h2>\n","protected":false},"excerpt":{"rendered":"<p>Aujourd\u2019hui, Interpharma a f\u00eat\u00e9 la Journ\u00e9e de l\u2019industrie pharmaceutique 2023 et lanc\u00e9 l\u2019ann\u00e9e de son 90e anniversaire. L\u2019association des entreprises pharmaceutiques de Suisse est synonyme d\u2019engagement infatigable et d\u2019innovation permanente au service des patientes et patients. Il faut poursuivre cette histoire \u00e0 succ\u00e8s de la place pharmaceutique suisse. En pr\u00e9sence d\u2019Alain Berset, pr\u00e9sident de la [&hellip;]<\/p>\n","protected":false},"author":1,"featured_media":2816,"comment_status":"closed","ping_status":"open","sticky":false,"template":"","format":"standard","meta":{"_acf_changed":false,"inline_featured_image":false,"footnotes":""},"tags":[54,122],"class_list":["post-12685","post","type-post","status-publish","format-standard","has-post-thumbnail","hentry","tag-medien-fr","tag-communique-de-presse"],"acf":[],"yoast_head":"<!-- This site is optimized with the Yoast SEO Premium plugin v27.2 (Yoast SEO v27.2) - https:\/\/yoast.com\/product\/yoast-seo-premium-wordpress\/ -->\n<title>Communiqu\u00e9 de presse: Interpharma: 90\u00a0ans d\u2019innovation et d\u2019engagement au service des patientes et patients de Suisse - Interpharma<\/title>\n<meta name=\"robots\" content=\"index, follow, max-snippet:-1, max-image-preview:large, max-video-preview:-1\" \/>\n<link rel=\"canonical\" href=\"https:\/\/www.interpharma.ch\/blog\/medienmitteilung-interpharma-90-jahre-innovation-und-einsatz-fuer-patientinnen-und-patienten-in-der-schweiz\/\" \/>\n<meta property=\"og:locale\" content=\"fr_FR\" \/>\n<meta property=\"og:type\" content=\"article\" \/>\n<meta property=\"og:title\" content=\"Communiqu\u00e9 de presse: Interpharma: 90\u00a0ans d\u2019innovation et d\u2019engagement au service des patientes et patients de Suisse\" \/>\n<meta property=\"og:description\" content=\"Aujourd\u2019hui, Interpharma a f\u00eat\u00e9 la Journ\u00e9e de l\u2019industrie pharmaceutique 2023 et lanc\u00e9 l\u2019ann\u00e9e de son 90e anniversaire. L\u2019association des entreprises pharmaceutiques de Suisse est synonyme d\u2019engagement infatigable et d\u2019innovation permanente au service des patientes et patients. Il faut poursuivre cette histoire \u00e0 succ\u00e8s de la place pharmaceutique suisse. En pr\u00e9sence d\u2019Alain Berset, pr\u00e9sident de la [&hellip;]\" \/>\n<meta property=\"og:url\" content=\"https:\/\/www.interpharma.ch\/blog\/medienmitteilung-interpharma-90-jahre-innovation-und-einsatz-fuer-patientinnen-und-patienten-in-der-schweiz\/\" \/>\n<meta property=\"og:site_name\" content=\"Interpharma\" \/>\n<meta property=\"article:published_time\" content=\"2023-03-30T11:30:00+00:00\" \/>\n<meta property=\"article:modified_time\" content=\"2026-03-03T09:45:50+00:00\" \/>\n<meta property=\"og:image\" content=\"https:\/\/www.interpharma.ch\/wp-content\/uploads\/2023\/03\/Logo_90-Jahre.jpg\" \/>\n\t<meta property=\"og:image:width\" content=\"800\" \/>\n\t<meta property=\"og:image:height\" content=\"800\" \/>\n\t<meta property=\"og:image:type\" content=\"image\/jpeg\" \/>\n<meta name=\"author\" content=\"berta_admin\" \/>\n<meta name=\"twitter:card\" content=\"summary_large_image\" \/>\n<meta name=\"twitter:creator\" content=\"@interpharma_ch\" \/>\n<meta name=\"twitter:site\" content=\"@interpharma_ch\" \/>\n<meta name=\"twitter:label1\" content=\"\u00c9crit par\" \/>\n\t<meta name=\"twitter:data1\" content=\"berta_admin\" \/>\n\t<meta name=\"twitter:label2\" content=\"Dur\u00e9e de lecture estim\u00e9e\" \/>\n\t<meta name=\"twitter:data2\" content=\"3 minutes\" \/>\n<script type=\"application\/ld+json\" class=\"yoast-schema-graph\">{\"@context\":\"https:\/\/schema.org\",\"@graph\":[{\"@type\":\"Article\",\"@id\":\"https:\/\/www.interpharma.ch\/blog\/medienmitteilung-interpharma-90-jahre-innovation-und-einsatz-fuer-patientinnen-und-patienten-in-der-schweiz\/#article\",\"isPartOf\":{\"@id\":\"https:\/\/www.interpharma.ch\/blog\/medienmitteilung-interpharma-90-jahre-innovation-und-einsatz-fuer-patientinnen-und-patienten-in-der-schweiz\/\"},\"author\":{\"name\":\"berta_admin\",\"@id\":\"https:\/\/www.interpharma.ch\/#\/schema\/person\/1302f3da278bb3f8995756877d107818\"},\"headline\":\"Communiqu\u00e9 de presse: Interpharma: 90\u00a0ans d\u2019innovation et d\u2019engagement au service des patientes et patients de Suisse\",\"datePublished\":\"2023-03-30T11:30:00+00:00\",\"dateModified\":\"2026-03-03T09:45:50+00:00\",\"mainEntityOfPage\":{\"@id\":\"https:\/\/www.interpharma.ch\/blog\/medienmitteilung-interpharma-90-jahre-innovation-und-einsatz-fuer-patientinnen-und-patienten-in-der-schweiz\/\"},\"wordCount\":713,\"publisher\":{\"@id\":\"https:\/\/www.interpharma.ch\/#organization\"},\"image\":{\"@id\":\"https:\/\/www.interpharma.ch\/blog\/medienmitteilung-interpharma-90-jahre-innovation-und-einsatz-fuer-patientinnen-und-patienten-in-der-schweiz\/#primaryimage\"},\"thumbnailUrl\":\"https:\/\/www.interpharma.ch\/wp-content\/uploads\/2023\/03\/Logo_90-Jahre.jpg\",\"keywords\":[\"M\u00e9dias\",\"Communiqu\u00e9 de presse\"],\"inLanguage\":\"fr-FR\",\"copyrightYear\":\"2023\",\"copyrightHolder\":{\"@id\":\"https:\/\/www.interpharma.ch\/#organization\"}},{\"@type\":\"WebPage\",\"@id\":\"https:\/\/www.interpharma.ch\/blog\/medienmitteilung-interpharma-90-jahre-innovation-und-einsatz-fuer-patientinnen-und-patienten-in-der-schweiz\/\",\"url\":\"https:\/\/www.interpharma.ch\/blog\/medienmitteilung-interpharma-90-jahre-innovation-und-einsatz-fuer-patientinnen-und-patienten-in-der-schweiz\/\",\"name\":\"Communiqu\u00e9 de presse: Interpharma: 90\u00a0ans d\u2019innovation et d\u2019engagement au service des patientes et patients de Suisse - Interpharma\",\"isPartOf\":{\"@id\":\"https:\/\/www.interpharma.ch\/#website\"},\"primaryImageOfPage\":{\"@id\":\"https:\/\/www.interpharma.ch\/blog\/medienmitteilung-interpharma-90-jahre-innovation-und-einsatz-fuer-patientinnen-und-patienten-in-der-schweiz\/#primaryimage\"},\"image\":{\"@id\":\"https:\/\/www.interpharma.ch\/blog\/medienmitteilung-interpharma-90-jahre-innovation-und-einsatz-fuer-patientinnen-und-patienten-in-der-schweiz\/#primaryimage\"},\"thumbnailUrl\":\"https:\/\/www.interpharma.ch\/wp-content\/uploads\/2023\/03\/Logo_90-Jahre.jpg\",\"datePublished\":\"2023-03-30T11:30:00+00:00\",\"dateModified\":\"2026-03-03T09:45:50+00:00\",\"breadcrumb\":{\"@id\":\"https:\/\/www.interpharma.ch\/blog\/medienmitteilung-interpharma-90-jahre-innovation-und-einsatz-fuer-patientinnen-und-patienten-in-der-schweiz\/#breadcrumb\"},\"inLanguage\":\"fr-FR\",\"potentialAction\":[{\"@type\":\"ReadAction\",\"target\":[\"https:\/\/www.interpharma.ch\/blog\/medienmitteilung-interpharma-90-jahre-innovation-und-einsatz-fuer-patientinnen-und-patienten-in-der-schweiz\/\"]}]},{\"@type\":\"ImageObject\",\"inLanguage\":\"fr-FR\",\"@id\":\"https:\/\/www.interpharma.ch\/blog\/medienmitteilung-interpharma-90-jahre-innovation-und-einsatz-fuer-patientinnen-und-patienten-in-der-schweiz\/#primaryimage\",\"url\":\"https:\/\/www.interpharma.ch\/wp-content\/uploads\/2023\/03\/Logo_90-Jahre.jpg\",\"contentUrl\":\"https:\/\/www.interpharma.ch\/wp-content\/uploads\/2023\/03\/Logo_90-Jahre.jpg\",\"width\":800,\"height\":800},{\"@type\":\"BreadcrumbList\",\"@id\":\"https:\/\/www.interpharma.ch\/blog\/medienmitteilung-interpharma-90-jahre-innovation-und-einsatz-fuer-patientinnen-und-patienten-in-der-schweiz\/#breadcrumb\",\"itemListElement\":[{\"@type\":\"ListItem\",\"position\":1,\"name\":\"Startseite\",\"item\":\"https:\/\/www.interpharma.ch\/fr\/\"},{\"@type\":\"ListItem\",\"position\":2,\"name\":\"Communiqu\u00e9 de presse: Interpharma: 90\u00a0ans d\u2019innovation et d\u2019engagement au service des patientes et patients de Suisse\"}]},{\"@type\":\"WebSite\",\"@id\":\"https:\/\/www.interpharma.ch\/#website\",\"url\":\"https:\/\/www.interpharma.ch\/\",\"name\":\"Interpharma\",\"description\":\"Verband der forschenden Pharmazeutischen Firmen\",\"publisher\":{\"@id\":\"https:\/\/www.interpharma.ch\/#organization\"},\"potentialAction\":[{\"@type\":\"SearchAction\",\"target\":{\"@type\":\"EntryPoint\",\"urlTemplate\":\"https:\/\/www.interpharma.ch\/?s={search_term_string}\"},\"query-input\":{\"@type\":\"PropertyValueSpecification\",\"valueRequired\":true,\"valueName\":\"search_term_string\"}}],\"inLanguage\":\"fr-FR\"},{\"@type\":\"Organization\",\"@id\":\"https:\/\/www.interpharma.ch\/#organization\",\"name\":\"Interpharma\",\"url\":\"https:\/\/www.interpharma.ch\/\",\"logo\":{\"@type\":\"ImageObject\",\"inLanguage\":\"fr-FR\",\"@id\":\"https:\/\/www.interpharma.ch\/#\/schema\/logo\/image\/\",\"url\":\"https:\/\/interpharma.ch\/wp-content\/uploads\/2026\/03\/20251014_iph_logo_wort_bildmarke_rgb_final_cu01.svg\",\"contentUrl\":\"https:\/\/interpharma.ch\/wp-content\/uploads\/2026\/03\/20251014_iph_logo_wort_bildmarke_rgb_final_cu01.svg\",\"width\":\"1200\",\"height\":\"1200\",\"caption\":\"Interpharma\"},\"image\":{\"@id\":\"https:\/\/www.interpharma.ch\/#\/schema\/logo\/image\/\"},\"sameAs\":[\"https:\/\/x.com\/interpharma_ch\",\"https:\/\/ch.linkedin.com\/company\/interpharma\",\"https:\/\/www.instagram.com\/interpharma_ch\/\"]},{\"@type\":\"Person\",\"@id\":\"https:\/\/www.interpharma.ch\/#\/schema\/person\/1302f3da278bb3f8995756877d107818\",\"name\":\"berta_admin\",\"image\":{\"@type\":\"ImageObject\",\"inLanguage\":\"fr-FR\",\"@id\":\"https:\/\/secure.gravatar.com\/avatar\/a2aeb00900e30743ff2859dfc3dd11cf7e64bb4ec7a1f349ee3772658a1d087d?s=96&d=mm&r=g\",\"url\":\"https:\/\/secure.gravatar.com\/avatar\/a2aeb00900e30743ff2859dfc3dd11cf7e64bb4ec7a1f349ee3772658a1d087d?s=96&d=mm&r=g\",\"contentUrl\":\"https:\/\/secure.gravatar.com\/avatar\/a2aeb00900e30743ff2859dfc3dd11cf7e64bb4ec7a1f349ee3772658a1d087d?s=96&d=mm&r=g\",\"caption\":\"berta_admin\"},\"sameAs\":[\"https:\/\/interpharma.ch\"]}]}<\/script>\n<!-- \/ Yoast SEO Premium plugin. -->","yoast_head_json":{"title":"Communiqu\u00e9 de presse: Interpharma: 90\u00a0ans d\u2019innovation et d\u2019engagement au service des patientes et patients de Suisse - Interpharma","robots":{"index":"index","follow":"follow","max-snippet":"max-snippet:-1","max-image-preview":"max-image-preview:large","max-video-preview":"max-video-preview:-1"},"canonical":"https:\/\/www.interpharma.ch\/blog\/medienmitteilung-interpharma-90-jahre-innovation-und-einsatz-fuer-patientinnen-und-patienten-in-der-schweiz\/","og_locale":"fr_FR","og_type":"article","og_title":"Communiqu\u00e9 de presse: Interpharma: 90\u00a0ans d\u2019innovation et d\u2019engagement au service des patientes et patients de Suisse","og_description":"Aujourd\u2019hui, Interpharma a f\u00eat\u00e9 la Journ\u00e9e de l\u2019industrie pharmaceutique 2023 et lanc\u00e9 l\u2019ann\u00e9e de son 90e anniversaire. L\u2019association des entreprises pharmaceutiques de Suisse est synonyme d\u2019engagement infatigable et d\u2019innovation permanente au service des patientes et patients. Il faut poursuivre cette histoire \u00e0 succ\u00e8s de la place pharmaceutique suisse. En pr\u00e9sence d\u2019Alain Berset, pr\u00e9sident de la [&hellip;]","og_url":"https:\/\/www.interpharma.ch\/blog\/medienmitteilung-interpharma-90-jahre-innovation-und-einsatz-fuer-patientinnen-und-patienten-in-der-schweiz\/","og_site_name":"Interpharma","article_published_time":"2023-03-30T11:30:00+00:00","article_modified_time":"2026-03-03T09:45:50+00:00","og_image":[{"width":800,"height":800,"url":"https:\/\/www.interpharma.ch\/wp-content\/uploads\/2023\/03\/Logo_90-Jahre.jpg","type":"image\/jpeg"}],"author":"berta_admin","twitter_card":"summary_large_image","twitter_creator":"@interpharma_ch","twitter_site":"@interpharma_ch","twitter_misc":{"\u00c9crit par":"berta_admin","Dur\u00e9e de lecture estim\u00e9e":"3 minutes"},"schema":{"@context":"https:\/\/schema.org","@graph":[{"@type":"Article","@id":"https:\/\/www.interpharma.ch\/blog\/medienmitteilung-interpharma-90-jahre-innovation-und-einsatz-fuer-patientinnen-und-patienten-in-der-schweiz\/#article","isPartOf":{"@id":"https:\/\/www.interpharma.ch\/blog\/medienmitteilung-interpharma-90-jahre-innovation-und-einsatz-fuer-patientinnen-und-patienten-in-der-schweiz\/"},"author":{"name":"berta_admin","@id":"https:\/\/www.interpharma.ch\/#\/schema\/person\/1302f3da278bb3f8995756877d107818"},"headline":"Communiqu\u00e9 de presse: Interpharma: 90\u00a0ans d\u2019innovation et d\u2019engagement au service des patientes et patients de Suisse","datePublished":"2023-03-30T11:30:00+00:00","dateModified":"2026-03-03T09:45:50+00:00","mainEntityOfPage":{"@id":"https:\/\/www.interpharma.ch\/blog\/medienmitteilung-interpharma-90-jahre-innovation-und-einsatz-fuer-patientinnen-und-patienten-in-der-schweiz\/"},"wordCount":713,"publisher":{"@id":"https:\/\/www.interpharma.ch\/#organization"},"image":{"@id":"https:\/\/www.interpharma.ch\/blog\/medienmitteilung-interpharma-90-jahre-innovation-und-einsatz-fuer-patientinnen-und-patienten-in-der-schweiz\/#primaryimage"},"thumbnailUrl":"https:\/\/www.interpharma.ch\/wp-content\/uploads\/2023\/03\/Logo_90-Jahre.jpg","keywords":["M\u00e9dias","Communiqu\u00e9 de presse"],"inLanguage":"fr-FR","copyrightYear":"2023","copyrightHolder":{"@id":"https:\/\/www.interpharma.ch\/#organization"}},{"@type":"WebPage","@id":"https:\/\/www.interpharma.ch\/blog\/medienmitteilung-interpharma-90-jahre-innovation-und-einsatz-fuer-patientinnen-und-patienten-in-der-schweiz\/","url":"https:\/\/www.interpharma.ch\/blog\/medienmitteilung-interpharma-90-jahre-innovation-und-einsatz-fuer-patientinnen-und-patienten-in-der-schweiz\/","name":"Communiqu\u00e9 de presse: Interpharma: 90\u00a0ans d\u2019innovation et d\u2019engagement au service des patientes et patients de Suisse - Interpharma","isPartOf":{"@id":"https:\/\/www.interpharma.ch\/#website"},"primaryImageOfPage":{"@id":"https:\/\/www.interpharma.ch\/blog\/medienmitteilung-interpharma-90-jahre-innovation-und-einsatz-fuer-patientinnen-und-patienten-in-der-schweiz\/#primaryimage"},"image":{"@id":"https:\/\/www.interpharma.ch\/blog\/medienmitteilung-interpharma-90-jahre-innovation-und-einsatz-fuer-patientinnen-und-patienten-in-der-schweiz\/#primaryimage"},"thumbnailUrl":"https:\/\/www.interpharma.ch\/wp-content\/uploads\/2023\/03\/Logo_90-Jahre.jpg","datePublished":"2023-03-30T11:30:00+00:00","dateModified":"2026-03-03T09:45:50+00:00","breadcrumb":{"@id":"https:\/\/www.interpharma.ch\/blog\/medienmitteilung-interpharma-90-jahre-innovation-und-einsatz-fuer-patientinnen-und-patienten-in-der-schweiz\/#breadcrumb"},"inLanguage":"fr-FR","potentialAction":[{"@type":"ReadAction","target":["https:\/\/www.interpharma.ch\/blog\/medienmitteilung-interpharma-90-jahre-innovation-und-einsatz-fuer-patientinnen-und-patienten-in-der-schweiz\/"]}]},{"@type":"ImageObject","inLanguage":"fr-FR","@id":"https:\/\/www.interpharma.ch\/blog\/medienmitteilung-interpharma-90-jahre-innovation-und-einsatz-fuer-patientinnen-und-patienten-in-der-schweiz\/#primaryimage","url":"https:\/\/www.interpharma.ch\/wp-content\/uploads\/2023\/03\/Logo_90-Jahre.jpg","contentUrl":"https:\/\/www.interpharma.ch\/wp-content\/uploads\/2023\/03\/Logo_90-Jahre.jpg","width":800,"height":800},{"@type":"BreadcrumbList","@id":"https:\/\/www.interpharma.ch\/blog\/medienmitteilung-interpharma-90-jahre-innovation-und-einsatz-fuer-patientinnen-und-patienten-in-der-schweiz\/#breadcrumb","itemListElement":[{"@type":"ListItem","position":1,"name":"Startseite","item":"https:\/\/www.interpharma.ch\/fr\/"},{"@type":"ListItem","position":2,"name":"Communiqu\u00e9 de presse: Interpharma: 90\u00a0ans d\u2019innovation et d\u2019engagement au service des patientes et patients de Suisse"}]},{"@type":"WebSite","@id":"https:\/\/www.interpharma.ch\/#website","url":"https:\/\/www.interpharma.ch\/","name":"Interpharma","description":"Verband der forschenden Pharmazeutischen Firmen","publisher":{"@id":"https:\/\/www.interpharma.ch\/#organization"},"potentialAction":[{"@type":"SearchAction","target":{"@type":"EntryPoint","urlTemplate":"https:\/\/www.interpharma.ch\/?s={search_term_string}"},"query-input":{"@type":"PropertyValueSpecification","valueRequired":true,"valueName":"search_term_string"}}],"inLanguage":"fr-FR"},{"@type":"Organization","@id":"https:\/\/www.interpharma.ch\/#organization","name":"Interpharma","url":"https:\/\/www.interpharma.ch\/","logo":{"@type":"ImageObject","inLanguage":"fr-FR","@id":"https:\/\/www.interpharma.ch\/#\/schema\/logo\/image\/","url":"https:\/\/interpharma.ch\/wp-content\/uploads\/2026\/03\/20251014_iph_logo_wort_bildmarke_rgb_final_cu01.svg","contentUrl":"https:\/\/interpharma.ch\/wp-content\/uploads\/2026\/03\/20251014_iph_logo_wort_bildmarke_rgb_final_cu01.svg","width":"1200","height":"1200","caption":"Interpharma"},"image":{"@id":"https:\/\/www.interpharma.ch\/#\/schema\/logo\/image\/"},"sameAs":["https:\/\/x.com\/interpharma_ch","https:\/\/ch.linkedin.com\/company\/interpharma","https:\/\/www.instagram.com\/interpharma_ch\/"]},{"@type":"Person","@id":"https:\/\/www.interpharma.ch\/#\/schema\/person\/1302f3da278bb3f8995756877d107818","name":"berta_admin","image":{"@type":"ImageObject","inLanguage":"fr-FR","@id":"https:\/\/secure.gravatar.com\/avatar\/a2aeb00900e30743ff2859dfc3dd11cf7e64bb4ec7a1f349ee3772658a1d087d?s=96&d=mm&r=g","url":"https:\/\/secure.gravatar.com\/avatar\/a2aeb00900e30743ff2859dfc3dd11cf7e64bb4ec7a1f349ee3772658a1d087d?s=96&d=mm&r=g","contentUrl":"https:\/\/secure.gravatar.com\/avatar\/a2aeb00900e30743ff2859dfc3dd11cf7e64bb4ec7a1f349ee3772658a1d087d?s=96&d=mm&r=g","caption":"berta_admin"},"sameAs":["https:\/\/interpharma.ch"]}]}},"_links":{"self":[{"href":"https:\/\/www.interpharma.ch\/fr\/wp-json\/wp\/v2\/posts\/12685","targetHints":{"allow":["GET"]}}],"collection":[{"href":"https:\/\/www.interpharma.ch\/fr\/wp-json\/wp\/v2\/posts"}],"about":[{"href":"https:\/\/www.interpharma.ch\/fr\/wp-json\/wp\/v2\/types\/post"}],"author":[{"embeddable":true,"href":"https:\/\/www.interpharma.ch\/fr\/wp-json\/wp\/v2\/users\/1"}],"replies":[{"embeddable":true,"href":"https:\/\/www.interpharma.ch\/fr\/wp-json\/wp\/v2\/comments?post=12685"}],"version-history":[{"count":1,"href":"https:\/\/www.interpharma.ch\/fr\/wp-json\/wp\/v2\/posts\/12685\/revisions"}],"predecessor-version":[{"id":12686,"href":"https:\/\/www.interpharma.ch\/fr\/wp-json\/wp\/v2\/posts\/12685\/revisions\/12686"}],"wp:featuredmedia":[{"embeddable":true,"href":"https:\/\/www.interpharma.ch\/fr\/wp-json\/wp\/v2\/media\/2816"}],"wp:attachment":[{"href":"https:\/\/www.interpharma.ch\/fr\/wp-json\/wp\/v2\/media?parent=12685"}],"wp:term":[{"taxonomy":"post_tag","embeddable":true,"href":"https:\/\/www.interpharma.ch\/fr\/wp-json\/wp\/v2\/tags?post=12685"}],"curies":[{"name":"wp","href":"https:\/\/api.w.org\/{rel}","templated":true}]}}