{"id":12314,"date":"2024-08-27T07:45:00","date_gmt":"2024-08-27T05:45:00","guid":{"rendered":"https:\/\/iph-multisite.berta-bewegt.ch\/?p=12314"},"modified":"2026-03-03T10:34:34","modified_gmt":"2026-03-03T09:34:34","slug":"medienmitteilung-europabefragung-2024-die-schweizer-stimmbevoelkerung-steht-klar-hinter-den-bilateralen-und-zeigt-sich-kompromissbereit","status":"publish","type":"post","link":"https:\/\/www.interpharma.ch\/fr\/blog\/medienmitteilung-europabefragung-2024-die-schweizer-stimmbevoelkerung-steht-klar-hinter-den-bilateralen-und-zeigt-sich-kompromissbereit\/","title":{"rendered":"Communiqu\u00e9 de presse: Enqu\u00eate sur l\u2019Europe\u00a02024: le peuple suisse se montre nettement en faveur des accords bilat\u00e9raux et pr\u00eat \u00e0 faire des compromis"},"content":{"rendered":"\n<p class=\"is-style-paragraph-lead-text\">La 11<sup>e<\/sup>\u00a0enqu\u00eate repr\u00e9sentative de gfs.bern sur mandat d\u2019Interpharma montre que l\u2019\u00e9lectorat suisse reste convaincu des avantages de la voie bilat\u00e9rale. Les citoyens et citoyennes consid\u00e8rent les accords bilat\u00e9raux comme la meilleure option pour r\u00e9glementer les relations avec l\u2019UE. Pour eux, les n\u00e9gociations actuelles rev\u00eatent une importance majeure pour la force d\u2019innovation et la prosp\u00e9rit\u00e9 de la Suisse. La\u00a0population soutient donc les efforts du Conseil f\u00e9d\u00e9ral, en se montrant tout \u00e0 fait ouverte aux compromis pour favoriser l\u2019issue de ces n\u00e9gociations.<\/p>\n\n\n\n<p>Interpharma, l\u2019Association des entreprises pharmaceutiques suisses pratiquant la recherche, a mandat\u00e9 l\u2019institut de recherche gfs.bern pour la r\u00e9alisation d\u2019un sondage d\u2019opinion repr\u00e9sentatif sur les relations entre la Suisse et l\u2019UE. Pour la onzi\u00e8me ann\u00e9e cons\u00e9cutive, la population suisse souligne son fort attachement \u00e0 la voie bilat\u00e9rale. L\u2019\u00e9valuation g\u00e9n\u00e9rale des accords bilat\u00e9raux s\u2019est encore am\u00e9lior\u00e9e par rapport aux enqu\u00eates pr\u00e9c\u00e9dentes: actuellement, une nette majorit\u00e9 (65%, une valeur record depuis le premier sondage) y voit surtout des avantages. Celles et ceux qui adoptent une position plut\u00f4t neutre et voient autant d\u2019avantages que d\u2019inconv\u00e9nients dans la collaboration avec l\u2019UE sont nettement moins nombreux que l\u2019ann\u00e9e derni\u00e8re (14%, \u00e0 savoir -9&nbsp;points de pourcentage). La reprise des n\u00e9gociations par le Conseil f\u00e9d\u00e9ral a raviv\u00e9 de mani\u00e8re notable le discours politique au sein de la population, contribuant \u00e0 des positionnements plus clairs.<\/p>\n\n\n\n<p>Ren\u00e9&nbsp;Buholzer, CEO d\u2019Interpharma, souligne:<\/p>\n\n\n\n<blockquote class=\"wp-block-quote is-layout-flow wp-block-quote-is-layout-flow\">\n<p><em>\u00abMalgr\u00e9 des critiques clairement affich\u00e9es dans le discours m\u00e9diatique et politique vis-\u00e0-vis des n\u00e9gociations avec l\u2019UE, la population semble bien plus sereine. Il existe bel et bien un souhait de relations r\u00e9glement\u00e9es avec l\u2019UE. En dix&nbsp;ans, c\u2019est la premi\u00e8re fois qu\u2019autant de citoyennes et citoyens voient clairement les avantages de la voie bilat\u00e9rale.\u00bb<\/em><em><\/em><\/p>\n<\/blockquote>\n\n\n\n<h2 class=\"wp-block-heading\" id=\"h-avantages-des-accords-bilateraux-bien-presents-a-l-esprit\"><strong>Avantages des accords bilat\u00e9raux bien pr\u00e9sents \u00e0 l\u2019esprit<\/strong><strong><\/strong><\/h2>\n\n\n\n<p>Comme les ann\u00e9es pr\u00e9c\u00e9dentes, une majorit\u00e9 s\u2019exprime en faveur des n\u00e9gociations avec l\u2019UE. Les personnes interrog\u00e9es mentionnent en particulier ici les avantages pour l\u2019\u00e9conomie suisse (86%), pour la Suisse en tant que p\u00f4le de recherche (83%) et pour le travail (70%) et les \u00e9tudes (69%) en Europe. Par ailleurs, la population a bien conscience du fait que les accords bilat\u00e9raux donnent \u00e0 la Suisse un acc\u00e8s au march\u00e9 des exportations (84%), \u00e0 des programmes de formation et de recherche (82%) et \u00e0 de la main-d\u2019\u0153uvre venue de l\u2019\u00e9tranger (79%). Les Suissesses et les Suisses comprennent clairement la n\u00e9cessit\u00e9 des accords bilat\u00e9raux pour la prosp\u00e9rit\u00e9 et la force d\u2019innovation du pays, ce qui confirme une position \u00e9tablie depuis des ann\u00e9es.<\/p>\n\n\n\n<p>Ren\u00e9&nbsp;Buholzer, CEO d\u2019Interpharma, constate \u00e0 ce sujet:<\/p>\n\n\n\n<blockquote class=\"wp-block-quote is-layout-flow wp-block-quote-is-layout-flow\">\n<p><em>\u00abLa prosp\u00e9rit\u00e9 de la Suisse est \u00e9troitement li\u00e9e aux relations \u00e9conomiques avec d\u2019autres pays. En effet, un p\u00f4le de recherche avec une solide force d\u2019innovation ne peut pas avancer seul \u2013 c\u2019est donc en toute logique que les citoyennes et citoyens s\u2019expriment clairement en faveur d\u2019une collaboration avec l\u2019UE, notre principal partenaire commercial.\u00bb<\/em><em><\/em><\/p>\n<\/blockquote>\n\n\n\n<h2 class=\"wp-block-heading\" id=\"h-une-population-largement-ouverte-aux-compromis\"><strong>Une population largement ouverte aux compromis<\/strong><strong><\/strong><\/h2>\n\n\n\n<p>Pr\u00e8s de quatre&nbsp;personnes interrog\u00e9es sur cinq soutiennent le fait que les n\u00e9gociations aient repris. La population appr\u00e9cie les accords bilat\u00e9raux et ne veut pas les mettre en danger. Mais elle a aussi pleinement conscience du fait qu\u2019il faut faire des concessions pour garantir leur bonne \u00e9volution. Par rapport \u00e0 l\u2019ann\u00e9e derni\u00e8re, elle se montre nettement plus ouverte aux compromis quant au maintien du niveau de protection actuel contre le dumping salarial. Ainsi, 85% (+30&nbsp;points) des personnes interrog\u00e9es se disent pr\u00eates \u00e0 se montrer conciliantes si cela permet de trouver un consensus. Bien qu\u2019il ne s\u2019agisse pas d\u2019une majorit\u00e9, on observe \u00e9galement une nette hausse du nombre de participants ouverts aux compromis sur la reprise de la directive sur la citoyennet\u00e9 europ\u00e9enne (47%, +16&nbsp;points). Et pour la premi\u00e8re fois, une majorit\u00e9 (55%) s\u2019exprime en faveur du maintien des accords bilat\u00e9raux, m\u00eame si cela implique une reprisedu droit europ\u00e9en. Les citoyennes et citoyens se disent \u00e9galement pr\u00eats \u00e0 faire des concessions en ce qui concerne l\u2019ouverture du march\u00e9 suisse de l\u2019\u00e9lectricit\u00e9 ou la reconnaissance de la Cour de justice de l\u2019UE pour le r\u00e8glement des litiges.<\/p>\n","protected":false},"excerpt":{"rendered":"<p>La 11e\u00a0enqu\u00eate repr\u00e9sentative de gfs.bern sur mandat d\u2019Interpharma montre que l\u2019\u00e9lectorat suisse reste convaincu des avantages de la voie bilat\u00e9rale. Les citoyens et citoyennes consid\u00e8rent les accords bilat\u00e9raux comme la meilleure option pour r\u00e9glementer les relations avec l\u2019UE. Pour eux, les n\u00e9gociations actuelles rev\u00eatent une importance majeure pour la force d\u2019innovation et la prosp\u00e9rit\u00e9 de [&hellip;]<\/p>\n","protected":false},"author":1,"featured_media":3149,"comment_status":"closed","ping_status":"open","sticky":false,"template":"","format":"standard","meta":{"_acf_changed":false,"inline_featured_image":false,"footnotes":""},"tags":[122],"class_list":["post-12314","post","type-post","status-publish","format-standard","has-post-thumbnail","hentry","tag-communique-de-presse"],"acf":[],"yoast_head":"<!-- This site is optimized with the Yoast SEO Premium plugin v27.2 (Yoast SEO v27.2) - https:\/\/yoast.com\/product\/yoast-seo-premium-wordpress\/ -->\n<title>Communiqu\u00e9 de presse: Enqu\u00eate sur l\u2019Europe\u00a02024: le peuple suisse se montre nettement en faveur des accords bilat\u00e9raux et pr\u00eat \u00e0 faire des compromis - Interpharma<\/title>\n<meta name=\"robots\" content=\"index, follow, max-snippet:-1, max-image-preview:large, max-video-preview:-1\" \/>\n<link rel=\"canonical\" href=\"https:\/\/www.interpharma.ch\/fr\/blog\/medienmitteilung-europabefragung-2024-die-schweizer-stimmbevoelkerung-steht-klar-hinter-den-bilateralen-und-zeigt-sich-kompromissbereit\/\" \/>\n<meta property=\"og:locale\" content=\"fr_FR\" \/>\n<meta property=\"og:type\" content=\"article\" \/>\n<meta property=\"og:title\" content=\"Communiqu\u00e9 de presse: Enqu\u00eate sur l\u2019Europe\u00a02024: le peuple suisse se montre nettement en faveur des accords bilat\u00e9raux et pr\u00eat \u00e0 faire des compromis\" \/>\n<meta property=\"og:description\" content=\"La 11e\u00a0enqu\u00eate repr\u00e9sentative de gfs.bern sur mandat d\u2019Interpharma montre que l\u2019\u00e9lectorat suisse reste convaincu des avantages de la voie bilat\u00e9rale. Les citoyens et citoyennes consid\u00e8rent les accords bilat\u00e9raux comme la meilleure option pour r\u00e9glementer les relations avec l\u2019UE. Pour eux, les n\u00e9gociations actuelles rev\u00eatent une importance majeure pour la force d\u2019innovation et la prosp\u00e9rit\u00e9 de [&hellip;]\" \/>\n<meta property=\"og:url\" content=\"https:\/\/www.interpharma.ch\/fr\/blog\/medienmitteilung-europabefragung-2024-die-schweizer-stimmbevoelkerung-steht-klar-hinter-den-bilateralen-und-zeigt-sich-kompromissbereit\/\" \/>\n<meta property=\"og:site_name\" content=\"Interpharma\" \/>\n<meta property=\"article:published_time\" content=\"2024-08-27T05:45:00+00:00\" \/>\n<meta property=\"article:modified_time\" content=\"2026-03-03T09:34:34+00:00\" \/>\n<meta property=\"og:image\" content=\"https:\/\/www.interpharma.ch\/wp-content\/uploads\/2024\/03\/CH_EU_generisch-klein-scaled.jpg\" \/>\n\t<meta property=\"og:image:width\" content=\"2560\" \/>\n\t<meta property=\"og:image:height\" content=\"1731\" \/>\n\t<meta property=\"og:image:type\" content=\"image\/jpeg\" \/>\n<meta name=\"author\" content=\"berta_admin\" \/>\n<meta name=\"twitter:card\" content=\"summary_large_image\" \/>\n<meta name=\"twitter:creator\" content=\"@interpharma_ch\" \/>\n<meta name=\"twitter:site\" content=\"@interpharma_ch\" \/>\n<meta name=\"twitter:label1\" content=\"\u00c9crit par\" \/>\n\t<meta name=\"twitter:data1\" content=\"berta_admin\" \/>\n\t<meta name=\"twitter:label2\" content=\"Dur\u00e9e de lecture estim\u00e9e\" \/>\n\t<meta name=\"twitter:data2\" content=\"4 minutes\" \/>\n<script type=\"application\/ld+json\" class=\"yoast-schema-graph\">{\"@context\":\"https:\/\/schema.org\",\"@graph\":[{\"@type\":\"Article\",\"@id\":\"https:\/\/www.interpharma.ch\/fr\/blog\/medienmitteilung-europabefragung-2024-die-schweizer-stimmbevoelkerung-steht-klar-hinter-den-bilateralen-und-zeigt-sich-kompromissbereit\/#article\",\"isPartOf\":{\"@id\":\"https:\/\/www.interpharma.ch\/fr\/blog\/medienmitteilung-europabefragung-2024-die-schweizer-stimmbevoelkerung-steht-klar-hinter-den-bilateralen-und-zeigt-sich-kompromissbereit\/\"},\"author\":{\"name\":\"berta_admin\",\"@id\":\"https:\/\/www.interpharma.ch\/#\/schema\/person\/1302f3da278bb3f8995756877d107818\"},\"headline\":\"Communiqu\u00e9 de presse: Enqu\u00eate sur l\u2019Europe\u00a02024: le peuple suisse se montre nettement en faveur des accords bilat\u00e9raux et pr\u00eat \u00e0 faire des compromis\",\"datePublished\":\"2024-08-27T05:45:00+00:00\",\"dateModified\":\"2026-03-03T09:34:34+00:00\",\"mainEntityOfPage\":{\"@id\":\"https:\/\/www.interpharma.ch\/fr\/blog\/medienmitteilung-europabefragung-2024-die-schweizer-stimmbevoelkerung-steht-klar-hinter-den-bilateralen-und-zeigt-sich-kompromissbereit\/\"},\"wordCount\":786,\"publisher\":{\"@id\":\"https:\/\/www.interpharma.ch\/#organization\"},\"image\":{\"@id\":\"https:\/\/www.interpharma.ch\/fr\/blog\/medienmitteilung-europabefragung-2024-die-schweizer-stimmbevoelkerung-steht-klar-hinter-den-bilateralen-und-zeigt-sich-kompromissbereit\/#primaryimage\"},\"thumbnailUrl\":\"https:\/\/www.interpharma.ch\/wp-content\/uploads\/2024\/03\/CH_EU_generisch-klein-scaled.jpg\",\"keywords\":[\"Communiqu\u00e9 de presse\"],\"inLanguage\":\"fr-FR\",\"copyrightYear\":\"2024\",\"copyrightHolder\":{\"@id\":\"https:\/\/www.interpharma.ch\/#organization\"}},{\"@type\":\"WebPage\",\"@id\":\"https:\/\/www.interpharma.ch\/fr\/blog\/medienmitteilung-europabefragung-2024-die-schweizer-stimmbevoelkerung-steht-klar-hinter-den-bilateralen-und-zeigt-sich-kompromissbereit\/\",\"url\":\"https:\/\/www.interpharma.ch\/fr\/blog\/medienmitteilung-europabefragung-2024-die-schweizer-stimmbevoelkerung-steht-klar-hinter-den-bilateralen-und-zeigt-sich-kompromissbereit\/\",\"name\":\"Communiqu\u00e9 de presse: Enqu\u00eate sur l\u2019Europe\u00a02024: le peuple suisse se montre nettement en faveur des accords bilat\u00e9raux et pr\u00eat \u00e0 faire des compromis - Interpharma\",\"isPartOf\":{\"@id\":\"https:\/\/www.interpharma.ch\/#website\"},\"primaryImageOfPage\":{\"@id\":\"https:\/\/www.interpharma.ch\/fr\/blog\/medienmitteilung-europabefragung-2024-die-schweizer-stimmbevoelkerung-steht-klar-hinter-den-bilateralen-und-zeigt-sich-kompromissbereit\/#primaryimage\"},\"image\":{\"@id\":\"https:\/\/www.interpharma.ch\/fr\/blog\/medienmitteilung-europabefragung-2024-die-schweizer-stimmbevoelkerung-steht-klar-hinter-den-bilateralen-und-zeigt-sich-kompromissbereit\/#primaryimage\"},\"thumbnailUrl\":\"https:\/\/www.interpharma.ch\/wp-content\/uploads\/2024\/03\/CH_EU_generisch-klein-scaled.jpg\",\"datePublished\":\"2024-08-27T05:45:00+00:00\",\"dateModified\":\"2026-03-03T09:34:34+00:00\",\"breadcrumb\":{\"@id\":\"https:\/\/www.interpharma.ch\/fr\/blog\/medienmitteilung-europabefragung-2024-die-schweizer-stimmbevoelkerung-steht-klar-hinter-den-bilateralen-und-zeigt-sich-kompromissbereit\/#breadcrumb\"},\"inLanguage\":\"fr-FR\",\"potentialAction\":[{\"@type\":\"ReadAction\",\"target\":[\"https:\/\/www.interpharma.ch\/fr\/blog\/medienmitteilung-europabefragung-2024-die-schweizer-stimmbevoelkerung-steht-klar-hinter-den-bilateralen-und-zeigt-sich-kompromissbereit\/\"]}]},{\"@type\":\"ImageObject\",\"inLanguage\":\"fr-FR\",\"@id\":\"https:\/\/www.interpharma.ch\/fr\/blog\/medienmitteilung-europabefragung-2024-die-schweizer-stimmbevoelkerung-steht-klar-hinter-den-bilateralen-und-zeigt-sich-kompromissbereit\/#primaryimage\",\"url\":\"https:\/\/www.interpharma.ch\/wp-content\/uploads\/2024\/03\/CH_EU_generisch-klein-scaled.jpg\",\"contentUrl\":\"https:\/\/www.interpharma.ch\/wp-content\/uploads\/2024\/03\/CH_EU_generisch-klein-scaled.jpg\",\"width\":2560,\"height\":1731},{\"@type\":\"BreadcrumbList\",\"@id\":\"https:\/\/www.interpharma.ch\/fr\/blog\/medienmitteilung-europabefragung-2024-die-schweizer-stimmbevoelkerung-steht-klar-hinter-den-bilateralen-und-zeigt-sich-kompromissbereit\/#breadcrumb\",\"itemListElement\":[{\"@type\":\"ListItem\",\"position\":1,\"name\":\"Startseite\",\"item\":\"https:\/\/www.interpharma.ch\/fr\/\"},{\"@type\":\"ListItem\",\"position\":2,\"name\":\"Communiqu\u00e9 de presse: Enqu\u00eate sur l\u2019Europe\u00a02024: le peuple suisse se montre nettement en faveur des accords bilat\u00e9raux et pr\u00eat \u00e0 faire des compromis\"}]},{\"@type\":\"WebSite\",\"@id\":\"https:\/\/www.interpharma.ch\/#website\",\"url\":\"https:\/\/www.interpharma.ch\/\",\"name\":\"Interpharma\",\"description\":\"Verband der forschenden Pharmazeutischen Firmen\",\"publisher\":{\"@id\":\"https:\/\/www.interpharma.ch\/#organization\"},\"potentialAction\":[{\"@type\":\"SearchAction\",\"target\":{\"@type\":\"EntryPoint\",\"urlTemplate\":\"https:\/\/www.interpharma.ch\/?s={search_term_string}\"},\"query-input\":{\"@type\":\"PropertyValueSpecification\",\"valueRequired\":true,\"valueName\":\"search_term_string\"}}],\"inLanguage\":\"fr-FR\"},{\"@type\":\"Organization\",\"@id\":\"https:\/\/www.interpharma.ch\/#organization\",\"name\":\"Interpharma\",\"url\":\"https:\/\/www.interpharma.ch\/\",\"logo\":{\"@type\":\"ImageObject\",\"inLanguage\":\"fr-FR\",\"@id\":\"https:\/\/www.interpharma.ch\/#\/schema\/logo\/image\/\",\"url\":\"https:\/\/interpharma.ch\/wp-content\/uploads\/2026\/03\/20251014_iph_logo_wort_bildmarke_rgb_final_cu01.svg\",\"contentUrl\":\"https:\/\/interpharma.ch\/wp-content\/uploads\/2026\/03\/20251014_iph_logo_wort_bildmarke_rgb_final_cu01.svg\",\"width\":\"1200\",\"height\":\"1200\",\"caption\":\"Interpharma\"},\"image\":{\"@id\":\"https:\/\/www.interpharma.ch\/#\/schema\/logo\/image\/\"},\"sameAs\":[\"https:\/\/x.com\/interpharma_ch\",\"https:\/\/ch.linkedin.com\/company\/interpharma\",\"https:\/\/www.instagram.com\/interpharma_ch\/\"]},{\"@type\":\"Person\",\"@id\":\"https:\/\/www.interpharma.ch\/#\/schema\/person\/1302f3da278bb3f8995756877d107818\",\"name\":\"berta_admin\",\"image\":{\"@type\":\"ImageObject\",\"inLanguage\":\"fr-FR\",\"@id\":\"https:\/\/secure.gravatar.com\/avatar\/a2aeb00900e30743ff2859dfc3dd11cf7e64bb4ec7a1f349ee3772658a1d087d?s=96&d=mm&r=g\",\"url\":\"https:\/\/secure.gravatar.com\/avatar\/a2aeb00900e30743ff2859dfc3dd11cf7e64bb4ec7a1f349ee3772658a1d087d?s=96&d=mm&r=g\",\"contentUrl\":\"https:\/\/secure.gravatar.com\/avatar\/a2aeb00900e30743ff2859dfc3dd11cf7e64bb4ec7a1f349ee3772658a1d087d?s=96&d=mm&r=g\",\"caption\":\"berta_admin\"},\"sameAs\":[\"https:\/\/interpharma.ch\"]}]}<\/script>\n<!-- \/ Yoast SEO Premium plugin. -->","yoast_head_json":{"title":"Communiqu\u00e9 de presse: Enqu\u00eate sur l\u2019Europe\u00a02024: le peuple suisse se montre nettement en faveur des accords bilat\u00e9raux et pr\u00eat \u00e0 faire des compromis - Interpharma","robots":{"index":"index","follow":"follow","max-snippet":"max-snippet:-1","max-image-preview":"max-image-preview:large","max-video-preview":"max-video-preview:-1"},"canonical":"https:\/\/www.interpharma.ch\/fr\/blog\/medienmitteilung-europabefragung-2024-die-schweizer-stimmbevoelkerung-steht-klar-hinter-den-bilateralen-und-zeigt-sich-kompromissbereit\/","og_locale":"fr_FR","og_type":"article","og_title":"Communiqu\u00e9 de presse: Enqu\u00eate sur l\u2019Europe\u00a02024: le peuple suisse se montre nettement en faveur des accords bilat\u00e9raux et pr\u00eat \u00e0 faire des compromis","og_description":"La 11e\u00a0enqu\u00eate repr\u00e9sentative de gfs.bern sur mandat d\u2019Interpharma montre que l\u2019\u00e9lectorat suisse reste convaincu des avantages de la voie bilat\u00e9rale. Les citoyens et citoyennes consid\u00e8rent les accords bilat\u00e9raux comme la meilleure option pour r\u00e9glementer les relations avec l\u2019UE. Pour eux, les n\u00e9gociations actuelles rev\u00eatent une importance majeure pour la force d\u2019innovation et la prosp\u00e9rit\u00e9 de [&hellip;]","og_url":"https:\/\/www.interpharma.ch\/fr\/blog\/medienmitteilung-europabefragung-2024-die-schweizer-stimmbevoelkerung-steht-klar-hinter-den-bilateralen-und-zeigt-sich-kompromissbereit\/","og_site_name":"Interpharma","article_published_time":"2024-08-27T05:45:00+00:00","article_modified_time":"2026-03-03T09:34:34+00:00","og_image":[{"width":2560,"height":1731,"url":"https:\/\/www.interpharma.ch\/wp-content\/uploads\/2024\/03\/CH_EU_generisch-klein-scaled.jpg","type":"image\/jpeg"}],"author":"berta_admin","twitter_card":"summary_large_image","twitter_creator":"@interpharma_ch","twitter_site":"@interpharma_ch","twitter_misc":{"\u00c9crit par":"berta_admin","Dur\u00e9e de lecture estim\u00e9e":"4 minutes"},"schema":{"@context":"https:\/\/schema.org","@graph":[{"@type":"Article","@id":"https:\/\/www.interpharma.ch\/fr\/blog\/medienmitteilung-europabefragung-2024-die-schweizer-stimmbevoelkerung-steht-klar-hinter-den-bilateralen-und-zeigt-sich-kompromissbereit\/#article","isPartOf":{"@id":"https:\/\/www.interpharma.ch\/fr\/blog\/medienmitteilung-europabefragung-2024-die-schweizer-stimmbevoelkerung-steht-klar-hinter-den-bilateralen-und-zeigt-sich-kompromissbereit\/"},"author":{"name":"berta_admin","@id":"https:\/\/www.interpharma.ch\/#\/schema\/person\/1302f3da278bb3f8995756877d107818"},"headline":"Communiqu\u00e9 de presse: Enqu\u00eate sur l\u2019Europe\u00a02024: le peuple suisse se montre nettement en faveur des accords bilat\u00e9raux et pr\u00eat \u00e0 faire des compromis","datePublished":"2024-08-27T05:45:00+00:00","dateModified":"2026-03-03T09:34:34+00:00","mainEntityOfPage":{"@id":"https:\/\/www.interpharma.ch\/fr\/blog\/medienmitteilung-europabefragung-2024-die-schweizer-stimmbevoelkerung-steht-klar-hinter-den-bilateralen-und-zeigt-sich-kompromissbereit\/"},"wordCount":786,"publisher":{"@id":"https:\/\/www.interpharma.ch\/#organization"},"image":{"@id":"https:\/\/www.interpharma.ch\/fr\/blog\/medienmitteilung-europabefragung-2024-die-schweizer-stimmbevoelkerung-steht-klar-hinter-den-bilateralen-und-zeigt-sich-kompromissbereit\/#primaryimage"},"thumbnailUrl":"https:\/\/www.interpharma.ch\/wp-content\/uploads\/2024\/03\/CH_EU_generisch-klein-scaled.jpg","keywords":["Communiqu\u00e9 de presse"],"inLanguage":"fr-FR","copyrightYear":"2024","copyrightHolder":{"@id":"https:\/\/www.interpharma.ch\/#organization"}},{"@type":"WebPage","@id":"https:\/\/www.interpharma.ch\/fr\/blog\/medienmitteilung-europabefragung-2024-die-schweizer-stimmbevoelkerung-steht-klar-hinter-den-bilateralen-und-zeigt-sich-kompromissbereit\/","url":"https:\/\/www.interpharma.ch\/fr\/blog\/medienmitteilung-europabefragung-2024-die-schweizer-stimmbevoelkerung-steht-klar-hinter-den-bilateralen-und-zeigt-sich-kompromissbereit\/","name":"Communiqu\u00e9 de presse: Enqu\u00eate sur l\u2019Europe\u00a02024: le peuple suisse se montre nettement en faveur des accords bilat\u00e9raux et pr\u00eat \u00e0 faire des compromis - Interpharma","isPartOf":{"@id":"https:\/\/www.interpharma.ch\/#website"},"primaryImageOfPage":{"@id":"https:\/\/www.interpharma.ch\/fr\/blog\/medienmitteilung-europabefragung-2024-die-schweizer-stimmbevoelkerung-steht-klar-hinter-den-bilateralen-und-zeigt-sich-kompromissbereit\/#primaryimage"},"image":{"@id":"https:\/\/www.interpharma.ch\/fr\/blog\/medienmitteilung-europabefragung-2024-die-schweizer-stimmbevoelkerung-steht-klar-hinter-den-bilateralen-und-zeigt-sich-kompromissbereit\/#primaryimage"},"thumbnailUrl":"https:\/\/www.interpharma.ch\/wp-content\/uploads\/2024\/03\/CH_EU_generisch-klein-scaled.jpg","datePublished":"2024-08-27T05:45:00+00:00","dateModified":"2026-03-03T09:34:34+00:00","breadcrumb":{"@id":"https:\/\/www.interpharma.ch\/fr\/blog\/medienmitteilung-europabefragung-2024-die-schweizer-stimmbevoelkerung-steht-klar-hinter-den-bilateralen-und-zeigt-sich-kompromissbereit\/#breadcrumb"},"inLanguage":"fr-FR","potentialAction":[{"@type":"ReadAction","target":["https:\/\/www.interpharma.ch\/fr\/blog\/medienmitteilung-europabefragung-2024-die-schweizer-stimmbevoelkerung-steht-klar-hinter-den-bilateralen-und-zeigt-sich-kompromissbereit\/"]}]},{"@type":"ImageObject","inLanguage":"fr-FR","@id":"https:\/\/www.interpharma.ch\/fr\/blog\/medienmitteilung-europabefragung-2024-die-schweizer-stimmbevoelkerung-steht-klar-hinter-den-bilateralen-und-zeigt-sich-kompromissbereit\/#primaryimage","url":"https:\/\/www.interpharma.ch\/wp-content\/uploads\/2024\/03\/CH_EU_generisch-klein-scaled.jpg","contentUrl":"https:\/\/www.interpharma.ch\/wp-content\/uploads\/2024\/03\/CH_EU_generisch-klein-scaled.jpg","width":2560,"height":1731},{"@type":"BreadcrumbList","@id":"https:\/\/www.interpharma.ch\/fr\/blog\/medienmitteilung-europabefragung-2024-die-schweizer-stimmbevoelkerung-steht-klar-hinter-den-bilateralen-und-zeigt-sich-kompromissbereit\/#breadcrumb","itemListElement":[{"@type":"ListItem","position":1,"name":"Startseite","item":"https:\/\/www.interpharma.ch\/fr\/"},{"@type":"ListItem","position":2,"name":"Communiqu\u00e9 de presse: Enqu\u00eate sur l\u2019Europe\u00a02024: le peuple suisse se montre nettement en faveur des accords bilat\u00e9raux et pr\u00eat \u00e0 faire des compromis"}]},{"@type":"WebSite","@id":"https:\/\/www.interpharma.ch\/#website","url":"https:\/\/www.interpharma.ch\/","name":"Interpharma","description":"Verband der forschenden Pharmazeutischen Firmen","publisher":{"@id":"https:\/\/www.interpharma.ch\/#organization"},"potentialAction":[{"@type":"SearchAction","target":{"@type":"EntryPoint","urlTemplate":"https:\/\/www.interpharma.ch\/?s={search_term_string}"},"query-input":{"@type":"PropertyValueSpecification","valueRequired":true,"valueName":"search_term_string"}}],"inLanguage":"fr-FR"},{"@type":"Organization","@id":"https:\/\/www.interpharma.ch\/#organization","name":"Interpharma","url":"https:\/\/www.interpharma.ch\/","logo":{"@type":"ImageObject","inLanguage":"fr-FR","@id":"https:\/\/www.interpharma.ch\/#\/schema\/logo\/image\/","url":"https:\/\/interpharma.ch\/wp-content\/uploads\/2026\/03\/20251014_iph_logo_wort_bildmarke_rgb_final_cu01.svg","contentUrl":"https:\/\/interpharma.ch\/wp-content\/uploads\/2026\/03\/20251014_iph_logo_wort_bildmarke_rgb_final_cu01.svg","width":"1200","height":"1200","caption":"Interpharma"},"image":{"@id":"https:\/\/www.interpharma.ch\/#\/schema\/logo\/image\/"},"sameAs":["https:\/\/x.com\/interpharma_ch","https:\/\/ch.linkedin.com\/company\/interpharma","https:\/\/www.instagram.com\/interpharma_ch\/"]},{"@type":"Person","@id":"https:\/\/www.interpharma.ch\/#\/schema\/person\/1302f3da278bb3f8995756877d107818","name":"berta_admin","image":{"@type":"ImageObject","inLanguage":"fr-FR","@id":"https:\/\/secure.gravatar.com\/avatar\/a2aeb00900e30743ff2859dfc3dd11cf7e64bb4ec7a1f349ee3772658a1d087d?s=96&d=mm&r=g","url":"https:\/\/secure.gravatar.com\/avatar\/a2aeb00900e30743ff2859dfc3dd11cf7e64bb4ec7a1f349ee3772658a1d087d?s=96&d=mm&r=g","contentUrl":"https:\/\/secure.gravatar.com\/avatar\/a2aeb00900e30743ff2859dfc3dd11cf7e64bb4ec7a1f349ee3772658a1d087d?s=96&d=mm&r=g","caption":"berta_admin"},"sameAs":["https:\/\/interpharma.ch"]}]}},"_links":{"self":[{"href":"https:\/\/www.interpharma.ch\/fr\/wp-json\/wp\/v2\/posts\/12314","targetHints":{"allow":["GET"]}}],"collection":[{"href":"https:\/\/www.interpharma.ch\/fr\/wp-json\/wp\/v2\/posts"}],"about":[{"href":"https:\/\/www.interpharma.ch\/fr\/wp-json\/wp\/v2\/types\/post"}],"author":[{"embeddable":true,"href":"https:\/\/www.interpharma.ch\/fr\/wp-json\/wp\/v2\/users\/1"}],"replies":[{"embeddable":true,"href":"https:\/\/www.interpharma.ch\/fr\/wp-json\/wp\/v2\/comments?post=12314"}],"version-history":[{"count":1,"href":"https:\/\/www.interpharma.ch\/fr\/wp-json\/wp\/v2\/posts\/12314\/revisions"}],"predecessor-version":[{"id":12315,"href":"https:\/\/www.interpharma.ch\/fr\/wp-json\/wp\/v2\/posts\/12314\/revisions\/12315"}],"wp:featuredmedia":[{"embeddable":true,"href":"https:\/\/www.interpharma.ch\/fr\/wp-json\/wp\/v2\/media\/3149"}],"wp:attachment":[{"href":"https:\/\/www.interpharma.ch\/fr\/wp-json\/wp\/v2\/media?parent=12314"}],"wp:term":[{"taxonomy":"post_tag","embeddable":true,"href":"https:\/\/www.interpharma.ch\/fr\/wp-json\/wp\/v2\/tags?post=12314"}],"curies":[{"name":"wp","href":"https:\/\/api.w.org\/{rel}","templated":true}]}}