{"id":12212,"date":"2024-12-09T23:58:07","date_gmt":"2024-12-09T22:58:07","guid":{"rendered":"https:\/\/iph-multisite.berta-bewegt.ch\/?p=12212"},"modified":"2026-03-03T10:31:22","modified_gmt":"2026-03-03T09:31:22","slug":"douloureuses-economies-pour-lindustrie-pharmaceutique-le-conseil-national-envoie-un-signal-en-faveur-de-la-securite-de-lapprovisionnement","status":"publish","type":"post","link":"https:\/\/www.interpharma.ch\/fr\/blog\/douloureuses-economies-pour-lindustrie-pharmaceutique-le-conseil-national-envoie-un-signal-en-faveur-de-la-securite-de-lapprovisionnement\/","title":{"rendered":"Douloureuses \u00e9conomies pour l&rsquo;industrie pharmaceutique &#8211; Le Conseil national envoie un signal en faveur de la s\u00e9curit\u00e9 de l&rsquo;approvisionnement"},"content":{"rendered":"\n<p class=\"is-style-paragraph-lead-text\"><strong>Aujourd&rsquo;hui, le Conseil national a pos\u00e9 des jalons importants en mati\u00e8re de s\u00e9curit\u00e9 d&rsquo;approvisionnement en m\u00e9dicaments innovants et d&rsquo;acc\u00e8s imm\u00e9diat des patientes et patients \u00e0 ces derniers.<\/strong><strong> Cependant, les mesures d\u00e9cid\u00e9es sont globalement drastiques pour les entreprises pharmaceutiques pratiquant la recherche.<\/strong><\/p>\n\n\n\n<p>Le fait que le Conseil national ancre des rabais de quantit\u00e9 pour les m\u00e9dicaments est une d\u00e9cision drastique pour le site pharmaceutique : selon des estimations, ces rabais, associ\u00e9s \u00e0 d&rsquo;autres mesures d\u00e9cid\u00e9es pour les m\u00e9dicaments dans le cadre du 2e volet de mesures visant \u00e0 ma\u00eetriser les co\u00fbts de la sant\u00e9, devraient permettre au syst\u00e8me de sant\u00e9 d&rsquo;\u00e9conomiser plusieurs centaines de millions de francs. Cela s&rsquo;ajoute aux \u00e9conomies de plus de 1,5 milliard de francs d\u00e9j\u00e0 r\u00e9alis\u00e9es chaque ann\u00e9e gr\u00e2ce aux baisses de prix r\u00e9guli\u00e8res des prix des m\u00e9dicaments d\u00e9cid\u00e9es par l&rsquo;OFSP et \u00e0 de nombreuses autres mesures \u00e0 la charge des entreprises pharmaceutiques pratiquant la recherche.<\/p>\n\n\n\n<p>Ce n&rsquo;est pas une bonne nouvelle pour le site pharmaceutique suisse, car le d\u00e9lai transitoire d\u00e9cid\u00e9 de deux ans est trop court, met en danger la s\u00e9curit\u00e9 juridique et de planification des entreprises et affaiblit une fois de plus l&rsquo;attractivit\u00e9 du petit march\u00e9 suisse. Interpharma attend d&rsquo;autant plus de l&rsquo;Office f\u00e9d\u00e9ral de la sant\u00e9 publique qu&rsquo;il tienne les promesses faites et qu&rsquo;il garantisse, par des solutions n\u00e9goci\u00e9es, que les particularit\u00e9s sp\u00e9cifiques aux produits soient prises en compte sans que les patient-e-s aient \u00e0 en souffrir. A cet effet, les commissions de la sant\u00e9 du Parlement devront suivre de tr\u00e8s pr\u00e8s les adaptations d&rsquo;ordonnances de l&rsquo;OFSP.<\/p>\n\n\n\n<h2 class=\"wp-block-heading\" id=\"h-l-acces-aux-medicaments-des-nbsp-le-jour-0-reste-efficace-et-facile-d-acces\"><strong>L&rsquo;acc\u00e8s aux m\u00e9dicaments d\u00e8s \u00ab&nbsp;le jour 0 \u00bb reste efficace et facile d\u2019acc\u00e8s<\/strong><strong><\/strong><\/h2>\n\n\n\n<p>Interpharma salue en revanche le fait que le Conseil national ait suivi la proposition de compromis d\u2019une minorit\u00e9 de la Commission pour ce qui est de la \u00abr\u00e9mun\u00e9ration provisoire \u00e0 partir du jour&nbsp;0\u00bb. Le but est que, pour une grande partie des m\u00e9dicaments innovants pass\u00e9s par une proc\u00e9dure rapide aupr\u00e8s de Swissmedic, les patient-e-s puissent y acc\u00e9der d\u00e8s le jour d\u2019octroi de l\u2019autorisation de mise sur le march\u00e9. Dans la version du Conseil des \u00c9tats, cet \u00abacc\u00e8s d\u00e8s le jour 0\u00bb serait rest\u00e9 lettre morte et il n\u2019y aurait pas eu d\u2019am\u00e9lioration pour les patient-e-s: en effet, en raison de la d\u00e9finition \u00e9troite et des conditions restrictives, les fabricants n\u2019auraient quasiment jamais mis leurs produits sur le march\u00e9 suisse par la voie pr\u00e9vue. Il est \u00e0 pr\u00e9sent important que le Conseil des \u00c9tats soutienne \u00e0 son tour ce compromis de mani\u00e8re \u00e0 enfin acc\u00e9l\u00e9rer l\u2019acc\u00e8s des patient-e-s aux m\u00e9dicaments en Suisse.<\/p>\n\n\n\n<p>Interpharma est par ailleurs satisfaite de la d\u00e9cision du Conseil national d&rsquo;ancrer les mod\u00e8les de prix dans la loi, m\u00eame si cela implique des pertes de chiffre d&rsquo;affaires importantes pour les entreprises pharmaceutiques. En effet, dans certains cas, compte tenu de l&rsquo;obsolescence du syst\u00e8me de formation des prix, eux seuls garantissent l&rsquo;acc\u00e8s des patient-e-s aux th\u00e9rapies innovantes. Les mod\u00e8les de prix ne sont toutefois pas la panac\u00e9e, car ils ne r\u00e9solvent pas les probl\u00e8mes structurels li\u00e9s au remboursement des th\u00e9rapies innovantes et sont donc con\u00e7us pour des cas exceptionnels. C&rsquo;est pourquoi la modernisation compl\u00e8te du syst\u00e8me de fixation des prix des m\u00e9dicaments doit maintenant \u00eatre poursuivie et achev\u00e9e rapidement par les acteurs concern\u00e9s. Interpharma appelle le Conseil des Etats \u00e0 finaliser le paquet et \u00e0 suivre le Conseil national sur les points de divergence restants, ce dernier \u00e9tant all\u00e9 dans le sens de la Chambre basse sur de nombreux points.<\/p>\n","protected":false},"excerpt":{"rendered":"<p>Aujourd&rsquo;hui, le Conseil national a pos\u00e9 des jalons importants en mati\u00e8re de s\u00e9curit\u00e9 d&rsquo;approvisionnement en m\u00e9dicaments innovants et d&rsquo;acc\u00e8s imm\u00e9diat des patientes et patients \u00e0 ces derniers. Cependant, les mesures d\u00e9cid\u00e9es sont globalement drastiques pour les entreprises pharmaceutiques pratiquant la recherche. Le fait que le Conseil national ancre des rabais de quantit\u00e9 pour les m\u00e9dicaments [&hellip;]<\/p>\n","protected":false},"author":1,"featured_media":2966,"comment_status":"closed","ping_status":"open","sticky":false,"template":"","format":"standard","meta":{"_acf_changed":false,"inline_featured_image":false,"footnotes":""},"tags":[54,122,131],"class_list":["post-12212","post","type-post","status-publish","format-standard","has-post-thumbnail","hentry","tag-medien-fr","tag-communique-de-presse","tag-politique"],"acf":[],"yoast_head":"<!-- This site is optimized with the Yoast SEO Premium plugin v27.2 (Yoast SEO v27.2) - https:\/\/yoast.com\/product\/yoast-seo-premium-wordpress\/ -->\n<title>Douloureuses \u00e9conomies pour l&#039;industrie pharmaceutique - Le Conseil national envoie un signal en faveur de la s\u00e9curit\u00e9 de l&#039;approvisionnement - Interpharma<\/title>\n<meta name=\"robots\" content=\"index, follow, max-snippet:-1, max-image-preview:large, max-video-preview:-1\" \/>\n<link rel=\"canonical\" href=\"https:\/\/www.interpharma.ch\/fr\/blog\/douloureuses-economies-pour-lindustrie-pharmaceutique-le-conseil-national-envoie-un-signal-en-faveur-de-la-securite-de-lapprovisionnement\/\" \/>\n<meta property=\"og:locale\" content=\"fr_FR\" \/>\n<meta property=\"og:type\" content=\"article\" \/>\n<meta property=\"og:title\" content=\"Douloureuses \u00e9conomies pour l&#039;industrie pharmaceutique - Le Conseil national envoie un signal en faveur de la s\u00e9curit\u00e9 de l&#039;approvisionnement\" \/>\n<meta property=\"og:description\" content=\"Aujourd&rsquo;hui, le Conseil national a pos\u00e9 des jalons importants en mati\u00e8re de s\u00e9curit\u00e9 d&rsquo;approvisionnement en m\u00e9dicaments innovants et d&rsquo;acc\u00e8s imm\u00e9diat des patientes et patients \u00e0 ces derniers. Cependant, les mesures d\u00e9cid\u00e9es sont globalement drastiques pour les entreprises pharmaceutiques pratiquant la recherche. Le fait que le Conseil national ancre des rabais de quantit\u00e9 pour les m\u00e9dicaments [&hellip;]\" \/>\n<meta property=\"og:url\" content=\"https:\/\/www.interpharma.ch\/fr\/blog\/douloureuses-economies-pour-lindustrie-pharmaceutique-le-conseil-national-envoie-un-signal-en-faveur-de-la-securite-de-lapprovisionnement\/\" \/>\n<meta property=\"og:site_name\" content=\"Interpharma\" \/>\n<meta property=\"article:published_time\" content=\"2024-12-09T22:58:07+00:00\" \/>\n<meta property=\"article:modified_time\" content=\"2026-03-03T09:31:22+00:00\" \/>\n<meta property=\"og:image\" content=\"https:\/\/www.interpharma.ch\/wp-content\/uploads\/2023\/09\/KP2-FR-1200x1200.png\" \/>\n\t<meta property=\"og:image:width\" content=\"1200\" \/>\n\t<meta property=\"og:image:height\" content=\"1200\" \/>\n\t<meta property=\"og:image:type\" content=\"image\/png\" \/>\n<meta name=\"author\" content=\"berta_admin\" \/>\n<meta name=\"twitter:card\" content=\"summary_large_image\" \/>\n<meta name=\"twitter:creator\" content=\"@interpharma_ch\" \/>\n<meta name=\"twitter:site\" content=\"@interpharma_ch\" \/>\n<meta name=\"twitter:label1\" content=\"\u00c9crit par\" \/>\n\t<meta name=\"twitter:data1\" content=\"berta_admin\" \/>\n\t<meta name=\"twitter:label2\" content=\"Dur\u00e9e de lecture estim\u00e9e\" \/>\n\t<meta name=\"twitter:data2\" content=\"3 minutes\" \/>\n<script type=\"application\/ld+json\" class=\"yoast-schema-graph\">{\"@context\":\"https:\/\/schema.org\",\"@graph\":[{\"@type\":\"Article\",\"@id\":\"https:\/\/www.interpharma.ch\/fr\/blog\/douloureuses-economies-pour-lindustrie-pharmaceutique-le-conseil-national-envoie-un-signal-en-faveur-de-la-securite-de-lapprovisionnement\/#article\",\"isPartOf\":{\"@id\":\"https:\/\/www.interpharma.ch\/fr\/blog\/douloureuses-economies-pour-lindustrie-pharmaceutique-le-conseil-national-envoie-un-signal-en-faveur-de-la-securite-de-lapprovisionnement\/\"},\"author\":{\"name\":\"berta_admin\",\"@id\":\"https:\/\/www.interpharma.ch\/#\/schema\/person\/1302f3da278bb3f8995756877d107818\"},\"headline\":\"Douloureuses \u00e9conomies pour l&rsquo;industrie pharmaceutique &#8211; Le Conseil national envoie un signal en faveur de la s\u00e9curit\u00e9 de l&rsquo;approvisionnement\",\"datePublished\":\"2024-12-09T22:58:07+00:00\",\"dateModified\":\"2026-03-03T09:31:22+00:00\",\"mainEntityOfPage\":{\"@id\":\"https:\/\/www.interpharma.ch\/fr\/blog\/douloureuses-economies-pour-lindustrie-pharmaceutique-le-conseil-national-envoie-un-signal-en-faveur-de-la-securite-de-lapprovisionnement\/\"},\"wordCount\":682,\"publisher\":{\"@id\":\"https:\/\/www.interpharma.ch\/#organization\"},\"image\":{\"@id\":\"https:\/\/www.interpharma.ch\/fr\/blog\/douloureuses-economies-pour-lindustrie-pharmaceutique-le-conseil-national-envoie-un-signal-en-faveur-de-la-securite-de-lapprovisionnement\/#primaryimage\"},\"thumbnailUrl\":\"https:\/\/www.interpharma.ch\/wp-content\/uploads\/2023\/09\/KP2-FR.png\",\"keywords\":[\"M\u00e9dias\",\"Communiqu\u00e9 de presse\",\"Politique\"],\"inLanguage\":\"fr-FR\",\"copyrightYear\":\"2024\",\"copyrightHolder\":{\"@id\":\"https:\/\/www.interpharma.ch\/#organization\"}},{\"@type\":\"WebPage\",\"@id\":\"https:\/\/www.interpharma.ch\/fr\/blog\/douloureuses-economies-pour-lindustrie-pharmaceutique-le-conseil-national-envoie-un-signal-en-faveur-de-la-securite-de-lapprovisionnement\/\",\"url\":\"https:\/\/www.interpharma.ch\/fr\/blog\/douloureuses-economies-pour-lindustrie-pharmaceutique-le-conseil-national-envoie-un-signal-en-faveur-de-la-securite-de-lapprovisionnement\/\",\"name\":\"Douloureuses \u00e9conomies pour l'industrie pharmaceutique - Le Conseil national envoie un signal en faveur de la s\u00e9curit\u00e9 de l'approvisionnement - Interpharma\",\"isPartOf\":{\"@id\":\"https:\/\/www.interpharma.ch\/#website\"},\"primaryImageOfPage\":{\"@id\":\"https:\/\/www.interpharma.ch\/fr\/blog\/douloureuses-economies-pour-lindustrie-pharmaceutique-le-conseil-national-envoie-un-signal-en-faveur-de-la-securite-de-lapprovisionnement\/#primaryimage\"},\"image\":{\"@id\":\"https:\/\/www.interpharma.ch\/fr\/blog\/douloureuses-economies-pour-lindustrie-pharmaceutique-le-conseil-national-envoie-un-signal-en-faveur-de-la-securite-de-lapprovisionnement\/#primaryimage\"},\"thumbnailUrl\":\"https:\/\/www.interpharma.ch\/wp-content\/uploads\/2023\/09\/KP2-FR.png\",\"datePublished\":\"2024-12-09T22:58:07+00:00\",\"dateModified\":\"2026-03-03T09:31:22+00:00\",\"breadcrumb\":{\"@id\":\"https:\/\/www.interpharma.ch\/fr\/blog\/douloureuses-economies-pour-lindustrie-pharmaceutique-le-conseil-national-envoie-un-signal-en-faveur-de-la-securite-de-lapprovisionnement\/#breadcrumb\"},\"inLanguage\":\"fr-FR\",\"potentialAction\":[{\"@type\":\"ReadAction\",\"target\":[\"https:\/\/www.interpharma.ch\/fr\/blog\/douloureuses-economies-pour-lindustrie-pharmaceutique-le-conseil-national-envoie-un-signal-en-faveur-de-la-securite-de-lapprovisionnement\/\"]}]},{\"@type\":\"ImageObject\",\"inLanguage\":\"fr-FR\",\"@id\":\"https:\/\/www.interpharma.ch\/fr\/blog\/douloureuses-economies-pour-lindustrie-pharmaceutique-le-conseil-national-envoie-un-signal-en-faveur-de-la-securite-de-lapprovisionnement\/#primaryimage\",\"url\":\"https:\/\/www.interpharma.ch\/wp-content\/uploads\/2023\/09\/KP2-FR.png\",\"contentUrl\":\"https:\/\/www.interpharma.ch\/wp-content\/uploads\/2023\/09\/KP2-FR.png\",\"width\":1350,\"height\":1350},{\"@type\":\"BreadcrumbList\",\"@id\":\"https:\/\/www.interpharma.ch\/fr\/blog\/douloureuses-economies-pour-lindustrie-pharmaceutique-le-conseil-national-envoie-un-signal-en-faveur-de-la-securite-de-lapprovisionnement\/#breadcrumb\",\"itemListElement\":[{\"@type\":\"ListItem\",\"position\":1,\"name\":\"Startseite\",\"item\":\"https:\/\/www.interpharma.ch\/fr\/\"},{\"@type\":\"ListItem\",\"position\":2,\"name\":\"Douloureuses \u00e9conomies pour l&rsquo;industrie pharmaceutique &#8211; Le Conseil national envoie un signal en faveur de la s\u00e9curit\u00e9 de l&rsquo;approvisionnement\"}]},{\"@type\":\"WebSite\",\"@id\":\"https:\/\/www.interpharma.ch\/#website\",\"url\":\"https:\/\/www.interpharma.ch\/\",\"name\":\"Interpharma\",\"description\":\"Verband der forschenden Pharmazeutischen Firmen\",\"publisher\":{\"@id\":\"https:\/\/www.interpharma.ch\/#organization\"},\"potentialAction\":[{\"@type\":\"SearchAction\",\"target\":{\"@type\":\"EntryPoint\",\"urlTemplate\":\"https:\/\/www.interpharma.ch\/?s={search_term_string}\"},\"query-input\":{\"@type\":\"PropertyValueSpecification\",\"valueRequired\":true,\"valueName\":\"search_term_string\"}}],\"inLanguage\":\"fr-FR\"},{\"@type\":\"Organization\",\"@id\":\"https:\/\/www.interpharma.ch\/#organization\",\"name\":\"Interpharma\",\"url\":\"https:\/\/www.interpharma.ch\/\",\"logo\":{\"@type\":\"ImageObject\",\"inLanguage\":\"fr-FR\",\"@id\":\"https:\/\/www.interpharma.ch\/#\/schema\/logo\/image\/\",\"url\":\"https:\/\/interpharma.ch\/wp-content\/uploads\/2026\/03\/20251014_iph_logo_wort_bildmarke_rgb_final_cu01.svg\",\"contentUrl\":\"https:\/\/interpharma.ch\/wp-content\/uploads\/2026\/03\/20251014_iph_logo_wort_bildmarke_rgb_final_cu01.svg\",\"width\":\"1200\",\"height\":\"1200\",\"caption\":\"Interpharma\"},\"image\":{\"@id\":\"https:\/\/www.interpharma.ch\/#\/schema\/logo\/image\/\"},\"sameAs\":[\"https:\/\/x.com\/interpharma_ch\",\"https:\/\/ch.linkedin.com\/company\/interpharma\",\"https:\/\/www.instagram.com\/interpharma_ch\/\"]},{\"@type\":\"Person\",\"@id\":\"https:\/\/www.interpharma.ch\/#\/schema\/person\/1302f3da278bb3f8995756877d107818\",\"name\":\"berta_admin\",\"image\":{\"@type\":\"ImageObject\",\"inLanguage\":\"fr-FR\",\"@id\":\"https:\/\/secure.gravatar.com\/avatar\/a2aeb00900e30743ff2859dfc3dd11cf7e64bb4ec7a1f349ee3772658a1d087d?s=96&d=mm&r=g\",\"url\":\"https:\/\/secure.gravatar.com\/avatar\/a2aeb00900e30743ff2859dfc3dd11cf7e64bb4ec7a1f349ee3772658a1d087d?s=96&d=mm&r=g\",\"contentUrl\":\"https:\/\/secure.gravatar.com\/avatar\/a2aeb00900e30743ff2859dfc3dd11cf7e64bb4ec7a1f349ee3772658a1d087d?s=96&d=mm&r=g\",\"caption\":\"berta_admin\"},\"sameAs\":[\"https:\/\/interpharma.ch\"]}]}<\/script>\n<!-- \/ Yoast SEO Premium plugin. -->","yoast_head_json":{"title":"Douloureuses \u00e9conomies pour l'industrie pharmaceutique - Le Conseil national envoie un signal en faveur de la s\u00e9curit\u00e9 de l'approvisionnement - Interpharma","robots":{"index":"index","follow":"follow","max-snippet":"max-snippet:-1","max-image-preview":"max-image-preview:large","max-video-preview":"max-video-preview:-1"},"canonical":"https:\/\/www.interpharma.ch\/fr\/blog\/douloureuses-economies-pour-lindustrie-pharmaceutique-le-conseil-national-envoie-un-signal-en-faveur-de-la-securite-de-lapprovisionnement\/","og_locale":"fr_FR","og_type":"article","og_title":"Douloureuses \u00e9conomies pour l'industrie pharmaceutique - Le Conseil national envoie un signal en faveur de la s\u00e9curit\u00e9 de l'approvisionnement","og_description":"Aujourd&rsquo;hui, le Conseil national a pos\u00e9 des jalons importants en mati\u00e8re de s\u00e9curit\u00e9 d&rsquo;approvisionnement en m\u00e9dicaments innovants et d&rsquo;acc\u00e8s imm\u00e9diat des patientes et patients \u00e0 ces derniers. Cependant, les mesures d\u00e9cid\u00e9es sont globalement drastiques pour les entreprises pharmaceutiques pratiquant la recherche. Le fait que le Conseil national ancre des rabais de quantit\u00e9 pour les m\u00e9dicaments [&hellip;]","og_url":"https:\/\/www.interpharma.ch\/fr\/blog\/douloureuses-economies-pour-lindustrie-pharmaceutique-le-conseil-national-envoie-un-signal-en-faveur-de-la-securite-de-lapprovisionnement\/","og_site_name":"Interpharma","article_published_time":"2024-12-09T22:58:07+00:00","article_modified_time":"2026-03-03T09:31:22+00:00","og_image":[{"width":1200,"height":1200,"url":"https:\/\/www.interpharma.ch\/wp-content\/uploads\/2023\/09\/KP2-FR-1200x1200.png","type":"image\/png"}],"author":"berta_admin","twitter_card":"summary_large_image","twitter_creator":"@interpharma_ch","twitter_site":"@interpharma_ch","twitter_misc":{"\u00c9crit par":"berta_admin","Dur\u00e9e de lecture estim\u00e9e":"3 minutes"},"schema":{"@context":"https:\/\/schema.org","@graph":[{"@type":"Article","@id":"https:\/\/www.interpharma.ch\/fr\/blog\/douloureuses-economies-pour-lindustrie-pharmaceutique-le-conseil-national-envoie-un-signal-en-faveur-de-la-securite-de-lapprovisionnement\/#article","isPartOf":{"@id":"https:\/\/www.interpharma.ch\/fr\/blog\/douloureuses-economies-pour-lindustrie-pharmaceutique-le-conseil-national-envoie-un-signal-en-faveur-de-la-securite-de-lapprovisionnement\/"},"author":{"name":"berta_admin","@id":"https:\/\/www.interpharma.ch\/#\/schema\/person\/1302f3da278bb3f8995756877d107818"},"headline":"Douloureuses \u00e9conomies pour l&rsquo;industrie pharmaceutique &#8211; Le Conseil national envoie un signal en faveur de la s\u00e9curit\u00e9 de l&rsquo;approvisionnement","datePublished":"2024-12-09T22:58:07+00:00","dateModified":"2026-03-03T09:31:22+00:00","mainEntityOfPage":{"@id":"https:\/\/www.interpharma.ch\/fr\/blog\/douloureuses-economies-pour-lindustrie-pharmaceutique-le-conseil-national-envoie-un-signal-en-faveur-de-la-securite-de-lapprovisionnement\/"},"wordCount":682,"publisher":{"@id":"https:\/\/www.interpharma.ch\/#organization"},"image":{"@id":"https:\/\/www.interpharma.ch\/fr\/blog\/douloureuses-economies-pour-lindustrie-pharmaceutique-le-conseil-national-envoie-un-signal-en-faveur-de-la-securite-de-lapprovisionnement\/#primaryimage"},"thumbnailUrl":"https:\/\/www.interpharma.ch\/wp-content\/uploads\/2023\/09\/KP2-FR.png","keywords":["M\u00e9dias","Communiqu\u00e9 de presse","Politique"],"inLanguage":"fr-FR","copyrightYear":"2024","copyrightHolder":{"@id":"https:\/\/www.interpharma.ch\/#organization"}},{"@type":"WebPage","@id":"https:\/\/www.interpharma.ch\/fr\/blog\/douloureuses-economies-pour-lindustrie-pharmaceutique-le-conseil-national-envoie-un-signal-en-faveur-de-la-securite-de-lapprovisionnement\/","url":"https:\/\/www.interpharma.ch\/fr\/blog\/douloureuses-economies-pour-lindustrie-pharmaceutique-le-conseil-national-envoie-un-signal-en-faveur-de-la-securite-de-lapprovisionnement\/","name":"Douloureuses \u00e9conomies pour l'industrie pharmaceutique - Le Conseil national envoie un signal en faveur de la s\u00e9curit\u00e9 de l'approvisionnement - Interpharma","isPartOf":{"@id":"https:\/\/www.interpharma.ch\/#website"},"primaryImageOfPage":{"@id":"https:\/\/www.interpharma.ch\/fr\/blog\/douloureuses-economies-pour-lindustrie-pharmaceutique-le-conseil-national-envoie-un-signal-en-faveur-de-la-securite-de-lapprovisionnement\/#primaryimage"},"image":{"@id":"https:\/\/www.interpharma.ch\/fr\/blog\/douloureuses-economies-pour-lindustrie-pharmaceutique-le-conseil-national-envoie-un-signal-en-faveur-de-la-securite-de-lapprovisionnement\/#primaryimage"},"thumbnailUrl":"https:\/\/www.interpharma.ch\/wp-content\/uploads\/2023\/09\/KP2-FR.png","datePublished":"2024-12-09T22:58:07+00:00","dateModified":"2026-03-03T09:31:22+00:00","breadcrumb":{"@id":"https:\/\/www.interpharma.ch\/fr\/blog\/douloureuses-economies-pour-lindustrie-pharmaceutique-le-conseil-national-envoie-un-signal-en-faveur-de-la-securite-de-lapprovisionnement\/#breadcrumb"},"inLanguage":"fr-FR","potentialAction":[{"@type":"ReadAction","target":["https:\/\/www.interpharma.ch\/fr\/blog\/douloureuses-economies-pour-lindustrie-pharmaceutique-le-conseil-national-envoie-un-signal-en-faveur-de-la-securite-de-lapprovisionnement\/"]}]},{"@type":"ImageObject","inLanguage":"fr-FR","@id":"https:\/\/www.interpharma.ch\/fr\/blog\/douloureuses-economies-pour-lindustrie-pharmaceutique-le-conseil-national-envoie-un-signal-en-faveur-de-la-securite-de-lapprovisionnement\/#primaryimage","url":"https:\/\/www.interpharma.ch\/wp-content\/uploads\/2023\/09\/KP2-FR.png","contentUrl":"https:\/\/www.interpharma.ch\/wp-content\/uploads\/2023\/09\/KP2-FR.png","width":1350,"height":1350},{"@type":"BreadcrumbList","@id":"https:\/\/www.interpharma.ch\/fr\/blog\/douloureuses-economies-pour-lindustrie-pharmaceutique-le-conseil-national-envoie-un-signal-en-faveur-de-la-securite-de-lapprovisionnement\/#breadcrumb","itemListElement":[{"@type":"ListItem","position":1,"name":"Startseite","item":"https:\/\/www.interpharma.ch\/fr\/"},{"@type":"ListItem","position":2,"name":"Douloureuses \u00e9conomies pour l&rsquo;industrie pharmaceutique &#8211; Le Conseil national envoie un signal en faveur de la s\u00e9curit\u00e9 de l&rsquo;approvisionnement"}]},{"@type":"WebSite","@id":"https:\/\/www.interpharma.ch\/#website","url":"https:\/\/www.interpharma.ch\/","name":"Interpharma","description":"Verband der forschenden Pharmazeutischen Firmen","publisher":{"@id":"https:\/\/www.interpharma.ch\/#organization"},"potentialAction":[{"@type":"SearchAction","target":{"@type":"EntryPoint","urlTemplate":"https:\/\/www.interpharma.ch\/?s={search_term_string}"},"query-input":{"@type":"PropertyValueSpecification","valueRequired":true,"valueName":"search_term_string"}}],"inLanguage":"fr-FR"},{"@type":"Organization","@id":"https:\/\/www.interpharma.ch\/#organization","name":"Interpharma","url":"https:\/\/www.interpharma.ch\/","logo":{"@type":"ImageObject","inLanguage":"fr-FR","@id":"https:\/\/www.interpharma.ch\/#\/schema\/logo\/image\/","url":"https:\/\/interpharma.ch\/wp-content\/uploads\/2026\/03\/20251014_iph_logo_wort_bildmarke_rgb_final_cu01.svg","contentUrl":"https:\/\/interpharma.ch\/wp-content\/uploads\/2026\/03\/20251014_iph_logo_wort_bildmarke_rgb_final_cu01.svg","width":"1200","height":"1200","caption":"Interpharma"},"image":{"@id":"https:\/\/www.interpharma.ch\/#\/schema\/logo\/image\/"},"sameAs":["https:\/\/x.com\/interpharma_ch","https:\/\/ch.linkedin.com\/company\/interpharma","https:\/\/www.instagram.com\/interpharma_ch\/"]},{"@type":"Person","@id":"https:\/\/www.interpharma.ch\/#\/schema\/person\/1302f3da278bb3f8995756877d107818","name":"berta_admin","image":{"@type":"ImageObject","inLanguage":"fr-FR","@id":"https:\/\/secure.gravatar.com\/avatar\/a2aeb00900e30743ff2859dfc3dd11cf7e64bb4ec7a1f349ee3772658a1d087d?s=96&d=mm&r=g","url":"https:\/\/secure.gravatar.com\/avatar\/a2aeb00900e30743ff2859dfc3dd11cf7e64bb4ec7a1f349ee3772658a1d087d?s=96&d=mm&r=g","contentUrl":"https:\/\/secure.gravatar.com\/avatar\/a2aeb00900e30743ff2859dfc3dd11cf7e64bb4ec7a1f349ee3772658a1d087d?s=96&d=mm&r=g","caption":"berta_admin"},"sameAs":["https:\/\/interpharma.ch"]}]}},"_links":{"self":[{"href":"https:\/\/www.interpharma.ch\/fr\/wp-json\/wp\/v2\/posts\/12212","targetHints":{"allow":["GET"]}}],"collection":[{"href":"https:\/\/www.interpharma.ch\/fr\/wp-json\/wp\/v2\/posts"}],"about":[{"href":"https:\/\/www.interpharma.ch\/fr\/wp-json\/wp\/v2\/types\/post"}],"author":[{"embeddable":true,"href":"https:\/\/www.interpharma.ch\/fr\/wp-json\/wp\/v2\/users\/1"}],"replies":[{"embeddable":true,"href":"https:\/\/www.interpharma.ch\/fr\/wp-json\/wp\/v2\/comments?post=12212"}],"version-history":[{"count":1,"href":"https:\/\/www.interpharma.ch\/fr\/wp-json\/wp\/v2\/posts\/12212\/revisions"}],"predecessor-version":[{"id":12213,"href":"https:\/\/www.interpharma.ch\/fr\/wp-json\/wp\/v2\/posts\/12212\/revisions\/12213"}],"wp:featuredmedia":[{"embeddable":true,"href":"https:\/\/www.interpharma.ch\/fr\/wp-json\/wp\/v2\/media\/2966"}],"wp:attachment":[{"href":"https:\/\/www.interpharma.ch\/fr\/wp-json\/wp\/v2\/media?parent=12212"}],"wp:term":[{"taxonomy":"post_tag","embeddable":true,"href":"https:\/\/www.interpharma.ch\/fr\/wp-json\/wp\/v2\/tags?post=12212"}],"curies":[{"name":"wp","href":"https:\/\/api.w.org\/{rel}","templated":true}]}}