{"id":12192,"date":"2025-01-09T09:30:00","date_gmt":"2025-01-09T08:30:00","guid":{"rendered":"https:\/\/iph-multisite.berta-bewegt.ch\/?p=12192"},"modified":"2026-03-03T10:30:58","modified_gmt":"2026-03-03T09:30:58","slug":"la-suisse-ne-doit-avoir-de-cesse-de-sameliorer","status":"publish","type":"post","link":"https:\/\/www.interpharma.ch\/fr\/blog\/la-suisse-ne-doit-avoir-de-cesse-de-sameliorer\/","title":{"rendered":"La Suisse ne doit avoir de cesse de s\u2019am\u00e9liorer"},"content":{"rendered":"\n<p class=\"is-style-paragraph-lead-text\"><strong>La Suisse pr\u00e9sente de grands avantages pour l\u2019industrie pharmaceutique. Les conditions cadres sont attrayantes pour la recherche et le d\u00e9veloppement, les entreprises pharmaceutiques ont beaucoup investi et les innovations qui en d\u00e9coulent b\u00e9n\u00e9ficient \u00e0 la population et \u00e0 la place \u00e9conomique. En comparaison internationale, la Suisse se situe dans le peloton de t\u00eate, mais le maintien de cet environnement favorable \u00e0 l\u2019industrie pharmaceutique ne va pas de soi. Un coup d\u2019\u0153il aux investissements que pr\u00e9voient les entreprises pharmaceutiques montre que, dans les prochaines ann\u00e9es, nombre d\u2019entre eux n\u2019auront plus lieu en Suisse. Ce dont nous avons besoin: pr\u00e9visibilit\u00e9 et s\u00e9curit\u00e9 juridique pour les investissements \u00e0 long terme, acc\u00e8s rapide des patientes et patients aux nouveaux m\u00e9dicaments innovants et relations stables et encadr\u00e9es avec les principaux march\u00e9s.<\/strong><\/p>\n\n<p>La Suisse est le pays de l\u2019industrie pharmaceutique. La branche pharmaceutique ap-porte une contribution essentielle \u00e0 la croissance \u00e9conomique et au syst\u00e8me de sant\u00e9, ce qui b\u00e9n\u00e9ficie aux patientes et patients. C\u2019est ainsi que, dans l\u2019\u00e9dition actuelle du Moniteur de la sant\u00e9 mandat\u00e9 par Interpharma, trois quarts des personnes interro-g\u00e9es \u00e9valuent la qualit\u00e9 du syst\u00e8me de sant\u00e9 suisse comme bonne ou tr\u00e8s bonne. Il est donc surprenant que les conditions cadres de la place suisse pour l\u2019industrie phar-maceutique ne soient pas mieux assur\u00e9es \u00e0 long terme. En effet, la branche est aussi un employeur important puisqu\u2019elle est directement ou indirectement responsable de quelque 282 000 emplois. De m\u00eame, un franc de valeur ajout\u00e9e sur dix d\u00e9pend des activit\u00e9s de recherche et d\u00e9veloppement et de la production des entreprises pharma-ceutiques. \u00abPour que cela se maintienne, il faut am\u00e9liorer en permanence les conditions cadres de la place de production pharmaceutique suisse\u00bb, souligne Leila Schwery, vice-pr\u00e9sidente d\u2019Interpharma. <\/p>\n\n<p>La recherche et le d\u00e9veloppement d\u00e9bouchent r\u00e9guli\u00e8rement sur des m\u00e9dicaments innovants qui viennent en aide aux patientes et patients. \u00abUn exemple en est le net recul du taux de mortalit\u00e9 du cancer ces derni\u00e8res ann\u00e9es, en grande partie imputable aux progr\u00e8s de la recherche m\u00e9dicale et au travail de l\u2019industrie pharmaceutique\u00bb, explique Stefan Frings, membre du comit\u00e9 Place suisse d\u2019Interpharma. Ceci b\u00e9n\u00e9ficie non seulement directement aux personnes touch\u00e9es, mais aussi \u00e0 la soci\u00e9t\u00e9 dans son ensemble: les m\u00e9dicaments innovants ont fait baisser d\u2019un tiers la mortalit\u00e9 des moins de 85 ans et se sont traduits, pour la seule ann\u00e9e 2019, par une r\u00e9duction du nombre de journ\u00e9es d\u2019h\u00f4pital de deux millions, soit une valeur de trois milliards de francs. \u00c0 l\u2019\u00e9chelon mondial, le march\u00e9 suisse est de petite taille. Les r\u00e8glementations doivent donc faire en sorte que les patientes et patients puissent n\u00e9anmoins b\u00e9n\u00e9fi-cier au plus vite des innovations. Il faut pour cela moderniser le syst\u00e8me obsol\u00e8te de formation des prix. \u00abPour les patientes et patients, chaque jour compte. Actuelle-ment, les personnes touch\u00e9es attendent trop longtemps les m\u00e9dicaments innovants\u00bb, signale Sabine Bruckner, vice-pr\u00e9sidente d\u2019Interpharma.&#13;\n<\/p>\n\n<p>Ren\u00e9 Buholzer, directeur d\u2019Interpharma, ajoute: \u00abAvec une part de pr\u00e8s de 40% de l\u2019ensemble des exportations, l\u2019industrie pharmaceutique est la principale branche ex-portatrice de Suisse. \u00c0 cet \u00e9gard, des relations stables et encadr\u00e9es avec les principaux march\u00e9s sont d\u00e9cisives.\u00bb<\/p>\n\n<p>Compte tenu du fait qu\u2019environ 46% des exportations pharmaceutiques vont vers l\u2019UE, on comprend facilement combien il reste important de pouvoir acc\u00e9der aussi li-brement que possible au march\u00e9 int\u00e9rieur de l\u2019UE. Cependant, la Suisse est loin d\u2019\u00eatre le seul site attrayant pour les entreprises pharmaceutiques: \u00abRien qu\u2019en Europe, plusieurs pays comme par exemple le Danemark, l\u2019Allemagne ou le Royaume-Uni, briguent de mani\u00e8re cibl\u00e9e les faveurs de la branche pharmaceutique. \u00c0 l\u2019\u00e9chelon mon-dial, la concurrence est encore plus grande. Ceci est d\u00fb en particulier au fait que divers pays ont \u00e9labor\u00e9 et mettent en \u0153uvre des strat\u00e9gies d\u00e9di\u00e9es sp\u00e9cifiquement \u00e0 la branche pharmaceutique et aux sciences de la vie. La Suisse n\u2019a pas encore de strat\u00e9gie similaire\u00bb dit J\u00f6rg-Michael Rupp, pr\u00e9sident d\u2019Interpharma.&#13;\n<\/p>\n\n<p>Pour que la Suisse garde son attractivit\u00e9 pour les entreprises pharmaceutiques, elle doit pouvoir continuer \u00e0 se mesurer \u00e0 la concurrence. Elle ne doit avoir de cesse de s\u2019am\u00e9liorer. Lanc\u00e9e aujourd\u2019hui, la publication \u00abR\u00e9f\u00e9rencement: Strat\u00e9gie \u2018La place pharmaceutique suisse en 2030\u2019\u00bb montre dans quels domaines il faut intervenir \u00e0 cet effet.<\/p>\n","protected":false},"excerpt":{"rendered":"<p>La Suisse pr\u00e9sente de grands avantages pour l\u2019industrie pharmaceutique. Les conditions cadres sont attrayantes pour la recherche et le d\u00e9veloppement, les entreprises pharmaceutiques ont beaucoup investi et les innovations qui en d\u00e9coulent b\u00e9n\u00e9ficient \u00e0 la population et \u00e0 la place \u00e9conomique. En comparaison internationale, la Suisse se situe dans le peloton de t\u00eate, mais le [&hellip;]<\/p>\n","protected":false},"author":1,"featured_media":3431,"comment_status":"closed","ping_status":"open","sticky":false,"template":"","format":"standard","meta":{"_acf_changed":false,"inline_featured_image":false,"footnotes":""},"tags":[54,115,120,122,127,130,131],"class_list":["post-12192","post","type-post","status-publish","format-standard","has-post-thumbnail","hentry","tag-medien-fr","tag-recherche-fr","tag-innovation-fr","tag-communique-de-presse","tag-acces-des-patients","tag-pharmastandort-2030-fr","tag-politique"],"acf":[],"yoast_head":"<!-- This site is optimized with the Yoast SEO Premium plugin v27.2 (Yoast SEO v27.2) - https:\/\/yoast.com\/product\/yoast-seo-premium-wordpress\/ -->\n<title>La Suisse ne doit avoir de cesse de s\u2019am\u00e9liorer - Interpharma<\/title>\n<meta name=\"robots\" content=\"index, follow, max-snippet:-1, max-image-preview:large, max-video-preview:-1\" \/>\n<link rel=\"canonical\" href=\"https:\/\/www.interpharma.ch\/fr\/blog\/la-suisse-ne-doit-avoir-de-cesse-de-sameliorer\/\" \/>\n<meta property=\"og:locale\" content=\"fr_FR\" \/>\n<meta property=\"og:type\" content=\"article\" \/>\n<meta property=\"og:title\" content=\"La Suisse ne doit avoir de cesse de s\u2019am\u00e9liorer\" \/>\n<meta property=\"og:description\" content=\"La Suisse pr\u00e9sente de grands avantages pour l\u2019industrie pharmaceutique. Les conditions cadres sont attrayantes pour la recherche et le d\u00e9veloppement, les entreprises pharmaceutiques ont beaucoup investi et les innovations qui en d\u00e9coulent b\u00e9n\u00e9ficient \u00e0 la population et \u00e0 la place \u00e9conomique. En comparaison internationale, la Suisse se situe dans le peloton de t\u00eate, mais le [&hellip;]\" \/>\n<meta property=\"og:url\" content=\"https:\/\/www.interpharma.ch\/fr\/blog\/la-suisse-ne-doit-avoir-de-cesse-de-sameliorer\/\" \/>\n<meta property=\"og:site_name\" content=\"Interpharma\" \/>\n<meta property=\"article:published_time\" content=\"2025-01-09T08:30:00+00:00\" \/>\n<meta property=\"article:modified_time\" content=\"2026-03-03T09:30:58+00:00\" \/>\n<meta property=\"og:image\" content=\"https:\/\/www.interpharma.ch\/wp-content\/uploads\/2025\/01\/thm_FR2-1.png\" \/>\n\t<meta property=\"og:image:width\" content=\"556\" \/>\n\t<meta property=\"og:image:height\" content=\"391\" \/>\n\t<meta property=\"og:image:type\" content=\"image\/png\" \/>\n<meta name=\"author\" content=\"berta_admin\" \/>\n<meta name=\"twitter:card\" content=\"summary_large_image\" \/>\n<meta name=\"twitter:creator\" content=\"@interpharma_ch\" \/>\n<meta name=\"twitter:site\" content=\"@interpharma_ch\" \/>\n<meta name=\"twitter:label1\" content=\"\u00c9crit par\" \/>\n\t<meta name=\"twitter:data1\" content=\"berta_admin\" \/>\n\t<meta name=\"twitter:label2\" content=\"Dur\u00e9e de lecture estim\u00e9e\" \/>\n\t<meta name=\"twitter:data2\" content=\"4 minutes\" \/>\n<script type=\"application\/ld+json\" class=\"yoast-schema-graph\">{\"@context\":\"https:\/\/schema.org\",\"@graph\":[{\"@type\":\"Article\",\"@id\":\"https:\/\/www.interpharma.ch\/fr\/blog\/la-suisse-ne-doit-avoir-de-cesse-de-sameliorer\/#article\",\"isPartOf\":{\"@id\":\"https:\/\/www.interpharma.ch\/fr\/blog\/la-suisse-ne-doit-avoir-de-cesse-de-sameliorer\/\"},\"author\":{\"name\":\"berta_admin\",\"@id\":\"https:\/\/www.interpharma.ch\/#\/schema\/person\/1302f3da278bb3f8995756877d107818\"},\"headline\":\"La Suisse ne doit avoir de cesse de s\u2019am\u00e9liorer\",\"datePublished\":\"2025-01-09T08:30:00+00:00\",\"dateModified\":\"2026-03-03T09:30:58+00:00\",\"mainEntityOfPage\":{\"@id\":\"https:\/\/www.interpharma.ch\/fr\/blog\/la-suisse-ne-doit-avoir-de-cesse-de-sameliorer\/\"},\"wordCount\":771,\"publisher\":{\"@id\":\"https:\/\/www.interpharma.ch\/#organization\"},\"image\":{\"@id\":\"https:\/\/www.interpharma.ch\/fr\/blog\/la-suisse-ne-doit-avoir-de-cesse-de-sameliorer\/#primaryimage\"},\"thumbnailUrl\":\"https:\/\/www.interpharma.ch\/wp-content\/uploads\/2025\/01\/thm_FR2-1.png\",\"keywords\":[\"M\u00e9dias\",\"Recherche\",\"Innovation\",\"Communiqu\u00e9 de presse\",\"Acc\u00e8s des patients\",\"Pharmastandort 2030\",\"Politique\"],\"inLanguage\":\"fr-FR\",\"copyrightYear\":\"2025\",\"copyrightHolder\":{\"@id\":\"https:\/\/www.interpharma.ch\/#organization\"}},{\"@type\":\"WebPage\",\"@id\":\"https:\/\/www.interpharma.ch\/fr\/blog\/la-suisse-ne-doit-avoir-de-cesse-de-sameliorer\/\",\"url\":\"https:\/\/www.interpharma.ch\/fr\/blog\/la-suisse-ne-doit-avoir-de-cesse-de-sameliorer\/\",\"name\":\"La Suisse ne doit avoir de cesse de s\u2019am\u00e9liorer - Interpharma\",\"isPartOf\":{\"@id\":\"https:\/\/www.interpharma.ch\/#website\"},\"primaryImageOfPage\":{\"@id\":\"https:\/\/www.interpharma.ch\/fr\/blog\/la-suisse-ne-doit-avoir-de-cesse-de-sameliorer\/#primaryimage\"},\"image\":{\"@id\":\"https:\/\/www.interpharma.ch\/fr\/blog\/la-suisse-ne-doit-avoir-de-cesse-de-sameliorer\/#primaryimage\"},\"thumbnailUrl\":\"https:\/\/www.interpharma.ch\/wp-content\/uploads\/2025\/01\/thm_FR2-1.png\",\"datePublished\":\"2025-01-09T08:30:00+00:00\",\"dateModified\":\"2026-03-03T09:30:58+00:00\",\"breadcrumb\":{\"@id\":\"https:\/\/www.interpharma.ch\/fr\/blog\/la-suisse-ne-doit-avoir-de-cesse-de-sameliorer\/#breadcrumb\"},\"inLanguage\":\"fr-FR\",\"potentialAction\":[{\"@type\":\"ReadAction\",\"target\":[\"https:\/\/www.interpharma.ch\/fr\/blog\/la-suisse-ne-doit-avoir-de-cesse-de-sameliorer\/\"]}]},{\"@type\":\"ImageObject\",\"inLanguage\":\"fr-FR\",\"@id\":\"https:\/\/www.interpharma.ch\/fr\/blog\/la-suisse-ne-doit-avoir-de-cesse-de-sameliorer\/#primaryimage\",\"url\":\"https:\/\/www.interpharma.ch\/wp-content\/uploads\/2025\/01\/thm_FR2-1.png\",\"contentUrl\":\"https:\/\/www.interpharma.ch\/wp-content\/uploads\/2025\/01\/thm_FR2-1.png\",\"width\":556,\"height\":391},{\"@type\":\"BreadcrumbList\",\"@id\":\"https:\/\/www.interpharma.ch\/fr\/blog\/la-suisse-ne-doit-avoir-de-cesse-de-sameliorer\/#breadcrumb\",\"itemListElement\":[{\"@type\":\"ListItem\",\"position\":1,\"name\":\"Startseite\",\"item\":\"https:\/\/www.interpharma.ch\/fr\/\"},{\"@type\":\"ListItem\",\"position\":2,\"name\":\"La Suisse ne doit avoir de cesse de s\u2019am\u00e9liorer\"}]},{\"@type\":\"WebSite\",\"@id\":\"https:\/\/www.interpharma.ch\/#website\",\"url\":\"https:\/\/www.interpharma.ch\/\",\"name\":\"Interpharma\",\"description\":\"Verband der forschenden Pharmazeutischen Firmen\",\"publisher\":{\"@id\":\"https:\/\/www.interpharma.ch\/#organization\"},\"potentialAction\":[{\"@type\":\"SearchAction\",\"target\":{\"@type\":\"EntryPoint\",\"urlTemplate\":\"https:\/\/www.interpharma.ch\/?s={search_term_string}\"},\"query-input\":{\"@type\":\"PropertyValueSpecification\",\"valueRequired\":true,\"valueName\":\"search_term_string\"}}],\"inLanguage\":\"fr-FR\"},{\"@type\":\"Organization\",\"@id\":\"https:\/\/www.interpharma.ch\/#organization\",\"name\":\"Interpharma\",\"url\":\"https:\/\/www.interpharma.ch\/\",\"logo\":{\"@type\":\"ImageObject\",\"inLanguage\":\"fr-FR\",\"@id\":\"https:\/\/www.interpharma.ch\/#\/schema\/logo\/image\/\",\"url\":\"https:\/\/interpharma.ch\/wp-content\/uploads\/2026\/03\/20251014_iph_logo_wort_bildmarke_rgb_final_cu01.svg\",\"contentUrl\":\"https:\/\/interpharma.ch\/wp-content\/uploads\/2026\/03\/20251014_iph_logo_wort_bildmarke_rgb_final_cu01.svg\",\"width\":\"1200\",\"height\":\"1200\",\"caption\":\"Interpharma\"},\"image\":{\"@id\":\"https:\/\/www.interpharma.ch\/#\/schema\/logo\/image\/\"},\"sameAs\":[\"https:\/\/x.com\/interpharma_ch\",\"https:\/\/ch.linkedin.com\/company\/interpharma\",\"https:\/\/www.instagram.com\/interpharma_ch\/\"]},{\"@type\":\"Person\",\"@id\":\"https:\/\/www.interpharma.ch\/#\/schema\/person\/1302f3da278bb3f8995756877d107818\",\"name\":\"berta_admin\",\"image\":{\"@type\":\"ImageObject\",\"inLanguage\":\"fr-FR\",\"@id\":\"https:\/\/secure.gravatar.com\/avatar\/a2aeb00900e30743ff2859dfc3dd11cf7e64bb4ec7a1f349ee3772658a1d087d?s=96&d=mm&r=g\",\"url\":\"https:\/\/secure.gravatar.com\/avatar\/a2aeb00900e30743ff2859dfc3dd11cf7e64bb4ec7a1f349ee3772658a1d087d?s=96&d=mm&r=g\",\"contentUrl\":\"https:\/\/secure.gravatar.com\/avatar\/a2aeb00900e30743ff2859dfc3dd11cf7e64bb4ec7a1f349ee3772658a1d087d?s=96&d=mm&r=g\",\"caption\":\"berta_admin\"},\"sameAs\":[\"https:\/\/interpharma.ch\"]}]}<\/script>\n<!-- \/ Yoast SEO Premium plugin. -->","yoast_head_json":{"title":"La Suisse ne doit avoir de cesse de s\u2019am\u00e9liorer - Interpharma","robots":{"index":"index","follow":"follow","max-snippet":"max-snippet:-1","max-image-preview":"max-image-preview:large","max-video-preview":"max-video-preview:-1"},"canonical":"https:\/\/www.interpharma.ch\/fr\/blog\/la-suisse-ne-doit-avoir-de-cesse-de-sameliorer\/","og_locale":"fr_FR","og_type":"article","og_title":"La Suisse ne doit avoir de cesse de s\u2019am\u00e9liorer","og_description":"La Suisse pr\u00e9sente de grands avantages pour l\u2019industrie pharmaceutique. Les conditions cadres sont attrayantes pour la recherche et le d\u00e9veloppement, les entreprises pharmaceutiques ont beaucoup investi et les innovations qui en d\u00e9coulent b\u00e9n\u00e9ficient \u00e0 la population et \u00e0 la place \u00e9conomique. En comparaison internationale, la Suisse se situe dans le peloton de t\u00eate, mais le [&hellip;]","og_url":"https:\/\/www.interpharma.ch\/fr\/blog\/la-suisse-ne-doit-avoir-de-cesse-de-sameliorer\/","og_site_name":"Interpharma","article_published_time":"2025-01-09T08:30:00+00:00","article_modified_time":"2026-03-03T09:30:58+00:00","og_image":[{"width":556,"height":391,"url":"https:\/\/www.interpharma.ch\/wp-content\/uploads\/2025\/01\/thm_FR2-1.png","type":"image\/png"}],"author":"berta_admin","twitter_card":"summary_large_image","twitter_creator":"@interpharma_ch","twitter_site":"@interpharma_ch","twitter_misc":{"\u00c9crit par":"berta_admin","Dur\u00e9e de lecture estim\u00e9e":"4 minutes"},"schema":{"@context":"https:\/\/schema.org","@graph":[{"@type":"Article","@id":"https:\/\/www.interpharma.ch\/fr\/blog\/la-suisse-ne-doit-avoir-de-cesse-de-sameliorer\/#article","isPartOf":{"@id":"https:\/\/www.interpharma.ch\/fr\/blog\/la-suisse-ne-doit-avoir-de-cesse-de-sameliorer\/"},"author":{"name":"berta_admin","@id":"https:\/\/www.interpharma.ch\/#\/schema\/person\/1302f3da278bb3f8995756877d107818"},"headline":"La Suisse ne doit avoir de cesse de s\u2019am\u00e9liorer","datePublished":"2025-01-09T08:30:00+00:00","dateModified":"2026-03-03T09:30:58+00:00","mainEntityOfPage":{"@id":"https:\/\/www.interpharma.ch\/fr\/blog\/la-suisse-ne-doit-avoir-de-cesse-de-sameliorer\/"},"wordCount":771,"publisher":{"@id":"https:\/\/www.interpharma.ch\/#organization"},"image":{"@id":"https:\/\/www.interpharma.ch\/fr\/blog\/la-suisse-ne-doit-avoir-de-cesse-de-sameliorer\/#primaryimage"},"thumbnailUrl":"https:\/\/www.interpharma.ch\/wp-content\/uploads\/2025\/01\/thm_FR2-1.png","keywords":["M\u00e9dias","Recherche","Innovation","Communiqu\u00e9 de presse","Acc\u00e8s des patients","Pharmastandort 2030","Politique"],"inLanguage":"fr-FR","copyrightYear":"2025","copyrightHolder":{"@id":"https:\/\/www.interpharma.ch\/#organization"}},{"@type":"WebPage","@id":"https:\/\/www.interpharma.ch\/fr\/blog\/la-suisse-ne-doit-avoir-de-cesse-de-sameliorer\/","url":"https:\/\/www.interpharma.ch\/fr\/blog\/la-suisse-ne-doit-avoir-de-cesse-de-sameliorer\/","name":"La Suisse ne doit avoir de cesse de s\u2019am\u00e9liorer - Interpharma","isPartOf":{"@id":"https:\/\/www.interpharma.ch\/#website"},"primaryImageOfPage":{"@id":"https:\/\/www.interpharma.ch\/fr\/blog\/la-suisse-ne-doit-avoir-de-cesse-de-sameliorer\/#primaryimage"},"image":{"@id":"https:\/\/www.interpharma.ch\/fr\/blog\/la-suisse-ne-doit-avoir-de-cesse-de-sameliorer\/#primaryimage"},"thumbnailUrl":"https:\/\/www.interpharma.ch\/wp-content\/uploads\/2025\/01\/thm_FR2-1.png","datePublished":"2025-01-09T08:30:00+00:00","dateModified":"2026-03-03T09:30:58+00:00","breadcrumb":{"@id":"https:\/\/www.interpharma.ch\/fr\/blog\/la-suisse-ne-doit-avoir-de-cesse-de-sameliorer\/#breadcrumb"},"inLanguage":"fr-FR","potentialAction":[{"@type":"ReadAction","target":["https:\/\/www.interpharma.ch\/fr\/blog\/la-suisse-ne-doit-avoir-de-cesse-de-sameliorer\/"]}]},{"@type":"ImageObject","inLanguage":"fr-FR","@id":"https:\/\/www.interpharma.ch\/fr\/blog\/la-suisse-ne-doit-avoir-de-cesse-de-sameliorer\/#primaryimage","url":"https:\/\/www.interpharma.ch\/wp-content\/uploads\/2025\/01\/thm_FR2-1.png","contentUrl":"https:\/\/www.interpharma.ch\/wp-content\/uploads\/2025\/01\/thm_FR2-1.png","width":556,"height":391},{"@type":"BreadcrumbList","@id":"https:\/\/www.interpharma.ch\/fr\/blog\/la-suisse-ne-doit-avoir-de-cesse-de-sameliorer\/#breadcrumb","itemListElement":[{"@type":"ListItem","position":1,"name":"Startseite","item":"https:\/\/www.interpharma.ch\/fr\/"},{"@type":"ListItem","position":2,"name":"La Suisse ne doit avoir de cesse de s\u2019am\u00e9liorer"}]},{"@type":"WebSite","@id":"https:\/\/www.interpharma.ch\/#website","url":"https:\/\/www.interpharma.ch\/","name":"Interpharma","description":"Verband der forschenden Pharmazeutischen Firmen","publisher":{"@id":"https:\/\/www.interpharma.ch\/#organization"},"potentialAction":[{"@type":"SearchAction","target":{"@type":"EntryPoint","urlTemplate":"https:\/\/www.interpharma.ch\/?s={search_term_string}"},"query-input":{"@type":"PropertyValueSpecification","valueRequired":true,"valueName":"search_term_string"}}],"inLanguage":"fr-FR"},{"@type":"Organization","@id":"https:\/\/www.interpharma.ch\/#organization","name":"Interpharma","url":"https:\/\/www.interpharma.ch\/","logo":{"@type":"ImageObject","inLanguage":"fr-FR","@id":"https:\/\/www.interpharma.ch\/#\/schema\/logo\/image\/","url":"https:\/\/interpharma.ch\/wp-content\/uploads\/2026\/03\/20251014_iph_logo_wort_bildmarke_rgb_final_cu01.svg","contentUrl":"https:\/\/interpharma.ch\/wp-content\/uploads\/2026\/03\/20251014_iph_logo_wort_bildmarke_rgb_final_cu01.svg","width":"1200","height":"1200","caption":"Interpharma"},"image":{"@id":"https:\/\/www.interpharma.ch\/#\/schema\/logo\/image\/"},"sameAs":["https:\/\/x.com\/interpharma_ch","https:\/\/ch.linkedin.com\/company\/interpharma","https:\/\/www.instagram.com\/interpharma_ch\/"]},{"@type":"Person","@id":"https:\/\/www.interpharma.ch\/#\/schema\/person\/1302f3da278bb3f8995756877d107818","name":"berta_admin","image":{"@type":"ImageObject","inLanguage":"fr-FR","@id":"https:\/\/secure.gravatar.com\/avatar\/a2aeb00900e30743ff2859dfc3dd11cf7e64bb4ec7a1f349ee3772658a1d087d?s=96&d=mm&r=g","url":"https:\/\/secure.gravatar.com\/avatar\/a2aeb00900e30743ff2859dfc3dd11cf7e64bb4ec7a1f349ee3772658a1d087d?s=96&d=mm&r=g","contentUrl":"https:\/\/secure.gravatar.com\/avatar\/a2aeb00900e30743ff2859dfc3dd11cf7e64bb4ec7a1f349ee3772658a1d087d?s=96&d=mm&r=g","caption":"berta_admin"},"sameAs":["https:\/\/interpharma.ch"]}]}},"_links":{"self":[{"href":"https:\/\/www.interpharma.ch\/fr\/wp-json\/wp\/v2\/posts\/12192","targetHints":{"allow":["GET"]}}],"collection":[{"href":"https:\/\/www.interpharma.ch\/fr\/wp-json\/wp\/v2\/posts"}],"about":[{"href":"https:\/\/www.interpharma.ch\/fr\/wp-json\/wp\/v2\/types\/post"}],"author":[{"embeddable":true,"href":"https:\/\/www.interpharma.ch\/fr\/wp-json\/wp\/v2\/users\/1"}],"replies":[{"embeddable":true,"href":"https:\/\/www.interpharma.ch\/fr\/wp-json\/wp\/v2\/comments?post=12192"}],"version-history":[{"count":1,"href":"https:\/\/www.interpharma.ch\/fr\/wp-json\/wp\/v2\/posts\/12192\/revisions"}],"predecessor-version":[{"id":12193,"href":"https:\/\/www.interpharma.ch\/fr\/wp-json\/wp\/v2\/posts\/12192\/revisions\/12193"}],"wp:featuredmedia":[{"embeddable":true,"href":"https:\/\/www.interpharma.ch\/fr\/wp-json\/wp\/v2\/media\/3431"}],"wp:attachment":[{"href":"https:\/\/www.interpharma.ch\/fr\/wp-json\/wp\/v2\/media?parent=12192"}],"wp:term":[{"taxonomy":"post_tag","embeddable":true,"href":"https:\/\/www.interpharma.ch\/fr\/wp-json\/wp\/v2\/tags?post=12192"}],"curies":[{"name":"wp","href":"https:\/\/api.w.org\/{rel}","templated":true}]}}