{"id":12018,"date":"2025-07-08T13:52:02","date_gmt":"2025-07-08T11:52:02","guid":{"rendered":"https:\/\/iph-multisite.berta-bewegt.ch\/?p=12018"},"modified":"2026-03-03T10:25:21","modified_gmt":"2026-03-03T09:25:21","slug":"communique-de-presse-bilaterales-iii-relations-stables-avec-le-principal-partenaire-commercial","status":"publish","type":"post","link":"https:\/\/www.interpharma.ch\/fr\/blog\/communique-de-presse-bilaterales-iii-relations-stables-avec-le-principal-partenaire-commercial\/","title":{"rendered":"Communiqu\u00e9 de presse &#8211; Bilat\u00e9rales III: relations stables avec le principal partenaire commercial"},"content":{"rendered":"\n<p class=\"is-style-paragraph-lead-text\"><strong>Interpharma, l\u2019association des entreprises pharmaceutiques suisses pratiquant la recherche, soutient le volet de mesures d\u00e9cid\u00e9 par le Conseil f\u00e9d\u00e9ral visant \u00e0 stabiliser et d\u00e9velopper les relations avec l\u2019Union europ\u00e9enne (UE). L\u2019industrie voit dans cette solution plus d\u2019avantages que d\u2019inconv\u00e9nients, m\u00eame si certains points sont critiqu\u00e9s. Ce volet de mesures garantit les accords importants pour les entreprises pharmaceutiques pratiquant la recherche. En ces temps d\u2019incertitude g\u00e9opolitique croissante, il s\u2019agit l\u00e0 d\u2019un avantage d\u00e9cisif en mati\u00e8re de localisation.<\/strong><\/p>\n\n\n\n<p>L\u2019industrie pharmaceutique pratiquant la recherche n\u00e9cessite des conditions-cadres \u00e9conomiques stables. Pr\u00e8s de 40% des exportations suisses proviennent de l\u2019industrie pharmaceutique et pr\u00e8s de la moiti\u00e9 de ces exportations, \u00e0 savoir environ 105&nbsp;milliards de francs, sont destin\u00e9es \u00e0 l\u2019Union europ\u00e9enne. Cela souligne la pertinence et l\u2019importance d\u2019un acc\u00e8s efficace au march\u00e9.<\/p>\n\n\n\n<h2 class=\"wp-block-heading\" id=\"h-ce-volet-cree-une-securite-du-droit-et-de-la-planification\"><strong>Ce volet cr\u00e9e une s\u00e9curit\u00e9 du droit et de la planification<\/strong><\/h2>\n\n\n\n<p>Le volet n\u00e9goci\u00e9, qui pr\u00e9voit une participation sectorielle sur mesure pour la Suisse au march\u00e9 int\u00e9rieur de l\u2019UE ainsi que des coop\u00e9rations dans des domaines choisis, renforce l\u2019attractivit\u00e9 de la place \u00e9conomique suisse pour la recherche, le d\u00e9veloppement et la production. Il contribue \u00e0 garantir la s\u00e9curit\u00e9 de l\u2019approvisionnement, \u00e0 assurer la force d\u2019innovation et \u00e0 positionner la Suisse comme un partenaire cr\u00e9dible. Ce volet de mesures tient \u00e9galement compte du souci de l\u2019industrie de n\u2019approfondir les relations que dans les domaines qui servent les int\u00e9r\u00eats des acteurs nationaux. Pour l\u2019industrie pharmaceutique, il s\u2019agit notamment des accords de reconnaissance mutuelle en mati\u00e8re d\u2019\u00e9valuations de la conformit\u00e9 (ARM), de la libre circulation des personnes et de la coop\u00e9ration en mati\u00e8re de recherche. Dans l\u2019ensemble, le volet de mesures sert \u00e0 la s\u00e9curit\u00e9 du droit et de la planification pour la recherche, le d\u00e9veloppement et la production de l\u2019industrie pharmaceutique.<\/p>\n\n\n\n<blockquote class=\"wp-block-quote is-layout-flow wp-block-quote-is-layout-flow\">\n<p><em>\u00abLes Bilat\u00e9rales&nbsp;III assurent la s\u00e9curit\u00e9 et la planification pour le plus grand march\u00e9 de la principale industrie d\u2019exportation de Suisse\u00bb, d\u00e9clare ainsi Ren\u00e9&nbsp;Buholzer, CEO d\u2019Interpharma.<\/em><\/p>\n<\/blockquote>\n\n\n\n<p>Un \u00e9chec des Bilat\u00e9rales comporterait des risques \u00e9lev\u00e9s pour l\u2019industrie pharmaceutique, car la comp\u00e9titivit\u00e9 de la Suisse en tant que p\u00f4le de recherche et de production d\u00e9pend fortement de la stabilit\u00e9 des relations avec l\u2019UE, en particulier d\u2019un acc\u00e8s sans entraves au march\u00e9 int\u00e9rieur europ\u00e9en. Pour les patientes et les patients, la s\u00e9curit\u00e9 de l\u2019approvisionnement serait menac\u00e9e.<\/p>\n\n\n\n<h2 class=\"wp-block-heading\" id=\"h-assurer-la-mise-a-jour-des-evaluations-mutuelles-de-la-conformite\"><strong>Assurer la mise \u00e0 jour des \u00e9valuations mutuelles de la conformit\u00e9<\/strong><\/h2>\n\n\n\n<p>Interpharma se f\u00e9licite de l\u2019int\u00e9gration d\u2019\u00e9l\u00e9ments institutionnels dans les accords de reconnaissance mutuelle en mati\u00e8re d\u2019\u00e9valuations de la conformit\u00e9 (ARM). Dans le m\u00eame temps, nous soulignons que le bon fonctionnement de l\u2019ARM doit \u00eatre garanti m\u00eame si l\u2019UE r\u00e9vise sa l\u00e9gislation pharmaceutique avant l\u2019entr\u00e9e en vigueur du volet. C\u2019est la seule mani\u00e8re de pouvoir maintenir la s\u00e9curit\u00e9 des soins pour les patientes et patients ainsi que le commerce sans entraves avec l\u2019UE.<\/p>\n\n\n\n<h2 class=\"wp-block-heading\" id=\"h-amelioration-de-la-libre-circulation-des-personnes\"><strong>Am\u00e9lioration de la libre circulation des personnes<\/strong><\/h2>\n\n\n\n<p>Interpharma salue le fait que les n\u00e9gociations aient permis de mettre en \u0153uvre les exigences du mandat suisse, \u00e0 l\u2019exception de la protection des salaires. En parall\u00e8le, la Suisse a pu obtenir une am\u00e9lioration par rapport au mandat gr\u00e2ce \u00e0 la clause de sauvegarde contenue dans le protocole de modification de l\u2019accord sur la libre circulation des personnes, qui tient compte des besoins en mati\u00e8re de politique int\u00e9rieure. Nous saluons le fait que la libre circulation des personnes puisse continuer \u00e0 \u00eatre utilis\u00e9e en fonction du march\u00e9 du travail, mais \u00e9galement que la Suisse puisse activer la clause de sauvegarde pr\u00e9cise en cas de graves difficult\u00e9s socio-\u00e9conomiques. L\u2019acc\u00e8s \u00e0 une main-d\u2019\u0153uvre hautement qualifi\u00e9e est primordial pour l\u2019industrie pharmaceutique, le march\u00e9 du travail national ne pouvant \u00e0 lui seul r\u00e9pondre aux besoins. Dans le m\u00eame temps, nous sommes conscients que l\u2019immigration suscite des inqui\u00e9tudes et des craintes chez une partie de la population suisse. Nous les prenons au s\u00e9rieux. Des mesures appropri\u00e9es sont donc \u00e9galement n\u00e9cessaires pour une meilleure exploitation du potentiel de main-d\u2019\u0153uvre nationale, ainsi que des mesures cibl\u00e9es en mati\u00e8re de politique de l\u2019asile, du logement et des infrastructures. Un march\u00e9 du travail lib\u00e9ral demeure un pilier central de la comp\u00e9titivit\u00e9 de la Suisse.<\/p>\n\n\n\n<h2 class=\"wp-block-heading\" id=\"h-importante-association-avec-horizon-europe\"><strong>Importante association avec Horizon Europe<\/strong><\/h2>\n\n\n\n<p>Interpharma se f\u00e9licite \u00e9galement de l\u2019association de la Suisse \u00e0 Horizon Europe. La mise en r\u00e9seau internationale constitue l\u2019un des piliers de la force d\u2019innovation et de la comp\u00e9titivit\u00e9 de la Suisse en tant que p\u00f4le de recherche. La reprise des programmes de recherche europ\u00e9ens renforce la position de la Suisse comme l\u2019un des pays les plus innovants au monde.<\/p>\n\n\n\n<h2 class=\"wp-block-heading\" id=\"h-l-accord-sur-la-sante-reste-critique\"><strong>L\u2019accord sur la sant\u00e9 reste critique<\/strong><\/h2>\n\n\n\n<p>La limitation de l\u2019accord sur la sant\u00e9 \u00e0 la coop\u00e9ration dans le domaine de la sant\u00e9 publique est judicieuse du point de vue de l\u2019industrie. En revanche, Interpharma se montre critique vis-\u00e0-vis d\u2019une \u00e9ventuelle \u00e9volution future de l\u2019accord. Nous sommes fondamentalement oppos\u00e9s \u00e0 toute extension.<\/p>\n","protected":false},"excerpt":{"rendered":"<p>Interpharma, l\u2019association des entreprises pharmaceutiques suisses pratiquant la recherche, soutient le volet de mesures d\u00e9cid\u00e9 par le Conseil f\u00e9d\u00e9ral visant \u00e0 stabiliser et d\u00e9velopper les relations avec l\u2019Union europ\u00e9enne (UE). L\u2019industrie voit dans cette solution plus d\u2019avantages que d\u2019inconv\u00e9nients, m\u00eame si certains points sont critiqu\u00e9s. Ce volet de mesures garantit les accords importants pour les [&hellip;]<\/p>\n","protected":false},"author":1,"featured_media":3149,"comment_status":"closed","ping_status":"open","sticky":false,"template":"","format":"standard","meta":{"_acf_changed":false,"inline_featured_image":false,"footnotes":""},"tags":[54,122,145],"class_list":["post-12018","post","type-post","status-publish","format-standard","has-post-thumbnail","hentry","tag-medien-fr","tag-communique-de-presse","tag-les-bilaterales"],"acf":[],"yoast_head":"<!-- This site is optimized with the Yoast SEO Premium plugin v27.2 (Yoast SEO v27.2) - https:\/\/yoast.com\/product\/yoast-seo-premium-wordpress\/ -->\n<title>Communiqu\u00e9 de presse - Bilat\u00e9rales III: relations stables avec le principal partenaire commercial - Interpharma<\/title>\n<meta name=\"robots\" content=\"index, follow, max-snippet:-1, max-image-preview:large, max-video-preview:-1\" \/>\n<link rel=\"canonical\" href=\"https:\/\/www.interpharma.ch\/fr\/blog\/communique-de-presse-bilaterales-iii-relations-stables-avec-le-principal-partenaire-commercial\/\" \/>\n<meta property=\"og:locale\" content=\"fr_FR\" \/>\n<meta property=\"og:type\" content=\"article\" \/>\n<meta property=\"og:title\" content=\"Communiqu\u00e9 de presse - Bilat\u00e9rales III: relations stables avec le principal partenaire commercial\" \/>\n<meta property=\"og:description\" content=\"Interpharma, l\u2019association des entreprises pharmaceutiques suisses pratiquant la recherche, soutient le volet de mesures d\u00e9cid\u00e9 par le Conseil f\u00e9d\u00e9ral visant \u00e0 stabiliser et d\u00e9velopper les relations avec l\u2019Union europ\u00e9enne (UE). L\u2019industrie voit dans cette solution plus d\u2019avantages que d\u2019inconv\u00e9nients, m\u00eame si certains points sont critiqu\u00e9s. Ce volet de mesures garantit les accords importants pour les [&hellip;]\" \/>\n<meta property=\"og:url\" content=\"https:\/\/www.interpharma.ch\/fr\/blog\/communique-de-presse-bilaterales-iii-relations-stables-avec-le-principal-partenaire-commercial\/\" \/>\n<meta property=\"og:site_name\" content=\"Interpharma\" \/>\n<meta property=\"article:published_time\" content=\"2025-07-08T11:52:02+00:00\" \/>\n<meta property=\"article:modified_time\" content=\"2026-03-03T09:25:21+00:00\" \/>\n<meta property=\"og:image\" content=\"https:\/\/www.interpharma.ch\/wp-content\/uploads\/2024\/03\/CH_EU_generisch-klein-scaled.jpg\" \/>\n\t<meta property=\"og:image:width\" content=\"2560\" \/>\n\t<meta property=\"og:image:height\" content=\"1731\" \/>\n\t<meta property=\"og:image:type\" content=\"image\/jpeg\" \/>\n<meta name=\"author\" content=\"berta_admin\" \/>\n<meta name=\"twitter:card\" content=\"summary_large_image\" \/>\n<meta name=\"twitter:creator\" content=\"@interpharma_ch\" \/>\n<meta name=\"twitter:site\" content=\"@interpharma_ch\" \/>\n<meta name=\"twitter:label1\" content=\"\u00c9crit par\" \/>\n\t<meta name=\"twitter:data1\" content=\"berta_admin\" \/>\n\t<meta name=\"twitter:label2\" content=\"Dur\u00e9e de lecture estim\u00e9e\" \/>\n\t<meta name=\"twitter:data2\" content=\"5 minutes\" \/>\n<script type=\"application\/ld+json\" class=\"yoast-schema-graph\">{\"@context\":\"https:\/\/schema.org\",\"@graph\":[{\"@type\":\"Article\",\"@id\":\"https:\/\/www.interpharma.ch\/fr\/blog\/communique-de-presse-bilaterales-iii-relations-stables-avec-le-principal-partenaire-commercial\/#article\",\"isPartOf\":{\"@id\":\"https:\/\/www.interpharma.ch\/fr\/blog\/communique-de-presse-bilaterales-iii-relations-stables-avec-le-principal-partenaire-commercial\/\"},\"author\":{\"name\":\"berta_admin\",\"@id\":\"https:\/\/www.interpharma.ch\/#\/schema\/person\/1302f3da278bb3f8995756877d107818\"},\"headline\":\"Communiqu\u00e9 de presse &#8211; Bilat\u00e9rales III: relations stables avec le principal partenaire commercial\",\"datePublished\":\"2025-07-08T11:52:02+00:00\",\"dateModified\":\"2026-03-03T09:25:21+00:00\",\"mainEntityOfPage\":{\"@id\":\"https:\/\/www.interpharma.ch\/fr\/blog\/communique-de-presse-bilaterales-iii-relations-stables-avec-le-principal-partenaire-commercial\/\"},\"wordCount\":923,\"publisher\":{\"@id\":\"https:\/\/www.interpharma.ch\/#organization\"},\"image\":{\"@id\":\"https:\/\/www.interpharma.ch\/fr\/blog\/communique-de-presse-bilaterales-iii-relations-stables-avec-le-principal-partenaire-commercial\/#primaryimage\"},\"thumbnailUrl\":\"https:\/\/www.interpharma.ch\/wp-content\/uploads\/2024\/03\/CH_EU_generisch-klein-scaled.jpg\",\"keywords\":[\"M\u00e9dias\",\"Communiqu\u00e9 de presse\",\"les bilat\u00e9rales\"],\"inLanguage\":\"fr-FR\",\"copyrightYear\":\"2025\",\"copyrightHolder\":{\"@id\":\"https:\/\/www.interpharma.ch\/#organization\"}},{\"@type\":\"WebPage\",\"@id\":\"https:\/\/www.interpharma.ch\/fr\/blog\/communique-de-presse-bilaterales-iii-relations-stables-avec-le-principal-partenaire-commercial\/\",\"url\":\"https:\/\/www.interpharma.ch\/fr\/blog\/communique-de-presse-bilaterales-iii-relations-stables-avec-le-principal-partenaire-commercial\/\",\"name\":\"Communiqu\u00e9 de presse - Bilat\u00e9rales III: relations stables avec le principal partenaire commercial - Interpharma\",\"isPartOf\":{\"@id\":\"https:\/\/www.interpharma.ch\/#website\"},\"primaryImageOfPage\":{\"@id\":\"https:\/\/www.interpharma.ch\/fr\/blog\/communique-de-presse-bilaterales-iii-relations-stables-avec-le-principal-partenaire-commercial\/#primaryimage\"},\"image\":{\"@id\":\"https:\/\/www.interpharma.ch\/fr\/blog\/communique-de-presse-bilaterales-iii-relations-stables-avec-le-principal-partenaire-commercial\/#primaryimage\"},\"thumbnailUrl\":\"https:\/\/www.interpharma.ch\/wp-content\/uploads\/2024\/03\/CH_EU_generisch-klein-scaled.jpg\",\"datePublished\":\"2025-07-08T11:52:02+00:00\",\"dateModified\":\"2026-03-03T09:25:21+00:00\",\"breadcrumb\":{\"@id\":\"https:\/\/www.interpharma.ch\/fr\/blog\/communique-de-presse-bilaterales-iii-relations-stables-avec-le-principal-partenaire-commercial\/#breadcrumb\"},\"inLanguage\":\"fr-FR\",\"potentialAction\":[{\"@type\":\"ReadAction\",\"target\":[\"https:\/\/www.interpharma.ch\/fr\/blog\/communique-de-presse-bilaterales-iii-relations-stables-avec-le-principal-partenaire-commercial\/\"]}]},{\"@type\":\"ImageObject\",\"inLanguage\":\"fr-FR\",\"@id\":\"https:\/\/www.interpharma.ch\/fr\/blog\/communique-de-presse-bilaterales-iii-relations-stables-avec-le-principal-partenaire-commercial\/#primaryimage\",\"url\":\"https:\/\/www.interpharma.ch\/wp-content\/uploads\/2024\/03\/CH_EU_generisch-klein-scaled.jpg\",\"contentUrl\":\"https:\/\/www.interpharma.ch\/wp-content\/uploads\/2024\/03\/CH_EU_generisch-klein-scaled.jpg\",\"width\":2560,\"height\":1731},{\"@type\":\"BreadcrumbList\",\"@id\":\"https:\/\/www.interpharma.ch\/fr\/blog\/communique-de-presse-bilaterales-iii-relations-stables-avec-le-principal-partenaire-commercial\/#breadcrumb\",\"itemListElement\":[{\"@type\":\"ListItem\",\"position\":1,\"name\":\"Startseite\",\"item\":\"https:\/\/www.interpharma.ch\/fr\/\"},{\"@type\":\"ListItem\",\"position\":2,\"name\":\"Communiqu\u00e9 de presse &#8211; Bilat\u00e9rales III: relations stables avec le principal partenaire commercial\"}]},{\"@type\":\"WebSite\",\"@id\":\"https:\/\/www.interpharma.ch\/#website\",\"url\":\"https:\/\/www.interpharma.ch\/\",\"name\":\"Interpharma\",\"description\":\"Verband der forschenden Pharmazeutischen Firmen\",\"publisher\":{\"@id\":\"https:\/\/www.interpharma.ch\/#organization\"},\"potentialAction\":[{\"@type\":\"SearchAction\",\"target\":{\"@type\":\"EntryPoint\",\"urlTemplate\":\"https:\/\/www.interpharma.ch\/?s={search_term_string}\"},\"query-input\":{\"@type\":\"PropertyValueSpecification\",\"valueRequired\":true,\"valueName\":\"search_term_string\"}}],\"inLanguage\":\"fr-FR\"},{\"@type\":\"Organization\",\"@id\":\"https:\/\/www.interpharma.ch\/#organization\",\"name\":\"Interpharma\",\"url\":\"https:\/\/www.interpharma.ch\/\",\"logo\":{\"@type\":\"ImageObject\",\"inLanguage\":\"fr-FR\",\"@id\":\"https:\/\/www.interpharma.ch\/#\/schema\/logo\/image\/\",\"url\":\"https:\/\/interpharma.ch\/wp-content\/uploads\/2026\/03\/20251014_iph_logo_wort_bildmarke_rgb_final_cu01.svg\",\"contentUrl\":\"https:\/\/interpharma.ch\/wp-content\/uploads\/2026\/03\/20251014_iph_logo_wort_bildmarke_rgb_final_cu01.svg\",\"width\":\"1200\",\"height\":\"1200\",\"caption\":\"Interpharma\"},\"image\":{\"@id\":\"https:\/\/www.interpharma.ch\/#\/schema\/logo\/image\/\"},\"sameAs\":[\"https:\/\/x.com\/interpharma_ch\",\"https:\/\/ch.linkedin.com\/company\/interpharma\",\"https:\/\/www.instagram.com\/interpharma_ch\/\"]},{\"@type\":\"Person\",\"@id\":\"https:\/\/www.interpharma.ch\/#\/schema\/person\/1302f3da278bb3f8995756877d107818\",\"name\":\"berta_admin\",\"image\":{\"@type\":\"ImageObject\",\"inLanguage\":\"fr-FR\",\"@id\":\"https:\/\/secure.gravatar.com\/avatar\/a2aeb00900e30743ff2859dfc3dd11cf7e64bb4ec7a1f349ee3772658a1d087d?s=96&d=mm&r=g\",\"url\":\"https:\/\/secure.gravatar.com\/avatar\/a2aeb00900e30743ff2859dfc3dd11cf7e64bb4ec7a1f349ee3772658a1d087d?s=96&d=mm&r=g\",\"contentUrl\":\"https:\/\/secure.gravatar.com\/avatar\/a2aeb00900e30743ff2859dfc3dd11cf7e64bb4ec7a1f349ee3772658a1d087d?s=96&d=mm&r=g\",\"caption\":\"berta_admin\"},\"sameAs\":[\"https:\/\/interpharma.ch\"]}]}<\/script>\n<!-- \/ Yoast SEO Premium plugin. -->","yoast_head_json":{"title":"Communiqu\u00e9 de presse - Bilat\u00e9rales III: relations stables avec le principal partenaire commercial - Interpharma","robots":{"index":"index","follow":"follow","max-snippet":"max-snippet:-1","max-image-preview":"max-image-preview:large","max-video-preview":"max-video-preview:-1"},"canonical":"https:\/\/www.interpharma.ch\/fr\/blog\/communique-de-presse-bilaterales-iii-relations-stables-avec-le-principal-partenaire-commercial\/","og_locale":"fr_FR","og_type":"article","og_title":"Communiqu\u00e9 de presse - Bilat\u00e9rales III: relations stables avec le principal partenaire commercial","og_description":"Interpharma, l\u2019association des entreprises pharmaceutiques suisses pratiquant la recherche, soutient le volet de mesures d\u00e9cid\u00e9 par le Conseil f\u00e9d\u00e9ral visant \u00e0 stabiliser et d\u00e9velopper les relations avec l\u2019Union europ\u00e9enne (UE). L\u2019industrie voit dans cette solution plus d\u2019avantages que d\u2019inconv\u00e9nients, m\u00eame si certains points sont critiqu\u00e9s. Ce volet de mesures garantit les accords importants pour les [&hellip;]","og_url":"https:\/\/www.interpharma.ch\/fr\/blog\/communique-de-presse-bilaterales-iii-relations-stables-avec-le-principal-partenaire-commercial\/","og_site_name":"Interpharma","article_published_time":"2025-07-08T11:52:02+00:00","article_modified_time":"2026-03-03T09:25:21+00:00","og_image":[{"width":2560,"height":1731,"url":"https:\/\/www.interpharma.ch\/wp-content\/uploads\/2024\/03\/CH_EU_generisch-klein-scaled.jpg","type":"image\/jpeg"}],"author":"berta_admin","twitter_card":"summary_large_image","twitter_creator":"@interpharma_ch","twitter_site":"@interpharma_ch","twitter_misc":{"\u00c9crit par":"berta_admin","Dur\u00e9e de lecture estim\u00e9e":"5 minutes"},"schema":{"@context":"https:\/\/schema.org","@graph":[{"@type":"Article","@id":"https:\/\/www.interpharma.ch\/fr\/blog\/communique-de-presse-bilaterales-iii-relations-stables-avec-le-principal-partenaire-commercial\/#article","isPartOf":{"@id":"https:\/\/www.interpharma.ch\/fr\/blog\/communique-de-presse-bilaterales-iii-relations-stables-avec-le-principal-partenaire-commercial\/"},"author":{"name":"berta_admin","@id":"https:\/\/www.interpharma.ch\/#\/schema\/person\/1302f3da278bb3f8995756877d107818"},"headline":"Communiqu\u00e9 de presse &#8211; Bilat\u00e9rales III: relations stables avec le principal partenaire commercial","datePublished":"2025-07-08T11:52:02+00:00","dateModified":"2026-03-03T09:25:21+00:00","mainEntityOfPage":{"@id":"https:\/\/www.interpharma.ch\/fr\/blog\/communique-de-presse-bilaterales-iii-relations-stables-avec-le-principal-partenaire-commercial\/"},"wordCount":923,"publisher":{"@id":"https:\/\/www.interpharma.ch\/#organization"},"image":{"@id":"https:\/\/www.interpharma.ch\/fr\/blog\/communique-de-presse-bilaterales-iii-relations-stables-avec-le-principal-partenaire-commercial\/#primaryimage"},"thumbnailUrl":"https:\/\/www.interpharma.ch\/wp-content\/uploads\/2024\/03\/CH_EU_generisch-klein-scaled.jpg","keywords":["M\u00e9dias","Communiqu\u00e9 de presse","les bilat\u00e9rales"],"inLanguage":"fr-FR","copyrightYear":"2025","copyrightHolder":{"@id":"https:\/\/www.interpharma.ch\/#organization"}},{"@type":"WebPage","@id":"https:\/\/www.interpharma.ch\/fr\/blog\/communique-de-presse-bilaterales-iii-relations-stables-avec-le-principal-partenaire-commercial\/","url":"https:\/\/www.interpharma.ch\/fr\/blog\/communique-de-presse-bilaterales-iii-relations-stables-avec-le-principal-partenaire-commercial\/","name":"Communiqu\u00e9 de presse - Bilat\u00e9rales III: relations stables avec le principal partenaire commercial - Interpharma","isPartOf":{"@id":"https:\/\/www.interpharma.ch\/#website"},"primaryImageOfPage":{"@id":"https:\/\/www.interpharma.ch\/fr\/blog\/communique-de-presse-bilaterales-iii-relations-stables-avec-le-principal-partenaire-commercial\/#primaryimage"},"image":{"@id":"https:\/\/www.interpharma.ch\/fr\/blog\/communique-de-presse-bilaterales-iii-relations-stables-avec-le-principal-partenaire-commercial\/#primaryimage"},"thumbnailUrl":"https:\/\/www.interpharma.ch\/wp-content\/uploads\/2024\/03\/CH_EU_generisch-klein-scaled.jpg","datePublished":"2025-07-08T11:52:02+00:00","dateModified":"2026-03-03T09:25:21+00:00","breadcrumb":{"@id":"https:\/\/www.interpharma.ch\/fr\/blog\/communique-de-presse-bilaterales-iii-relations-stables-avec-le-principal-partenaire-commercial\/#breadcrumb"},"inLanguage":"fr-FR","potentialAction":[{"@type":"ReadAction","target":["https:\/\/www.interpharma.ch\/fr\/blog\/communique-de-presse-bilaterales-iii-relations-stables-avec-le-principal-partenaire-commercial\/"]}]},{"@type":"ImageObject","inLanguage":"fr-FR","@id":"https:\/\/www.interpharma.ch\/fr\/blog\/communique-de-presse-bilaterales-iii-relations-stables-avec-le-principal-partenaire-commercial\/#primaryimage","url":"https:\/\/www.interpharma.ch\/wp-content\/uploads\/2024\/03\/CH_EU_generisch-klein-scaled.jpg","contentUrl":"https:\/\/www.interpharma.ch\/wp-content\/uploads\/2024\/03\/CH_EU_generisch-klein-scaled.jpg","width":2560,"height":1731},{"@type":"BreadcrumbList","@id":"https:\/\/www.interpharma.ch\/fr\/blog\/communique-de-presse-bilaterales-iii-relations-stables-avec-le-principal-partenaire-commercial\/#breadcrumb","itemListElement":[{"@type":"ListItem","position":1,"name":"Startseite","item":"https:\/\/www.interpharma.ch\/fr\/"},{"@type":"ListItem","position":2,"name":"Communiqu\u00e9 de presse &#8211; Bilat\u00e9rales III: relations stables avec le principal partenaire commercial"}]},{"@type":"WebSite","@id":"https:\/\/www.interpharma.ch\/#website","url":"https:\/\/www.interpharma.ch\/","name":"Interpharma","description":"Verband der forschenden Pharmazeutischen Firmen","publisher":{"@id":"https:\/\/www.interpharma.ch\/#organization"},"potentialAction":[{"@type":"SearchAction","target":{"@type":"EntryPoint","urlTemplate":"https:\/\/www.interpharma.ch\/?s={search_term_string}"},"query-input":{"@type":"PropertyValueSpecification","valueRequired":true,"valueName":"search_term_string"}}],"inLanguage":"fr-FR"},{"@type":"Organization","@id":"https:\/\/www.interpharma.ch\/#organization","name":"Interpharma","url":"https:\/\/www.interpharma.ch\/","logo":{"@type":"ImageObject","inLanguage":"fr-FR","@id":"https:\/\/www.interpharma.ch\/#\/schema\/logo\/image\/","url":"https:\/\/interpharma.ch\/wp-content\/uploads\/2026\/03\/20251014_iph_logo_wort_bildmarke_rgb_final_cu01.svg","contentUrl":"https:\/\/interpharma.ch\/wp-content\/uploads\/2026\/03\/20251014_iph_logo_wort_bildmarke_rgb_final_cu01.svg","width":"1200","height":"1200","caption":"Interpharma"},"image":{"@id":"https:\/\/www.interpharma.ch\/#\/schema\/logo\/image\/"},"sameAs":["https:\/\/x.com\/interpharma_ch","https:\/\/ch.linkedin.com\/company\/interpharma","https:\/\/www.instagram.com\/interpharma_ch\/"]},{"@type":"Person","@id":"https:\/\/www.interpharma.ch\/#\/schema\/person\/1302f3da278bb3f8995756877d107818","name":"berta_admin","image":{"@type":"ImageObject","inLanguage":"fr-FR","@id":"https:\/\/secure.gravatar.com\/avatar\/a2aeb00900e30743ff2859dfc3dd11cf7e64bb4ec7a1f349ee3772658a1d087d?s=96&d=mm&r=g","url":"https:\/\/secure.gravatar.com\/avatar\/a2aeb00900e30743ff2859dfc3dd11cf7e64bb4ec7a1f349ee3772658a1d087d?s=96&d=mm&r=g","contentUrl":"https:\/\/secure.gravatar.com\/avatar\/a2aeb00900e30743ff2859dfc3dd11cf7e64bb4ec7a1f349ee3772658a1d087d?s=96&d=mm&r=g","caption":"berta_admin"},"sameAs":["https:\/\/interpharma.ch"]}]}},"_links":{"self":[{"href":"https:\/\/www.interpharma.ch\/fr\/wp-json\/wp\/v2\/posts\/12018","targetHints":{"allow":["GET"]}}],"collection":[{"href":"https:\/\/www.interpharma.ch\/fr\/wp-json\/wp\/v2\/posts"}],"about":[{"href":"https:\/\/www.interpharma.ch\/fr\/wp-json\/wp\/v2\/types\/post"}],"author":[{"embeddable":true,"href":"https:\/\/www.interpharma.ch\/fr\/wp-json\/wp\/v2\/users\/1"}],"replies":[{"embeddable":true,"href":"https:\/\/www.interpharma.ch\/fr\/wp-json\/wp\/v2\/comments?post=12018"}],"version-history":[{"count":1,"href":"https:\/\/www.interpharma.ch\/fr\/wp-json\/wp\/v2\/posts\/12018\/revisions"}],"predecessor-version":[{"id":12019,"href":"https:\/\/www.interpharma.ch\/fr\/wp-json\/wp\/v2\/posts\/12018\/revisions\/12019"}],"wp:featuredmedia":[{"embeddable":true,"href":"https:\/\/www.interpharma.ch\/fr\/wp-json\/wp\/v2\/media\/3149"}],"wp:attachment":[{"href":"https:\/\/www.interpharma.ch\/fr\/wp-json\/wp\/v2\/media?parent=12018"}],"wp:term":[{"taxonomy":"post_tag","embeddable":true,"href":"https:\/\/www.interpharma.ch\/fr\/wp-json\/wp\/v2\/tags?post=12018"}],"curies":[{"name":"wp","href":"https:\/\/api.w.org\/{rel}","templated":true}]}}