{"id":11972,"date":"2025-10-27T19:54:38","date_gmt":"2025-10-27T18:54:38","guid":{"rendered":"https:\/\/iph-multisite.berta-bewegt.ch\/?p=11972"},"modified":"2026-03-03T10:24:21","modified_gmt":"2026-03-03T09:24:21","slug":"communique-de-presse-nouvelle-contribution-significative-de-la-pharma-a-la-maitrise-des-couts-quand-la-securite-dapprovisionnement-est-menacee","status":"publish","type":"post","link":"https:\/\/www.interpharma.ch\/fr\/blog\/communique-de-presse-nouvelle-contribution-significative-de-la-pharma-a-la-maitrise-des-couts-quand-la-securite-dapprovisionnement-est-menacee\/","title":{"rendered":"Communiqu\u00e9 de presse: Nouvelle contribution significative de la pharma \u00e0 la ma\u00eetrise des co\u00fbts, quand la s\u00e9curit\u00e9 d\u2019approvisionnement est menac\u00e9e"},"content":{"rendered":"\n<figure class=\"wp-block-image size-large\"><img decoding=\"async\" src=\"https:\/\/interpharma.ch\/wp-content\/uploads\/2025\/10\/image-3-1024x123.png\" alt=\"\" class=\"wp-image-30937\"\/><\/figure>\n\n\n\n<p class=\"is-style-paragraph-lead-text\">Lors de la table ronde sur la ma\u00eetrise des co\u00fbts organis\u00e9e par le D\u00e9partement f\u00e9d\u00e9ral de l&rsquo;int\u00e9rieur (DFI), diverses mesures d&rsquo;all\u00e8gement ont \u00e9t\u00e9 d\u00e9cid\u00e9es. L&rsquo;industrie pharmaceutique prouve son sens des responsabilit\u00e9s et contribue significativement, une fois de plus, \u00e0 la ma\u00eetrise des co\u00fbts de la sant\u00e9. Outre ses \u00e9conomies annuelles r\u00e9currentes de plus de 1,5 milliard de francs et les actions radicales pr\u00e9vues dans le cadre du deuxi\u00e8me volet de mesures de la Conf\u00e9d\u00e9ration visant \u00e0 ma\u00eetriser les co\u00fbts, voici que des initiatives suppl\u00e9mentaires de r\u00e9duction des co\u00fbts sont annonc\u00e9es au titre de la promotion des g\u00e9-n\u00e9riques et des mod\u00e8les de prix. Or, le seuil de tol\u00e9rance est atteint : la place pharmaceutique suisse est sous pression et de nouvelles mesures d&rsquo;\u00e9conomie mettent en p\u00e9ril la s\u00e9curit\u00e9 d&rsquo;approvisionnement.<\/p>\n\n\n\n<p>Depuis plusieurs mois, le DFI m\u00e8ne des discussions avec un certain nombre d\u2019acteurs dans le cadre de la table ronde sur la ma\u00eetrise des co\u00fbts, qui vise \u00e0 identifier de nouvelles possibilit\u00e9s d&rsquo;\u00e9conomies pour le syst\u00e8me de sant\u00e9 suisse. \u00c0 la demande du DFI, l&rsquo;industrie pharmaceutique a accept\u00e9 de participer \u00e0 ces discussions.<\/p>\n\n\n\n<p>Toutes ces derni\u00e8res ann\u00e9es, cette industrie a grandement contribu\u00e9 au financement durable du syst\u00e8me de sant\u00e9 suisse. Seule actrice disposant d&rsquo;un m\u00e9canisme institutionnalis\u00e9 de contr\u00f4le des prix, elle r\u00e9alise ann\u00e9e apr\u00e8s ann\u00e9e de plus de 1,5 milliard de francs d\u2019\u00e9conomies sur cette seule base. \u00c0 cela s&rsquo;ajoutent d&rsquo;autres baisses de prix, par exemple lors de l\u2019extension des indications et de l&rsquo;expiration des brevets. En encourageant les g\u00e9n\u00e9riques et les biosimilaires et en ajustant les marges de distribution, l&rsquo;industrie a contribu\u00e9 ces derni\u00e8res ann\u00e9es pour plus de 700 millions de francs \u00e0 l\u2019effort de r\u00e9duction suppl\u00e9mentaire des co\u00fbts. La mise en oeuvre des mod\u00e8les de co\u00fbts d\u00e9cid\u00e9s par le Parlement dans le cadre du deuxi\u00e8me volet de mesures pour la ma\u00eetrise des co\u00fbts affaiblira encore plus la place pharmaceutique suisse, avec des cons\u00e9quences pour l&rsquo;\u00e9conomie et la population suisses.<\/p>\n\n\n\n<h2 class=\"wp-block-heading\" id=\"h-une-menace-pour-la-securite-d-approvisionnement\">Une menace pour la s\u00e9curit\u00e9 d\u2019approvisionnement<\/h2>\n\n\n\n<p>Les mesures qui viennent d&rsquo;\u00eatre adopt\u00e9es touchent \u00e0 nouveau l&rsquo;industrie pharmaceutique pour un mon-tant estim\u00e9 \u00e0 plus de 50 millions de francs. \u00ab Les \u00e9conomies ciblant les m\u00e9dicaments ont aujourd\u2019hui d\u00e9j\u00e0 un impact n\u00e9gatif sur la s\u00e9curit\u00e9 d&rsquo;approvisionnement. Pour la population, cela se traduit par une d\u00e9t\u00e9rioration sensible de l&rsquo;acc\u00e8s aux th\u00e9rapies innovantes et par une aggravation des p\u00e9nuries affectant l&rsquo;approvisionnement en m\u00e9dicaments \u00e9prouv\u00e9s. Non seulement aucune am\u00e9lioration n&rsquo;est en vue dans ces deux domaines, mais la situation devrait m\u00eame empirer compte tenu des bouleversements g\u00e9opoli-tiques actuels \u00bb, d\u00e9clare Annette Luther, pr\u00e9sidente de scienceindustries.<\/p>\n\n\n\n<p>La population rejette le rationnement et souhaite disposer d\u2019un acc\u00e8s large et rapide \u00e0 des m\u00e9dicaments s\u00fbrs et efficaces. Cette exigence est pourtant impossible \u00e0 satisfaire, puisque la s\u00e9curit\u00e9 de planification des entreprises de la pharma se trouve affaiblie par un flot continu de nouvelles mesures d\u00e9cid\u00e9es au nom de la ma\u00eetrise des co\u00fbts. Ces cinq derni\u00e8res ann\u00e9es d\u00e9j\u00e0, six projets dans ce sens ont \u00e9t\u00e9 adopt\u00e9s ou lanc\u00e9s. A cet \u00e9gard, on voit donc que le secteur pharmaceutique contribue de mani\u00e8re significative \u00e0 la ma\u00eetrise des co\u00fbts de la sant\u00e9.<\/p>\n\n\n\n<p>Reconnaissant toute l&rsquo;importance d&rsquo;un syst\u00e8me de sant\u00e9 financ\u00e9 de mani\u00e8re durable, l\u2019industrie pharmaceutique y contribue notablement depuis de nombreuses ann\u00e9es gr\u00e2ce aux \u00e9conomies qu\u2019elle r\u00e9alise. Mais le seuil de douleur est d\u00e9sormais atteint. Si la Suisse souhaite rester un site attractif pour cette branche \u00e9conomique majeure, tout en assurant aux patients un approvisionnement fiable en m\u00e9dicaments, elle doit sans tarder donner des orientations nouvelles \u00e0 sa politique de la sant\u00e9. Il s\u2019agit en particulier de garantir l&rsquo;acc\u00e8s aux traitements innovants et l&rsquo;approvisionnement de la population en m\u00e9dicaments \u00e9prouv\u00e9s, ainsi que des r\u00e9mun\u00e9rations \u00e9quitables \u00e0 la branche. L&rsquo;industrie pharmaceutique est l&rsquo;un des grands piliers \u00e9conomiques de la Suisse, si l\u2019on songe que ses plus de 48\u2019000 employ\u00e9s r\u00e9alisent 10 % de la performance \u00e9conomique totale (PIB) du pays ! La valeur ajout\u00e9e \u00e9conomique de cette industrie en Suisse d\u00e9passe donc largement le co\u00fbt de l&rsquo;approvisionnement de la population en produits de sant\u00e9. \u00c0 l&rsquo;avenir, cette r\u00e9alit\u00e9 doit davantage \u00eatre prise en consid\u00e9ration.<\/p>\n\n\n\n<hr class=\"wp-block-separator has-alpha-channel-opacity\"\/>\n\n\n\n<p><strong>Renseignements:<\/strong><\/p>\n\n\n\n<p><strong>Interpharma<\/strong><br>Ren\u00e9 Buholzer, CEO &amp; d\u00e9l\u00e9gu\u00e9 du Comit\u00e9<br>Rene.Buholzer@interpharma.ch, +41 78 743 65 95<br>Georg D\u00e4rendinger, responsable Affaires publiques et Communication<br>georg.daerendinger@interpharma.ch, +41 79 79 590 98 77<\/p>\n\n\n\n<p><strong>scienceindustries<\/strong><br>Stephan Mumenthaler, directeur<br>stephan.mumenthaler@scienceindustries.ch, +41 79 593 91 63<br>Anne C\u00e9cile Vonlanthen, responsable Affaires publiques et Communication<br>annececile.vonlanthen@scienceindustries.ch, +41 44 368 17 44<\/p>\n\n\n\n<p><strong>Intergenerika<\/strong><br>Lucas Schalch, directeur<br>l.schalch@intergenerika.ch, +41 61 927 64 08<\/p>\n\n\n\n<p><strong>vips<\/strong><br>Ernst Niemack, directeur<br>ernst.niemack@vips.ch, +41 78 646 80 30<br>Liliane Scherer, responsable Affaires publiques et Communication<br>liliane.scherer@vips.ch, +41 76 779 57 22<\/p>\n","protected":false},"excerpt":{"rendered":"<p>Lors de la table ronde sur la ma\u00eetrise des co\u00fbts organis\u00e9e par le D\u00e9partement f\u00e9d\u00e9ral de l&rsquo;int\u00e9rieur (DFI), diverses mesures d&rsquo;all\u00e8gement ont \u00e9t\u00e9 d\u00e9cid\u00e9es. L&rsquo;industrie pharmaceutique prouve son sens des responsabilit\u00e9s et contribue significativement, une fois de plus, \u00e0 la ma\u00eetrise des co\u00fbts de la sant\u00e9. Outre ses \u00e9conomies annuelles r\u00e9currentes de plus de 1,5 [&hellip;]<\/p>\n","protected":false},"author":1,"featured_media":3568,"comment_status":"closed","ping_status":"open","sticky":false,"template":"","format":"standard","meta":{"_acf_changed":false,"inline_featured_image":false,"footnotes":""},"tags":[122,127,131,54],"class_list":["post-11972","post","type-post","status-publish","format-standard","has-post-thumbnail","hentry","tag-communique-de-presse","tag-acces-des-patients","tag-politique","tag-medien-fr"],"acf":[],"yoast_head":"<!-- This site is optimized with the Yoast SEO Premium plugin v27.2 (Yoast SEO v27.2) - https:\/\/yoast.com\/product\/yoast-seo-premium-wordpress\/ -->\n<title>Communiqu\u00e9 de presse: Nouvelle contribution significative de la pharma \u00e0 la ma\u00eetrise des co\u00fbts, quand la s\u00e9curit\u00e9 d\u2019approvisionnement est menac\u00e9e - Interpharma<\/title>\n<meta name=\"robots\" content=\"index, follow, max-snippet:-1, max-image-preview:large, max-video-preview:-1\" \/>\n<link rel=\"canonical\" href=\"https:\/\/www.interpharma.ch\/fr\/blog\/communique-de-presse-nouvelle-contribution-significative-de-la-pharma-a-la-maitrise-des-couts-quand-la-securite-dapprovisionnement-est-menacee\/\" \/>\n<meta property=\"og:locale\" content=\"fr_FR\" \/>\n<meta property=\"og:type\" content=\"article\" \/>\n<meta property=\"og:title\" content=\"Communiqu\u00e9 de presse: Nouvelle contribution significative de la pharma \u00e0 la ma\u00eetrise des co\u00fbts, quand la s\u00e9curit\u00e9 d\u2019approvisionnement est menac\u00e9e\" \/>\n<meta property=\"og:description\" content=\"Lors de la table ronde sur la ma\u00eetrise des co\u00fbts organis\u00e9e par le D\u00e9partement f\u00e9d\u00e9ral de l&rsquo;int\u00e9rieur (DFI), diverses mesures d&rsquo;all\u00e8gement ont \u00e9t\u00e9 d\u00e9cid\u00e9es. L&rsquo;industrie pharmaceutique prouve son sens des responsabilit\u00e9s et contribue significativement, une fois de plus, \u00e0 la ma\u00eetrise des co\u00fbts de la sant\u00e9. Outre ses \u00e9conomies annuelles r\u00e9currentes de plus de 1,5 [&hellip;]\" \/>\n<meta property=\"og:url\" content=\"https:\/\/www.interpharma.ch\/fr\/blog\/communique-de-presse-nouvelle-contribution-significative-de-la-pharma-a-la-maitrise-des-couts-quand-la-securite-dapprovisionnement-est-menacee\/\" \/>\n<meta property=\"og:site_name\" content=\"Interpharma\" \/>\n<meta property=\"article:published_time\" content=\"2025-10-27T18:54:38+00:00\" \/>\n<meta property=\"article:modified_time\" content=\"2026-03-03T09:24:21+00:00\" \/>\n<meta property=\"og:image\" content=\"https:\/\/www.interpharma.ch\/wp-content\/uploads\/2025\/07\/iStock-1944747642.jpg\" \/>\n\t<meta property=\"og:image:width\" content=\"2121\" \/>\n\t<meta property=\"og:image:height\" content=\"1414\" \/>\n\t<meta property=\"og:image:type\" content=\"image\/jpeg\" \/>\n<meta name=\"author\" content=\"berta_admin\" \/>\n<meta name=\"twitter:card\" content=\"summary_large_image\" \/>\n<meta name=\"twitter:creator\" content=\"@interpharma_ch\" \/>\n<meta name=\"twitter:site\" content=\"@interpharma_ch\" \/>\n<meta name=\"twitter:label1\" content=\"\u00c9crit par\" \/>\n\t<meta name=\"twitter:data1\" content=\"berta_admin\" \/>\n\t<meta name=\"twitter:label2\" content=\"Dur\u00e9e de lecture estim\u00e9e\" \/>\n\t<meta name=\"twitter:data2\" content=\"4 minutes\" \/>\n<script type=\"application\/ld+json\" class=\"yoast-schema-graph\">{\"@context\":\"https:\/\/schema.org\",\"@graph\":[{\"@type\":\"Article\",\"@id\":\"https:\/\/www.interpharma.ch\/fr\/blog\/communique-de-presse-nouvelle-contribution-significative-de-la-pharma-a-la-maitrise-des-couts-quand-la-securite-dapprovisionnement-est-menacee\/#article\",\"isPartOf\":{\"@id\":\"https:\/\/www.interpharma.ch\/fr\/blog\/communique-de-presse-nouvelle-contribution-significative-de-la-pharma-a-la-maitrise-des-couts-quand-la-securite-dapprovisionnement-est-menacee\/\"},\"author\":{\"name\":\"berta_admin\",\"@id\":\"https:\/\/www.interpharma.ch\/#\/schema\/person\/1302f3da278bb3f8995756877d107818\"},\"headline\":\"Communiqu\u00e9 de presse: Nouvelle contribution significative de la pharma \u00e0 la ma\u00eetrise des co\u00fbts, quand la s\u00e9curit\u00e9 d\u2019approvisionnement est menac\u00e9e\",\"datePublished\":\"2025-10-27T18:54:38+00:00\",\"dateModified\":\"2026-03-03T09:24:21+00:00\",\"mainEntityOfPage\":{\"@id\":\"https:\/\/www.interpharma.ch\/fr\/blog\/communique-de-presse-nouvelle-contribution-significative-de-la-pharma-a-la-maitrise-des-couts-quand-la-securite-dapprovisionnement-est-menacee\/\"},\"wordCount\":888,\"publisher\":{\"@id\":\"https:\/\/www.interpharma.ch\/#organization\"},\"image\":{\"@id\":\"https:\/\/www.interpharma.ch\/fr\/blog\/communique-de-presse-nouvelle-contribution-significative-de-la-pharma-a-la-maitrise-des-couts-quand-la-securite-dapprovisionnement-est-menacee\/#primaryimage\"},\"thumbnailUrl\":\"https:\/\/www.interpharma.ch\/wp-content\/uploads\/2025\/07\/iStock-1944747642.jpg\",\"keywords\":[\"Communiqu\u00e9 de presse\",\"Acc\u00e8s des patients\",\"Politique\",\"M\u00e9dias\"],\"inLanguage\":\"fr-FR\",\"copyrightYear\":\"2025\",\"copyrightHolder\":{\"@id\":\"https:\/\/www.interpharma.ch\/#organization\"}},{\"@type\":\"WebPage\",\"@id\":\"https:\/\/www.interpharma.ch\/fr\/blog\/communique-de-presse-nouvelle-contribution-significative-de-la-pharma-a-la-maitrise-des-couts-quand-la-securite-dapprovisionnement-est-menacee\/\",\"url\":\"https:\/\/www.interpharma.ch\/fr\/blog\/communique-de-presse-nouvelle-contribution-significative-de-la-pharma-a-la-maitrise-des-couts-quand-la-securite-dapprovisionnement-est-menacee\/\",\"name\":\"Communiqu\u00e9 de presse: Nouvelle contribution significative de la pharma \u00e0 la ma\u00eetrise des co\u00fbts, quand la s\u00e9curit\u00e9 d\u2019approvisionnement est menac\u00e9e - Interpharma\",\"isPartOf\":{\"@id\":\"https:\/\/www.interpharma.ch\/#website\"},\"primaryImageOfPage\":{\"@id\":\"https:\/\/www.interpharma.ch\/fr\/blog\/communique-de-presse-nouvelle-contribution-significative-de-la-pharma-a-la-maitrise-des-couts-quand-la-securite-dapprovisionnement-est-menacee\/#primaryimage\"},\"image\":{\"@id\":\"https:\/\/www.interpharma.ch\/fr\/blog\/communique-de-presse-nouvelle-contribution-significative-de-la-pharma-a-la-maitrise-des-couts-quand-la-securite-dapprovisionnement-est-menacee\/#primaryimage\"},\"thumbnailUrl\":\"https:\/\/www.interpharma.ch\/wp-content\/uploads\/2025\/07\/iStock-1944747642.jpg\",\"datePublished\":\"2025-10-27T18:54:38+00:00\",\"dateModified\":\"2026-03-03T09:24:21+00:00\",\"breadcrumb\":{\"@id\":\"https:\/\/www.interpharma.ch\/fr\/blog\/communique-de-presse-nouvelle-contribution-significative-de-la-pharma-a-la-maitrise-des-couts-quand-la-securite-dapprovisionnement-est-menacee\/#breadcrumb\"},\"inLanguage\":\"fr-FR\",\"potentialAction\":[{\"@type\":\"ReadAction\",\"target\":[\"https:\/\/www.interpharma.ch\/fr\/blog\/communique-de-presse-nouvelle-contribution-significative-de-la-pharma-a-la-maitrise-des-couts-quand-la-securite-dapprovisionnement-est-menacee\/\"]}]},{\"@type\":\"ImageObject\",\"inLanguage\":\"fr-FR\",\"@id\":\"https:\/\/www.interpharma.ch\/fr\/blog\/communique-de-presse-nouvelle-contribution-significative-de-la-pharma-a-la-maitrise-des-couts-quand-la-securite-dapprovisionnement-est-menacee\/#primaryimage\",\"url\":\"https:\/\/www.interpharma.ch\/wp-content\/uploads\/2025\/07\/iStock-1944747642.jpg\",\"contentUrl\":\"https:\/\/www.interpharma.ch\/wp-content\/uploads\/2025\/07\/iStock-1944747642.jpg\",\"width\":2121,\"height\":1414},{\"@type\":\"BreadcrumbList\",\"@id\":\"https:\/\/www.interpharma.ch\/fr\/blog\/communique-de-presse-nouvelle-contribution-significative-de-la-pharma-a-la-maitrise-des-couts-quand-la-securite-dapprovisionnement-est-menacee\/#breadcrumb\",\"itemListElement\":[{\"@type\":\"ListItem\",\"position\":1,\"name\":\"Startseite\",\"item\":\"https:\/\/www.interpharma.ch\/fr\/\"},{\"@type\":\"ListItem\",\"position\":2,\"name\":\"Communiqu\u00e9 de presse: Nouvelle contribution significative de la pharma \u00e0 la ma\u00eetrise des co\u00fbts, quand la s\u00e9curit\u00e9 d\u2019approvisionnement est menac\u00e9e\"}]},{\"@type\":\"WebSite\",\"@id\":\"https:\/\/www.interpharma.ch\/#website\",\"url\":\"https:\/\/www.interpharma.ch\/\",\"name\":\"Interpharma\",\"description\":\"Verband der forschenden Pharmazeutischen Firmen\",\"publisher\":{\"@id\":\"https:\/\/www.interpharma.ch\/#organization\"},\"potentialAction\":[{\"@type\":\"SearchAction\",\"target\":{\"@type\":\"EntryPoint\",\"urlTemplate\":\"https:\/\/www.interpharma.ch\/?s={search_term_string}\"},\"query-input\":{\"@type\":\"PropertyValueSpecification\",\"valueRequired\":true,\"valueName\":\"search_term_string\"}}],\"inLanguage\":\"fr-FR\"},{\"@type\":\"Organization\",\"@id\":\"https:\/\/www.interpharma.ch\/#organization\",\"name\":\"Interpharma\",\"url\":\"https:\/\/www.interpharma.ch\/\",\"logo\":{\"@type\":\"ImageObject\",\"inLanguage\":\"fr-FR\",\"@id\":\"https:\/\/www.interpharma.ch\/#\/schema\/logo\/image\/\",\"url\":\"https:\/\/interpharma.ch\/wp-content\/uploads\/2026\/03\/20251014_iph_logo_wort_bildmarke_rgb_final_cu01.svg\",\"contentUrl\":\"https:\/\/interpharma.ch\/wp-content\/uploads\/2026\/03\/20251014_iph_logo_wort_bildmarke_rgb_final_cu01.svg\",\"width\":\"1200\",\"height\":\"1200\",\"caption\":\"Interpharma\"},\"image\":{\"@id\":\"https:\/\/www.interpharma.ch\/#\/schema\/logo\/image\/\"},\"sameAs\":[\"https:\/\/x.com\/interpharma_ch\",\"https:\/\/ch.linkedin.com\/company\/interpharma\",\"https:\/\/www.instagram.com\/interpharma_ch\/\"]},{\"@type\":\"Person\",\"@id\":\"https:\/\/www.interpharma.ch\/#\/schema\/person\/1302f3da278bb3f8995756877d107818\",\"name\":\"berta_admin\",\"image\":{\"@type\":\"ImageObject\",\"inLanguage\":\"fr-FR\",\"@id\":\"https:\/\/secure.gravatar.com\/avatar\/a2aeb00900e30743ff2859dfc3dd11cf7e64bb4ec7a1f349ee3772658a1d087d?s=96&d=mm&r=g\",\"url\":\"https:\/\/secure.gravatar.com\/avatar\/a2aeb00900e30743ff2859dfc3dd11cf7e64bb4ec7a1f349ee3772658a1d087d?s=96&d=mm&r=g\",\"contentUrl\":\"https:\/\/secure.gravatar.com\/avatar\/a2aeb00900e30743ff2859dfc3dd11cf7e64bb4ec7a1f349ee3772658a1d087d?s=96&d=mm&r=g\",\"caption\":\"berta_admin\"},\"sameAs\":[\"https:\/\/interpharma.ch\"]}]}<\/script>\n<!-- \/ Yoast SEO Premium plugin. -->","yoast_head_json":{"title":"Communiqu\u00e9 de presse: Nouvelle contribution significative de la pharma \u00e0 la ma\u00eetrise des co\u00fbts, quand la s\u00e9curit\u00e9 d\u2019approvisionnement est menac\u00e9e - Interpharma","robots":{"index":"index","follow":"follow","max-snippet":"max-snippet:-1","max-image-preview":"max-image-preview:large","max-video-preview":"max-video-preview:-1"},"canonical":"https:\/\/www.interpharma.ch\/fr\/blog\/communique-de-presse-nouvelle-contribution-significative-de-la-pharma-a-la-maitrise-des-couts-quand-la-securite-dapprovisionnement-est-menacee\/","og_locale":"fr_FR","og_type":"article","og_title":"Communiqu\u00e9 de presse: Nouvelle contribution significative de la pharma \u00e0 la ma\u00eetrise des co\u00fbts, quand la s\u00e9curit\u00e9 d\u2019approvisionnement est menac\u00e9e","og_description":"Lors de la table ronde sur la ma\u00eetrise des co\u00fbts organis\u00e9e par le D\u00e9partement f\u00e9d\u00e9ral de l&rsquo;int\u00e9rieur (DFI), diverses mesures d&rsquo;all\u00e8gement ont \u00e9t\u00e9 d\u00e9cid\u00e9es. L&rsquo;industrie pharmaceutique prouve son sens des responsabilit\u00e9s et contribue significativement, une fois de plus, \u00e0 la ma\u00eetrise des co\u00fbts de la sant\u00e9. Outre ses \u00e9conomies annuelles r\u00e9currentes de plus de 1,5 [&hellip;]","og_url":"https:\/\/www.interpharma.ch\/fr\/blog\/communique-de-presse-nouvelle-contribution-significative-de-la-pharma-a-la-maitrise-des-couts-quand-la-securite-dapprovisionnement-est-menacee\/","og_site_name":"Interpharma","article_published_time":"2025-10-27T18:54:38+00:00","article_modified_time":"2026-03-03T09:24:21+00:00","og_image":[{"width":2121,"height":1414,"url":"https:\/\/www.interpharma.ch\/wp-content\/uploads\/2025\/07\/iStock-1944747642.jpg","type":"image\/jpeg"}],"author":"berta_admin","twitter_card":"summary_large_image","twitter_creator":"@interpharma_ch","twitter_site":"@interpharma_ch","twitter_misc":{"\u00c9crit par":"berta_admin","Dur\u00e9e de lecture estim\u00e9e":"4 minutes"},"schema":{"@context":"https:\/\/schema.org","@graph":[{"@type":"Article","@id":"https:\/\/www.interpharma.ch\/fr\/blog\/communique-de-presse-nouvelle-contribution-significative-de-la-pharma-a-la-maitrise-des-couts-quand-la-securite-dapprovisionnement-est-menacee\/#article","isPartOf":{"@id":"https:\/\/www.interpharma.ch\/fr\/blog\/communique-de-presse-nouvelle-contribution-significative-de-la-pharma-a-la-maitrise-des-couts-quand-la-securite-dapprovisionnement-est-menacee\/"},"author":{"name":"berta_admin","@id":"https:\/\/www.interpharma.ch\/#\/schema\/person\/1302f3da278bb3f8995756877d107818"},"headline":"Communiqu\u00e9 de presse: Nouvelle contribution significative de la pharma \u00e0 la ma\u00eetrise des co\u00fbts, quand la s\u00e9curit\u00e9 d\u2019approvisionnement est menac\u00e9e","datePublished":"2025-10-27T18:54:38+00:00","dateModified":"2026-03-03T09:24:21+00:00","mainEntityOfPage":{"@id":"https:\/\/www.interpharma.ch\/fr\/blog\/communique-de-presse-nouvelle-contribution-significative-de-la-pharma-a-la-maitrise-des-couts-quand-la-securite-dapprovisionnement-est-menacee\/"},"wordCount":888,"publisher":{"@id":"https:\/\/www.interpharma.ch\/#organization"},"image":{"@id":"https:\/\/www.interpharma.ch\/fr\/blog\/communique-de-presse-nouvelle-contribution-significative-de-la-pharma-a-la-maitrise-des-couts-quand-la-securite-dapprovisionnement-est-menacee\/#primaryimage"},"thumbnailUrl":"https:\/\/www.interpharma.ch\/wp-content\/uploads\/2025\/07\/iStock-1944747642.jpg","keywords":["Communiqu\u00e9 de presse","Acc\u00e8s des patients","Politique","M\u00e9dias"],"inLanguage":"fr-FR","copyrightYear":"2025","copyrightHolder":{"@id":"https:\/\/www.interpharma.ch\/#organization"}},{"@type":"WebPage","@id":"https:\/\/www.interpharma.ch\/fr\/blog\/communique-de-presse-nouvelle-contribution-significative-de-la-pharma-a-la-maitrise-des-couts-quand-la-securite-dapprovisionnement-est-menacee\/","url":"https:\/\/www.interpharma.ch\/fr\/blog\/communique-de-presse-nouvelle-contribution-significative-de-la-pharma-a-la-maitrise-des-couts-quand-la-securite-dapprovisionnement-est-menacee\/","name":"Communiqu\u00e9 de presse: Nouvelle contribution significative de la pharma \u00e0 la ma\u00eetrise des co\u00fbts, quand la s\u00e9curit\u00e9 d\u2019approvisionnement est menac\u00e9e - Interpharma","isPartOf":{"@id":"https:\/\/www.interpharma.ch\/#website"},"primaryImageOfPage":{"@id":"https:\/\/www.interpharma.ch\/fr\/blog\/communique-de-presse-nouvelle-contribution-significative-de-la-pharma-a-la-maitrise-des-couts-quand-la-securite-dapprovisionnement-est-menacee\/#primaryimage"},"image":{"@id":"https:\/\/www.interpharma.ch\/fr\/blog\/communique-de-presse-nouvelle-contribution-significative-de-la-pharma-a-la-maitrise-des-couts-quand-la-securite-dapprovisionnement-est-menacee\/#primaryimage"},"thumbnailUrl":"https:\/\/www.interpharma.ch\/wp-content\/uploads\/2025\/07\/iStock-1944747642.jpg","datePublished":"2025-10-27T18:54:38+00:00","dateModified":"2026-03-03T09:24:21+00:00","breadcrumb":{"@id":"https:\/\/www.interpharma.ch\/fr\/blog\/communique-de-presse-nouvelle-contribution-significative-de-la-pharma-a-la-maitrise-des-couts-quand-la-securite-dapprovisionnement-est-menacee\/#breadcrumb"},"inLanguage":"fr-FR","potentialAction":[{"@type":"ReadAction","target":["https:\/\/www.interpharma.ch\/fr\/blog\/communique-de-presse-nouvelle-contribution-significative-de-la-pharma-a-la-maitrise-des-couts-quand-la-securite-dapprovisionnement-est-menacee\/"]}]},{"@type":"ImageObject","inLanguage":"fr-FR","@id":"https:\/\/www.interpharma.ch\/fr\/blog\/communique-de-presse-nouvelle-contribution-significative-de-la-pharma-a-la-maitrise-des-couts-quand-la-securite-dapprovisionnement-est-menacee\/#primaryimage","url":"https:\/\/www.interpharma.ch\/wp-content\/uploads\/2025\/07\/iStock-1944747642.jpg","contentUrl":"https:\/\/www.interpharma.ch\/wp-content\/uploads\/2025\/07\/iStock-1944747642.jpg","width":2121,"height":1414},{"@type":"BreadcrumbList","@id":"https:\/\/www.interpharma.ch\/fr\/blog\/communique-de-presse-nouvelle-contribution-significative-de-la-pharma-a-la-maitrise-des-couts-quand-la-securite-dapprovisionnement-est-menacee\/#breadcrumb","itemListElement":[{"@type":"ListItem","position":1,"name":"Startseite","item":"https:\/\/www.interpharma.ch\/fr\/"},{"@type":"ListItem","position":2,"name":"Communiqu\u00e9 de presse: Nouvelle contribution significative de la pharma \u00e0 la ma\u00eetrise des co\u00fbts, quand la s\u00e9curit\u00e9 d\u2019approvisionnement est menac\u00e9e"}]},{"@type":"WebSite","@id":"https:\/\/www.interpharma.ch\/#website","url":"https:\/\/www.interpharma.ch\/","name":"Interpharma","description":"Verband der forschenden Pharmazeutischen Firmen","publisher":{"@id":"https:\/\/www.interpharma.ch\/#organization"},"potentialAction":[{"@type":"SearchAction","target":{"@type":"EntryPoint","urlTemplate":"https:\/\/www.interpharma.ch\/?s={search_term_string}"},"query-input":{"@type":"PropertyValueSpecification","valueRequired":true,"valueName":"search_term_string"}}],"inLanguage":"fr-FR"},{"@type":"Organization","@id":"https:\/\/www.interpharma.ch\/#organization","name":"Interpharma","url":"https:\/\/www.interpharma.ch\/","logo":{"@type":"ImageObject","inLanguage":"fr-FR","@id":"https:\/\/www.interpharma.ch\/#\/schema\/logo\/image\/","url":"https:\/\/interpharma.ch\/wp-content\/uploads\/2026\/03\/20251014_iph_logo_wort_bildmarke_rgb_final_cu01.svg","contentUrl":"https:\/\/interpharma.ch\/wp-content\/uploads\/2026\/03\/20251014_iph_logo_wort_bildmarke_rgb_final_cu01.svg","width":"1200","height":"1200","caption":"Interpharma"},"image":{"@id":"https:\/\/www.interpharma.ch\/#\/schema\/logo\/image\/"},"sameAs":["https:\/\/x.com\/interpharma_ch","https:\/\/ch.linkedin.com\/company\/interpharma","https:\/\/www.instagram.com\/interpharma_ch\/"]},{"@type":"Person","@id":"https:\/\/www.interpharma.ch\/#\/schema\/person\/1302f3da278bb3f8995756877d107818","name":"berta_admin","image":{"@type":"ImageObject","inLanguage":"fr-FR","@id":"https:\/\/secure.gravatar.com\/avatar\/a2aeb00900e30743ff2859dfc3dd11cf7e64bb4ec7a1f349ee3772658a1d087d?s=96&d=mm&r=g","url":"https:\/\/secure.gravatar.com\/avatar\/a2aeb00900e30743ff2859dfc3dd11cf7e64bb4ec7a1f349ee3772658a1d087d?s=96&d=mm&r=g","contentUrl":"https:\/\/secure.gravatar.com\/avatar\/a2aeb00900e30743ff2859dfc3dd11cf7e64bb4ec7a1f349ee3772658a1d087d?s=96&d=mm&r=g","caption":"berta_admin"},"sameAs":["https:\/\/interpharma.ch"]}]}},"_links":{"self":[{"href":"https:\/\/www.interpharma.ch\/fr\/wp-json\/wp\/v2\/posts\/11972","targetHints":{"allow":["GET"]}}],"collection":[{"href":"https:\/\/www.interpharma.ch\/fr\/wp-json\/wp\/v2\/posts"}],"about":[{"href":"https:\/\/www.interpharma.ch\/fr\/wp-json\/wp\/v2\/types\/post"}],"author":[{"embeddable":true,"href":"https:\/\/www.interpharma.ch\/fr\/wp-json\/wp\/v2\/users\/1"}],"replies":[{"embeddable":true,"href":"https:\/\/www.interpharma.ch\/fr\/wp-json\/wp\/v2\/comments?post=11972"}],"version-history":[{"count":1,"href":"https:\/\/www.interpharma.ch\/fr\/wp-json\/wp\/v2\/posts\/11972\/revisions"}],"predecessor-version":[{"id":11973,"href":"https:\/\/www.interpharma.ch\/fr\/wp-json\/wp\/v2\/posts\/11972\/revisions\/11973"}],"wp:featuredmedia":[{"embeddable":true,"href":"https:\/\/www.interpharma.ch\/fr\/wp-json\/wp\/v2\/media\/3568"}],"wp:attachment":[{"href":"https:\/\/www.interpharma.ch\/fr\/wp-json\/wp\/v2\/media?parent=11972"}],"wp:term":[{"taxonomy":"post_tag","embeddable":true,"href":"https:\/\/www.interpharma.ch\/fr\/wp-json\/wp\/v2\/tags?post=11972"}],"curies":[{"name":"wp","href":"https:\/\/api.w.org\/{rel}","templated":true}]}}