{"id":11930,"date":"2025-11-26T17:37:09","date_gmt":"2025-11-26T16:37:09","guid":{"rendered":"https:\/\/iph-multisite.berta-bewegt.ch\/?p=11930"},"modified":"2026-03-03T10:21:02","modified_gmt":"2026-03-03T09:21:02","slug":"communique-de-presse-le-conseil-federal-a-t-il-oublie-le-plus-grand-probleme-de-la-place-pharmaceutique-suisse","status":"publish","type":"post","link":"https:\/\/www.interpharma.ch\/fr\/blog\/communique-de-presse-le-conseil-federal-a-t-il-oublie-le-plus-grand-probleme-de-la-place-pharmaceutique-suisse\/","title":{"rendered":"Communiqu\u00e9 de presse: Le Conseil f\u00e9d\u00e9ral a-t-il oubli\u00e9 le plus grand probl\u00e8me de la place pharmaceutique suisse?"},"content":{"rendered":"\n<p class=\"is-style-paragraph-lead-text\"><strong><strong>Par les mesures d\u2019all\u00e8gement de la charge r\u00e9glementaire des entreprises pr\u00e9sent\u00e9es aujourd\u2019hui, le Conseil f\u00e9d\u00e9ral veut renforcer la place \u00e9conomique suisse. Cela semble a priori positif, mais rate le but: la branche pharmaceutique, principale branche exportatrice et moteur de la valeur ajout\u00e9e, ne se voit pas d\u00e9charg\u00e9e l\u00e0 o\u00f9 ce serait le plus urgent dans le contexte du conflit commercial avec les \u00c9tats-Unis. <\/strong><\/strong><\/p>\n\n\n\n<p>Les entreprises pharmaceutiques pratiquant la recherche g\u00e9n\u00e8rent non seulement un b\u00e9n\u00e9fice consid\u00e9rable pour les patient-e-s, mais aussi de la prosp\u00e9rit\u00e9 et des emplois pour toute la Suisse. Ce succ\u00e8s est cependant sous pression croissante, la politique des \u00c9tats-Unis dans le domaine du commerce et des prix sous l\u2019administration du pr\u00e9sident Donald Trump a fondamentalement chang\u00e9 la donne.<\/p>\n\n\n\n<p>Aujourd\u2019hui, le Conseil f\u00e9d\u00e9ral a annonc\u00e9 vouloir all\u00e9ger la charge r\u00e9glementaire des entreprises. Visiblement, il a oubli\u00e9 ce faisant le principal d\u00e9fi auquel est confront\u00e9 le champion de l\u2019exportation et moteur de prosp\u00e9rit\u00e9 qu\u2019est l\u2019industrie pharmaceutique. Aussi louables les mesures d\u2019all\u00e8gement dans la loi sur la navigation ou au sujet de l\u2019exploitation d\u2019h\u00e9licopt\u00e8res soient-elles pour certaines branches, le Conseil f\u00e9d\u00e9ral a n\u00e9glig\u00e9 aujourd\u2019hui de renoncer \u00e0 des mesures qui affaiblissent durablement la place pharmaceutique suisse. Concr\u00e8tement, il aurait d\u00fb se pencher sur la mise en \u0153uvre de ce qu\u2019on appelle les mod\u00e8les d\u2019impact budg\u00e9taire. Il est r\u00e9v\u00e9lateur que le D\u00e9partement de l\u2019Int\u00e9rieur pr\u00e9f\u00e8re travailler sur des limitations publicitaires dans la loi sur les denr\u00e9es alimentaires que de s\u2019efforcer s\u00e9rieusement d\u2019am\u00e9liorer l\u2019acc\u00e8s des patient-e-s \u00e0 des traitements vitaux.<\/p>\n\n\n\n<p>Ren\u00e9 Buholzer, directeur d\u2019Interpharma, d\u00e9clare \u00e0 ce sujet:<\/p>\n\n\n\n<blockquote class=\"wp-block-quote is-layout-flow wp-block-quote-is-layout-flow\">\n<p><em><em>\u00abLes entreprises pharmaceutiques pratiquant la recherche repr\u00e9sentent en Suisse 300\u00a0000 emplois, 114\u00a0milliards de francs d\u2019exportations et 10\u00a0milliards de francs de substrat fiscal. C\u2019est ce qui est en jeu. Pour renforcer durablement la place suisse, la politique doit d\u00e9finir les priorit\u00e9s correctement et agir au lieu de tergiverser.\u00bb<\/em><\/em><\/p>\n<\/blockquote>\n\n\n\n<p>Pour la branche pharmaceutique, la d\u00e9cision prise aujourd\u2019hui par le Conseil f\u00e9d\u00e9ral est une grande d\u00e9ception. \u00c0 noter que ce faisant, on entend parler de suppressions d\u2019emplois.&nbsp; La d\u00e9cision ne va pas rem\u00e9dier \u00e0 la d\u00e9gradation des conditions cadres pour l\u2019industrie pharmaceutique.<\/p>\n","protected":false},"excerpt":{"rendered":"<p>Par les mesures d\u2019all\u00e8gement de la charge r\u00e9glementaire des entreprises pr\u00e9sent\u00e9es aujourd\u2019hui, le Conseil f\u00e9d\u00e9ral veut renforcer la place \u00e9conomique suisse. Cela semble a priori positif, mais rate le but: la branche pharmaceutique, principale branche exportatrice et moteur de la valeur ajout\u00e9e, ne se voit pas d\u00e9charg\u00e9e l\u00e0 o\u00f9 ce serait le plus urgent dans [&hellip;]<\/p>\n","protected":false},"author":1,"featured_media":2994,"comment_status":"closed","ping_status":"open","sticky":false,"template":"","format":"standard","meta":{"_acf_changed":false,"inline_featured_image":false,"footnotes":""},"tags":[54,122,130],"class_list":["post-11930","post","type-post","status-publish","format-standard","has-post-thumbnail","hentry","tag-medien-fr","tag-communique-de-presse","tag-pharmastandort-2030-fr"],"acf":[],"yoast_head":"<!-- This site is optimized with the Yoast SEO Premium plugin v27.2 (Yoast SEO v27.2) - https:\/\/yoast.com\/product\/yoast-seo-premium-wordpress\/ -->\n<title>Communiqu\u00e9 de presse: Le Conseil f\u00e9d\u00e9ral a-t-il oubli\u00e9 le plus grand probl\u00e8me de la place pharmaceutique suisse? - Interpharma<\/title>\n<meta name=\"robots\" content=\"index, follow, max-snippet:-1, max-image-preview:large, max-video-preview:-1\" \/>\n<link rel=\"canonical\" href=\"https:\/\/www.interpharma.ch\/fr\/blog\/communique-de-presse-le-conseil-federal-a-t-il-oublie-le-plus-grand-probleme-de-la-place-pharmaceutique-suisse\/\" \/>\n<meta property=\"og:locale\" content=\"fr_FR\" \/>\n<meta property=\"og:type\" content=\"article\" \/>\n<meta property=\"og:title\" content=\"Communiqu\u00e9 de presse: Le Conseil f\u00e9d\u00e9ral a-t-il oubli\u00e9 le plus grand probl\u00e8me de la place pharmaceutique suisse?\" \/>\n<meta property=\"og:description\" content=\"Par les mesures d\u2019all\u00e8gement de la charge r\u00e9glementaire des entreprises pr\u00e9sent\u00e9es aujourd\u2019hui, le Conseil f\u00e9d\u00e9ral veut renforcer la place \u00e9conomique suisse. Cela semble a priori positif, mais rate le but: la branche pharmaceutique, principale branche exportatrice et moteur de la valeur ajout\u00e9e, ne se voit pas d\u00e9charg\u00e9e l\u00e0 o\u00f9 ce serait le plus urgent dans [&hellip;]\" \/>\n<meta property=\"og:url\" content=\"https:\/\/www.interpharma.ch\/fr\/blog\/communique-de-presse-le-conseil-federal-a-t-il-oublie-le-plus-grand-probleme-de-la-place-pharmaceutique-suisse\/\" \/>\n<meta property=\"og:site_name\" content=\"Interpharma\" \/>\n<meta property=\"article:published_time\" content=\"2025-11-26T16:37:09+00:00\" \/>\n<meta property=\"article:modified_time\" content=\"2026-03-03T09:21:02+00:00\" \/>\n<meta property=\"og:image\" content=\"https:\/\/www.interpharma.ch\/wp-content\/uploads\/2023\/10\/Bundeshaus-klein.jpg\" \/>\n\t<meta property=\"og:image:width\" content=\"1000\" \/>\n\t<meta property=\"og:image:height\" content=\"666\" \/>\n\t<meta property=\"og:image:type\" content=\"image\/jpeg\" \/>\n<meta name=\"author\" content=\"berta_admin\" \/>\n<meta name=\"twitter:card\" content=\"summary_large_image\" \/>\n<meta name=\"twitter:creator\" content=\"@interpharma_ch\" \/>\n<meta name=\"twitter:site\" content=\"@interpharma_ch\" \/>\n<meta name=\"twitter:label1\" content=\"\u00c9crit par\" \/>\n\t<meta name=\"twitter:data1\" content=\"berta_admin\" \/>\n\t<meta name=\"twitter:label2\" content=\"Dur\u00e9e de lecture estim\u00e9e\" \/>\n\t<meta name=\"twitter:data2\" content=\"2 minutes\" \/>\n<script type=\"application\/ld+json\" class=\"yoast-schema-graph\">{\"@context\":\"https:\/\/schema.org\",\"@graph\":[{\"@type\":\"Article\",\"@id\":\"https:\/\/www.interpharma.ch\/fr\/blog\/communique-de-presse-le-conseil-federal-a-t-il-oublie-le-plus-grand-probleme-de-la-place-pharmaceutique-suisse\/#article\",\"isPartOf\":{\"@id\":\"https:\/\/www.interpharma.ch\/fr\/blog\/communique-de-presse-le-conseil-federal-a-t-il-oublie-le-plus-grand-probleme-de-la-place-pharmaceutique-suisse\/\"},\"author\":{\"name\":\"berta_admin\",\"@id\":\"https:\/\/www.interpharma.ch\/#\/schema\/person\/1302f3da278bb3f8995756877d107818\"},\"headline\":\"Communiqu\u00e9 de presse: Le Conseil f\u00e9d\u00e9ral a-t-il oubli\u00e9 le plus grand probl\u00e8me de la place pharmaceutique suisse?\",\"datePublished\":\"2025-11-26T16:37:09+00:00\",\"dateModified\":\"2026-03-03T09:21:02+00:00\",\"mainEntityOfPage\":{\"@id\":\"https:\/\/www.interpharma.ch\/fr\/blog\/communique-de-presse-le-conseil-federal-a-t-il-oublie-le-plus-grand-probleme-de-la-place-pharmaceutique-suisse\/\"},\"wordCount\":435,\"publisher\":{\"@id\":\"https:\/\/www.interpharma.ch\/#organization\"},\"image\":{\"@id\":\"https:\/\/www.interpharma.ch\/fr\/blog\/communique-de-presse-le-conseil-federal-a-t-il-oublie-le-plus-grand-probleme-de-la-place-pharmaceutique-suisse\/#primaryimage\"},\"thumbnailUrl\":\"https:\/\/www.interpharma.ch\/wp-content\/uploads\/2023\/10\/Bundeshaus-klein.jpg\",\"keywords\":[\"M\u00e9dias\",\"Communiqu\u00e9 de presse\",\"Pharmastandort 2030\"],\"inLanguage\":\"fr-FR\",\"copyrightYear\":\"2025\",\"copyrightHolder\":{\"@id\":\"https:\/\/www.interpharma.ch\/#organization\"}},{\"@type\":\"WebPage\",\"@id\":\"https:\/\/www.interpharma.ch\/fr\/blog\/communique-de-presse-le-conseil-federal-a-t-il-oublie-le-plus-grand-probleme-de-la-place-pharmaceutique-suisse\/\",\"url\":\"https:\/\/www.interpharma.ch\/fr\/blog\/communique-de-presse-le-conseil-federal-a-t-il-oublie-le-plus-grand-probleme-de-la-place-pharmaceutique-suisse\/\",\"name\":\"Communiqu\u00e9 de presse: Le Conseil f\u00e9d\u00e9ral a-t-il oubli\u00e9 le plus grand probl\u00e8me de la place pharmaceutique suisse? - Interpharma\",\"isPartOf\":{\"@id\":\"https:\/\/www.interpharma.ch\/#website\"},\"primaryImageOfPage\":{\"@id\":\"https:\/\/www.interpharma.ch\/fr\/blog\/communique-de-presse-le-conseil-federal-a-t-il-oublie-le-plus-grand-probleme-de-la-place-pharmaceutique-suisse\/#primaryimage\"},\"image\":{\"@id\":\"https:\/\/www.interpharma.ch\/fr\/blog\/communique-de-presse-le-conseil-federal-a-t-il-oublie-le-plus-grand-probleme-de-la-place-pharmaceutique-suisse\/#primaryimage\"},\"thumbnailUrl\":\"https:\/\/www.interpharma.ch\/wp-content\/uploads\/2023\/10\/Bundeshaus-klein.jpg\",\"datePublished\":\"2025-11-26T16:37:09+00:00\",\"dateModified\":\"2026-03-03T09:21:02+00:00\",\"breadcrumb\":{\"@id\":\"https:\/\/www.interpharma.ch\/fr\/blog\/communique-de-presse-le-conseil-federal-a-t-il-oublie-le-plus-grand-probleme-de-la-place-pharmaceutique-suisse\/#breadcrumb\"},\"inLanguage\":\"fr-FR\",\"potentialAction\":[{\"@type\":\"ReadAction\",\"target\":[\"https:\/\/www.interpharma.ch\/fr\/blog\/communique-de-presse-le-conseil-federal-a-t-il-oublie-le-plus-grand-probleme-de-la-place-pharmaceutique-suisse\/\"]}]},{\"@type\":\"ImageObject\",\"inLanguage\":\"fr-FR\",\"@id\":\"https:\/\/www.interpharma.ch\/fr\/blog\/communique-de-presse-le-conseil-federal-a-t-il-oublie-le-plus-grand-probleme-de-la-place-pharmaceutique-suisse\/#primaryimage\",\"url\":\"https:\/\/www.interpharma.ch\/wp-content\/uploads\/2023\/10\/Bundeshaus-klein.jpg\",\"contentUrl\":\"https:\/\/www.interpharma.ch\/wp-content\/uploads\/2023\/10\/Bundeshaus-klein.jpg\",\"width\":1000,\"height\":666},{\"@type\":\"BreadcrumbList\",\"@id\":\"https:\/\/www.interpharma.ch\/fr\/blog\/communique-de-presse-le-conseil-federal-a-t-il-oublie-le-plus-grand-probleme-de-la-place-pharmaceutique-suisse\/#breadcrumb\",\"itemListElement\":[{\"@type\":\"ListItem\",\"position\":1,\"name\":\"Startseite\",\"item\":\"https:\/\/www.interpharma.ch\/fr\/\"},{\"@type\":\"ListItem\",\"position\":2,\"name\":\"Communiqu\u00e9 de presse: Le Conseil f\u00e9d\u00e9ral a-t-il oubli\u00e9 le plus grand probl\u00e8me de la place pharmaceutique suisse?\"}]},{\"@type\":\"WebSite\",\"@id\":\"https:\/\/www.interpharma.ch\/#website\",\"url\":\"https:\/\/www.interpharma.ch\/\",\"name\":\"Interpharma\",\"description\":\"Verband der forschenden Pharmazeutischen Firmen\",\"publisher\":{\"@id\":\"https:\/\/www.interpharma.ch\/#organization\"},\"potentialAction\":[{\"@type\":\"SearchAction\",\"target\":{\"@type\":\"EntryPoint\",\"urlTemplate\":\"https:\/\/www.interpharma.ch\/?s={search_term_string}\"},\"query-input\":{\"@type\":\"PropertyValueSpecification\",\"valueRequired\":true,\"valueName\":\"search_term_string\"}}],\"inLanguage\":\"fr-FR\"},{\"@type\":\"Organization\",\"@id\":\"https:\/\/www.interpharma.ch\/#organization\",\"name\":\"Interpharma\",\"url\":\"https:\/\/www.interpharma.ch\/\",\"logo\":{\"@type\":\"ImageObject\",\"inLanguage\":\"fr-FR\",\"@id\":\"https:\/\/www.interpharma.ch\/#\/schema\/logo\/image\/\",\"url\":\"https:\/\/interpharma.ch\/wp-content\/uploads\/2026\/03\/20251014_iph_logo_wort_bildmarke_rgb_final_cu01.svg\",\"contentUrl\":\"https:\/\/interpharma.ch\/wp-content\/uploads\/2026\/03\/20251014_iph_logo_wort_bildmarke_rgb_final_cu01.svg\",\"width\":\"1200\",\"height\":\"1200\",\"caption\":\"Interpharma\"},\"image\":{\"@id\":\"https:\/\/www.interpharma.ch\/#\/schema\/logo\/image\/\"},\"sameAs\":[\"https:\/\/x.com\/interpharma_ch\",\"https:\/\/ch.linkedin.com\/company\/interpharma\",\"https:\/\/www.instagram.com\/interpharma_ch\/\"]},{\"@type\":\"Person\",\"@id\":\"https:\/\/www.interpharma.ch\/#\/schema\/person\/1302f3da278bb3f8995756877d107818\",\"name\":\"berta_admin\",\"image\":{\"@type\":\"ImageObject\",\"inLanguage\":\"fr-FR\",\"@id\":\"https:\/\/secure.gravatar.com\/avatar\/a2aeb00900e30743ff2859dfc3dd11cf7e64bb4ec7a1f349ee3772658a1d087d?s=96&d=mm&r=g\",\"url\":\"https:\/\/secure.gravatar.com\/avatar\/a2aeb00900e30743ff2859dfc3dd11cf7e64bb4ec7a1f349ee3772658a1d087d?s=96&d=mm&r=g\",\"contentUrl\":\"https:\/\/secure.gravatar.com\/avatar\/a2aeb00900e30743ff2859dfc3dd11cf7e64bb4ec7a1f349ee3772658a1d087d?s=96&d=mm&r=g\",\"caption\":\"berta_admin\"},\"sameAs\":[\"https:\/\/interpharma.ch\"]}]}<\/script>\n<!-- \/ Yoast SEO Premium plugin. -->","yoast_head_json":{"title":"Communiqu\u00e9 de presse: Le Conseil f\u00e9d\u00e9ral a-t-il oubli\u00e9 le plus grand probl\u00e8me de la place pharmaceutique suisse? - Interpharma","robots":{"index":"index","follow":"follow","max-snippet":"max-snippet:-1","max-image-preview":"max-image-preview:large","max-video-preview":"max-video-preview:-1"},"canonical":"https:\/\/www.interpharma.ch\/fr\/blog\/communique-de-presse-le-conseil-federal-a-t-il-oublie-le-plus-grand-probleme-de-la-place-pharmaceutique-suisse\/","og_locale":"fr_FR","og_type":"article","og_title":"Communiqu\u00e9 de presse: Le Conseil f\u00e9d\u00e9ral a-t-il oubli\u00e9 le plus grand probl\u00e8me de la place pharmaceutique suisse?","og_description":"Par les mesures d\u2019all\u00e8gement de la charge r\u00e9glementaire des entreprises pr\u00e9sent\u00e9es aujourd\u2019hui, le Conseil f\u00e9d\u00e9ral veut renforcer la place \u00e9conomique suisse. Cela semble a priori positif, mais rate le but: la branche pharmaceutique, principale branche exportatrice et moteur de la valeur ajout\u00e9e, ne se voit pas d\u00e9charg\u00e9e l\u00e0 o\u00f9 ce serait le plus urgent dans [&hellip;]","og_url":"https:\/\/www.interpharma.ch\/fr\/blog\/communique-de-presse-le-conseil-federal-a-t-il-oublie-le-plus-grand-probleme-de-la-place-pharmaceutique-suisse\/","og_site_name":"Interpharma","article_published_time":"2025-11-26T16:37:09+00:00","article_modified_time":"2026-03-03T09:21:02+00:00","og_image":[{"width":1000,"height":666,"url":"https:\/\/www.interpharma.ch\/wp-content\/uploads\/2023\/10\/Bundeshaus-klein.jpg","type":"image\/jpeg"}],"author":"berta_admin","twitter_card":"summary_large_image","twitter_creator":"@interpharma_ch","twitter_site":"@interpharma_ch","twitter_misc":{"\u00c9crit par":"berta_admin","Dur\u00e9e de lecture estim\u00e9e":"2 minutes"},"schema":{"@context":"https:\/\/schema.org","@graph":[{"@type":"Article","@id":"https:\/\/www.interpharma.ch\/fr\/blog\/communique-de-presse-le-conseil-federal-a-t-il-oublie-le-plus-grand-probleme-de-la-place-pharmaceutique-suisse\/#article","isPartOf":{"@id":"https:\/\/www.interpharma.ch\/fr\/blog\/communique-de-presse-le-conseil-federal-a-t-il-oublie-le-plus-grand-probleme-de-la-place-pharmaceutique-suisse\/"},"author":{"name":"berta_admin","@id":"https:\/\/www.interpharma.ch\/#\/schema\/person\/1302f3da278bb3f8995756877d107818"},"headline":"Communiqu\u00e9 de presse: Le Conseil f\u00e9d\u00e9ral a-t-il oubli\u00e9 le plus grand probl\u00e8me de la place pharmaceutique suisse?","datePublished":"2025-11-26T16:37:09+00:00","dateModified":"2026-03-03T09:21:02+00:00","mainEntityOfPage":{"@id":"https:\/\/www.interpharma.ch\/fr\/blog\/communique-de-presse-le-conseil-federal-a-t-il-oublie-le-plus-grand-probleme-de-la-place-pharmaceutique-suisse\/"},"wordCount":435,"publisher":{"@id":"https:\/\/www.interpharma.ch\/#organization"},"image":{"@id":"https:\/\/www.interpharma.ch\/fr\/blog\/communique-de-presse-le-conseil-federal-a-t-il-oublie-le-plus-grand-probleme-de-la-place-pharmaceutique-suisse\/#primaryimage"},"thumbnailUrl":"https:\/\/www.interpharma.ch\/wp-content\/uploads\/2023\/10\/Bundeshaus-klein.jpg","keywords":["M\u00e9dias","Communiqu\u00e9 de presse","Pharmastandort 2030"],"inLanguage":"fr-FR","copyrightYear":"2025","copyrightHolder":{"@id":"https:\/\/www.interpharma.ch\/#organization"}},{"@type":"WebPage","@id":"https:\/\/www.interpharma.ch\/fr\/blog\/communique-de-presse-le-conseil-federal-a-t-il-oublie-le-plus-grand-probleme-de-la-place-pharmaceutique-suisse\/","url":"https:\/\/www.interpharma.ch\/fr\/blog\/communique-de-presse-le-conseil-federal-a-t-il-oublie-le-plus-grand-probleme-de-la-place-pharmaceutique-suisse\/","name":"Communiqu\u00e9 de presse: Le Conseil f\u00e9d\u00e9ral a-t-il oubli\u00e9 le plus grand probl\u00e8me de la place pharmaceutique suisse? - Interpharma","isPartOf":{"@id":"https:\/\/www.interpharma.ch\/#website"},"primaryImageOfPage":{"@id":"https:\/\/www.interpharma.ch\/fr\/blog\/communique-de-presse-le-conseil-federal-a-t-il-oublie-le-plus-grand-probleme-de-la-place-pharmaceutique-suisse\/#primaryimage"},"image":{"@id":"https:\/\/www.interpharma.ch\/fr\/blog\/communique-de-presse-le-conseil-federal-a-t-il-oublie-le-plus-grand-probleme-de-la-place-pharmaceutique-suisse\/#primaryimage"},"thumbnailUrl":"https:\/\/www.interpharma.ch\/wp-content\/uploads\/2023\/10\/Bundeshaus-klein.jpg","datePublished":"2025-11-26T16:37:09+00:00","dateModified":"2026-03-03T09:21:02+00:00","breadcrumb":{"@id":"https:\/\/www.interpharma.ch\/fr\/blog\/communique-de-presse-le-conseil-federal-a-t-il-oublie-le-plus-grand-probleme-de-la-place-pharmaceutique-suisse\/#breadcrumb"},"inLanguage":"fr-FR","potentialAction":[{"@type":"ReadAction","target":["https:\/\/www.interpharma.ch\/fr\/blog\/communique-de-presse-le-conseil-federal-a-t-il-oublie-le-plus-grand-probleme-de-la-place-pharmaceutique-suisse\/"]}]},{"@type":"ImageObject","inLanguage":"fr-FR","@id":"https:\/\/www.interpharma.ch\/fr\/blog\/communique-de-presse-le-conseil-federal-a-t-il-oublie-le-plus-grand-probleme-de-la-place-pharmaceutique-suisse\/#primaryimage","url":"https:\/\/www.interpharma.ch\/wp-content\/uploads\/2023\/10\/Bundeshaus-klein.jpg","contentUrl":"https:\/\/www.interpharma.ch\/wp-content\/uploads\/2023\/10\/Bundeshaus-klein.jpg","width":1000,"height":666},{"@type":"BreadcrumbList","@id":"https:\/\/www.interpharma.ch\/fr\/blog\/communique-de-presse-le-conseil-federal-a-t-il-oublie-le-plus-grand-probleme-de-la-place-pharmaceutique-suisse\/#breadcrumb","itemListElement":[{"@type":"ListItem","position":1,"name":"Startseite","item":"https:\/\/www.interpharma.ch\/fr\/"},{"@type":"ListItem","position":2,"name":"Communiqu\u00e9 de presse: Le Conseil f\u00e9d\u00e9ral a-t-il oubli\u00e9 le plus grand probl\u00e8me de la place pharmaceutique suisse?"}]},{"@type":"WebSite","@id":"https:\/\/www.interpharma.ch\/#website","url":"https:\/\/www.interpharma.ch\/","name":"Interpharma","description":"Verband der forschenden Pharmazeutischen Firmen","publisher":{"@id":"https:\/\/www.interpharma.ch\/#organization"},"potentialAction":[{"@type":"SearchAction","target":{"@type":"EntryPoint","urlTemplate":"https:\/\/www.interpharma.ch\/?s={search_term_string}"},"query-input":{"@type":"PropertyValueSpecification","valueRequired":true,"valueName":"search_term_string"}}],"inLanguage":"fr-FR"},{"@type":"Organization","@id":"https:\/\/www.interpharma.ch\/#organization","name":"Interpharma","url":"https:\/\/www.interpharma.ch\/","logo":{"@type":"ImageObject","inLanguage":"fr-FR","@id":"https:\/\/www.interpharma.ch\/#\/schema\/logo\/image\/","url":"https:\/\/interpharma.ch\/wp-content\/uploads\/2026\/03\/20251014_iph_logo_wort_bildmarke_rgb_final_cu01.svg","contentUrl":"https:\/\/interpharma.ch\/wp-content\/uploads\/2026\/03\/20251014_iph_logo_wort_bildmarke_rgb_final_cu01.svg","width":"1200","height":"1200","caption":"Interpharma"},"image":{"@id":"https:\/\/www.interpharma.ch\/#\/schema\/logo\/image\/"},"sameAs":["https:\/\/x.com\/interpharma_ch","https:\/\/ch.linkedin.com\/company\/interpharma","https:\/\/www.instagram.com\/interpharma_ch\/"]},{"@type":"Person","@id":"https:\/\/www.interpharma.ch\/#\/schema\/person\/1302f3da278bb3f8995756877d107818","name":"berta_admin","image":{"@type":"ImageObject","inLanguage":"fr-FR","@id":"https:\/\/secure.gravatar.com\/avatar\/a2aeb00900e30743ff2859dfc3dd11cf7e64bb4ec7a1f349ee3772658a1d087d?s=96&d=mm&r=g","url":"https:\/\/secure.gravatar.com\/avatar\/a2aeb00900e30743ff2859dfc3dd11cf7e64bb4ec7a1f349ee3772658a1d087d?s=96&d=mm&r=g","contentUrl":"https:\/\/secure.gravatar.com\/avatar\/a2aeb00900e30743ff2859dfc3dd11cf7e64bb4ec7a1f349ee3772658a1d087d?s=96&d=mm&r=g","caption":"berta_admin"},"sameAs":["https:\/\/interpharma.ch"]}]}},"_links":{"self":[{"href":"https:\/\/www.interpharma.ch\/fr\/wp-json\/wp\/v2\/posts\/11930","targetHints":{"allow":["GET"]}}],"collection":[{"href":"https:\/\/www.interpharma.ch\/fr\/wp-json\/wp\/v2\/posts"}],"about":[{"href":"https:\/\/www.interpharma.ch\/fr\/wp-json\/wp\/v2\/types\/post"}],"author":[{"embeddable":true,"href":"https:\/\/www.interpharma.ch\/fr\/wp-json\/wp\/v2\/users\/1"}],"replies":[{"embeddable":true,"href":"https:\/\/www.interpharma.ch\/fr\/wp-json\/wp\/v2\/comments?post=11930"}],"version-history":[{"count":1,"href":"https:\/\/www.interpharma.ch\/fr\/wp-json\/wp\/v2\/posts\/11930\/revisions"}],"predecessor-version":[{"id":11931,"href":"https:\/\/www.interpharma.ch\/fr\/wp-json\/wp\/v2\/posts\/11930\/revisions\/11931"}],"wp:featuredmedia":[{"embeddable":true,"href":"https:\/\/www.interpharma.ch\/fr\/wp-json\/wp\/v2\/media\/2994"}],"wp:attachment":[{"href":"https:\/\/www.interpharma.ch\/fr\/wp-json\/wp\/v2\/media?parent=11930"}],"wp:term":[{"taxonomy":"post_tag","embeddable":true,"href":"https:\/\/www.interpharma.ch\/fr\/wp-json\/wp\/v2\/tags?post=11930"}],"curies":[{"name":"wp","href":"https:\/\/api.w.org\/{rel}","templated":true}]}}