{"id":11908,"date":"2026-02-06T12:11:30","date_gmt":"2026-02-06T11:11:30","guid":{"rendered":"https:\/\/iph-multisite.berta-bewegt.ch\/?p=11908"},"modified":"2026-03-05T08:51:51","modified_gmt":"2026-03-05T07:51:51","slug":"communique-de-presse-lexpansion-des-generiques-progresse-inexorablement-en-suisse-les-nouveaux-medicaments-innovants-enregistrent-une-croissance-inferieure-a-la-moyenne","status":"publish","type":"post","link":"https:\/\/www.interpharma.ch\/fr\/blog\/communique-de-presse-lexpansion-des-generiques-progresse-inexorablement-en-suisse-les-nouveaux-medicaments-innovants-enregistrent-une-croissance-inferieure-a-la-moyenne\/","title":{"rendered":"Communiqu\u00e9 de presse: L\u2019expansion des g\u00e9n\u00e9riques progresse inexorablement en Suisse: les nouveaux m\u00e9dicaments innovants enregistrent une croissance inf\u00e9rieure \u00e0 la moyenne"},"content":{"rendered":"\n<p><strong>En 2025, le secteur des m\u00e9dicaments en Suisse a affich\u00e9 un chiffre d\u2019affaires de 8.1 milliards de francs, soit +5.0% (aux prix de fabrique). Li\u00e9e \u00e0 l\u2019augmentation de la demande en m\u00e9dicaments, la croissance s\u2019est infl\u00e9chie de -2.4% en 2025, ce qui est essentiellement imputable aux baisses de prix. En 2025, la croissance des nouveaux m\u00e9dicaments innovants a \u00e9t\u00e9 inf\u00e9rieure \u00e0 la moyenne (+4.6 %), tandis que celle des g\u00e9n\u00e9riques et biosimilaires a \u00e0 nou-veau \u00e9t\u00e9 forte.<\/strong><\/p>\n\n\n\n<p>En 2025, le volume des m\u00e9dicaments vendus en Suisse a \u00e9t\u00e9 de 8.1 milliards de francs, dont pr\u00e8s de 7.1 milliards \u00e0 la charge des caisses-maladie. IQVIA (un prestataire mondial d\u2019informations, de technologies novatrices et de services dans le domaine de la sant\u00e9) rel\u00e8ve chaque mois les donn\u00e9es aupr\u00e8s des entreprises pharmaceutiques, des grossistes, des fournisseurs des m\u00e9decins et des pharmacies en ligne. D\u2019apr\u00e8s cette enqu\u00eate, le domaine des m\u00e9dicaments en Suisse a enregistr\u00e9 en 2025 une croissance de +5.0%, soit l\u00e9g\u00e8rement sup\u00e9rieure \u00e0 celle de l\u2019ann\u00e9e pr\u00e9c\u00e9dente. L\u2019\u00e9volution d\u00e9mographique et les besoins croissants en prestations m\u00e9dicales que celle-ci implique continuent d\u2019\u00eatre les principaux moteurs de l\u2019augmentation du volume. Les baisses de prix institutionnalis\u00e9es de la Conf\u00e9d\u00e9ration ont r\u00e9ussi \u00e0 infl\u00e9chir la croissance de l\u2019ensemble du secteur de -2.4%.<\/p>\n\n\n\n<h2 class=\"wp-block-heading\" id=\"h-nouvelle-forte-croissance-du-chiffre-d-affaires-des-generiques-et-biosimilaires\">Nouvelle forte croissance du chiffre d\u2019affaires des g\u00e9n\u00e9riques et biosimilaires<\/h2>\n\n\n\n<p>En 2025, le chiffre d\u2019affaires des g\u00e9n\u00e9riques a franchi pour la deuxi\u00e8me fois cons\u00e9cutive la barre du milliard, atteignant 1.12 milliard de francs. L\u2019ann\u00e9e pass\u00e9e, les mesures prises par la Conf\u00e9d\u00e9ration dans le cadre de l\u2019ordonnance sur l\u2019assurance-maladie (OAMal) avaient entra\u00een\u00e9 une \u00e9norme hausse de la part des g\u00e9n\u00e9riques. Celle-ci s\u2019est poursuivie en 2025, quoique l\u00e9g\u00e8rement moins fortement (+6.4%). Le chiffre d\u2019affaires des biosimilaires a enregistr\u00e9 une croissance nettement plus forte, +13,7%, \u00e9galement due aux mesures li\u00e9es \u00e0 la r\u00e9vision de l\u2019OAMal. La diffusion des g\u00e9n\u00e9riques atteint ainsi 68% et celle des biosimilaires 58%.<\/p>\n\n\n\n<p>La croissance sup\u00e9rieure \u00e0 la moyenne des g\u00e9n\u00e9riques et biosimilaires s\u2019est faite en particulier au d\u00e9triment des produits originaux (produits fabriqu\u00e9s par des m\u00e9thodes chimiques: -1.2% et m\u00e9dicaments biologiques: -7.8%), ce qui montre avec force que les mesures prises par la Conf\u00e9d\u00e9ration dans le cadre de la r\u00e9vision de l\u2019OAMal\/OPAS font leur effet. La branche pharmaceutique apporte ainsi une contribution suppl\u00e9mentaire notable \u00e0 la ma\u00eetrise des co\u00fbts, en plus des \u00e9conomies de 1.6 milliard de francs d\u00e9j\u00e0 r\u00e9alis\u00e9es chaque ann\u00e9e dans le cadre du r\u00e9examen triennal des prix. Ce d\u00e9veloppement va probablement se poursuivre.<\/p>\n\n\n\n<h2 class=\"wp-block-heading\" id=\"h-croissance-des-innovations-inferieure-a-la-moyenne\"><strong>Croissance des innovations inf\u00e9rieure \u00e0 la moyenne<\/strong><\/h2>\n\n\n\n<p>Sur le march\u00e9 pris en charge par les caisses-maladie, la croissance des nouveaux traitements et des innovations a \u00e9t\u00e9 inf\u00e9rieure \u00e0 la moyenne (+4.6%). L\u2019expiration de brevets, les admissions dans la liste des sp\u00e9cialit\u00e9s limit\u00e9es dans le temps, le d\u00e9p\u00f4t de nouvelles indications et certaines obligations fix\u00e9es par l\u2019OFSP freinent la croissance du secteur des m\u00e9dicaments. Mais pour les patient-e-s, ce ne sont pas de bonnes nouvelles, car la focalisation unilat\u00e9rale sur les co\u00fbts menace de plus en plus l\u2019approvisionnement en m\u00e9dicaments. Or, les patient-e-s de Suisse retirent un double b\u00e9n\u00e9fice des m\u00e9dicaments innovants: d\u2019une part, ces m\u00e9dicaments sauvent des vies et am\u00e9liorent la qualit\u00e9 de vie. D\u2019autre part, ils soulagent le syst\u00e8me de sant\u00e9 en \u00e9vitant des interventions et hospitalisations beaucoup plus co\u00fbteuses.<\/p>\n\n\n\n<h2 class=\"wp-block-heading\" id=\"h-les-prix-des-medicaments-baissent-pour-la-29e-fois-consecutive\"><strong>Les prix des m\u00e9dicaments baissent pour la 29e fois cons\u00e9cutive<\/strong><\/h2>\n\n\n\n<p>Les baisses de prix fix\u00e9es chaque ann\u00e9e depuis 2012 par l\u2019Office f\u00e9d\u00e9ral de la sant\u00e9 publique (OFSP) agissent, r\u00e9duisant la croissance du march\u00e9 du m\u00e9dicament de -2.4% l\u2019ann\u00e9e pass\u00e9e. Les baisses de prix font ainsi plus que compenser l\u2019ensemble des co\u00fbts caus\u00e9s par les nouveaux m\u00e9dicaments et extensions d\u2019indications. La hausse du march\u00e9 global de +5% est surtout imputable \u00e0 la croissance des ventes de produits arriv\u00e9s sur le march\u00e9 avant 2025.<\/p>\n\n\n\n<p>Dans le cadre du r\u00e9examen de l\u2019ann\u00e9e pass\u00e9e, l\u2019Office f\u00e9d\u00e9ral de la sant\u00e9 publique (OFSP) a baiss\u00e9 les prix de pr\u00e8s de 300 m\u00e9dicaments de 12% en moyenne et il va fixer encore d\u2019autres baisses de prix. D\u2019apr\u00e8s l\u2019indice des prix \u00e0 la consommation, l\u2019indice des prix des m\u00e9dicaments a en outre baiss\u00e9 pour la 29e fois cons\u00e9cutive, de -1% cette fois-ci. Cela montre que les contr\u00f4les de l\u2019OFSP sont efficaces et que le niveau de prix des m\u00e9dicaments baisse continuellement en Suisse.<\/p>\n\n\n\n<p><strong>Dr Ren\u00e9 Buholzer<\/strong>, directeur d\u2019Interpharma, Association des entreprises pharmaceutiques suisses pratiquant la recherche, d\u00e9clare \u00e0 ce sujet:<\/p>\n\n\n\n            <section class=\"highlightquote-block block-margins block-paddings-v2 scrollMagic-block visibleInBackend\" data-uid=\"69f2d6dbe24ad\">\n            <div class=\"block-bg bg-primary-10\"><\/div>\n\n            <div class=\"highlightquote-block-inner-container\">\n                <p class=\"quote mb-0\">\u00abLes prix suisses des m\u00e9dicaments sont devenus des prix de r\u00e9f\u00e9rence pour les \u00c9tats-Unis. Pour assurer l\u2019acc\u00e8s aux m\u00e9dicaments innovants, il faut moderniser le syst\u00e8me de formation des prix et renoncer \u00e0 toute nouvelle mesure concentr\u00e9e sur la seule baisse des co\u00fbts. Actuellement, chaque personne en Suisse d\u00e9pense 37 francs par mois pour des m\u00e9dicaments innovants, soit trois fois moins que pour l\u2019alcool et le tabac.\u00bb<\/p>\n            <\/div>\n        <\/section>\n    \n\n\n\n\n\n\n<blockquote class=\"wp-block-quote is-layout-flow wp-block-quote-is-layout-flow\"><\/blockquote>\n\n\n\n<p><strong>Ernst Niemack<\/strong>, directeur de vips, Association des entreprises pharmaceutiques en Suisse, explique:<\/p>\n\n\n\n            <section class=\"highlightquote-block block-margins block-paddings-v2 scrollMagic-block visibleInBackend\" data-uid=\"69f2d6dbe2f82\">\n            <div class=\"block-bg bg-primary-10\"><\/div>\n\n            <div class=\"highlightquote-block-inner-container\">\n                <p class=\"quote mb-0\">\u00abGenerous, le nouveau syst\u00e8me am\u00e9ricain de prix de r\u00e9f\u00e9rence qui est entr\u00e9 en vigueur le 10 novembre 2025, a des cons\u00e9quences dramatiques pour notre pays. \u00c0 d\u00e9faut de mesures de riposte, les innovations et les nouveaux m\u00e9dicaments n\u2019arriveront plus sur le march\u00e9 suisse ou seulement avec beaucoup de retard, de mani\u00e8re \u00e0 \u00e9viter de provoquer une baisse des prix sur le principal march\u00e9 d\u2019exportation que sont les \u00c9tats-Unis. Cela repr\u00e9sente non seulement des risques pour les patientes et patients tributaires de traitements vitaux, mais affaiblit aussi la place \u00e9conomique et pharmaceutique suisse.\u00bb<\/p>\n            <\/div>\n        <\/section>\n    \n\n\n\n\n\n\n<blockquote class=\"wp-block-quote is-layout-flow wp-block-quote-is-layout-flow\"><\/blockquote>\n\n\n\n<p><strong>Contacts<\/strong><\/p>\n\n\n\n<p>Georg D\u00e4rendinger, responsable de la communication d\u2019Interpharma, Association des entreprises pharmaceutiques suisses pratiquant la recherche<br>079 590 98 77<\/p>\n\n\n\n<p>Liliane Scherer, responsable Communication &amp; Relations Publiques de vips, Association des entreprises pharmaceutiques en Suisse<br>076 779 57 22<\/p>\n\n\n\n<p>Pi\u00e8ce jointe: IQVIA, D\u00e9veloppement du march\u00e9 du m\u00e9dicament en 2025<\/p>\n\n\n\n<p>Encadr\u00e9 d\u2019information: G\u00e9n\u00e9riques et biosimilaires<\/p>\n\n\n\n<figure class=\"wp-block-table\"><table class=\"has-fixed-layout\"><tbody><tr><td><strong>Les g\u00e9n\u00e9riques<\/strong> sont des copies conformes de pr\u00e9parations originales tomb\u00e9es dans le domaine public, sur la base de substances actives de synth\u00e8se. Ils se composent de mol\u00e9cules simples.<\/td><\/tr><tr><td><strong>Les biosimilaires<\/strong> sont fabriqu\u00e9s \u00e0 partir de cellules vivantes, que l\u2019on ne peut pas copier exactement. C\u2019est pourquoi un biosimilaire n\u2019est jamais identique au produit original, mais seulement, comme son nom l\u2019indique, similaire, ressemblant. Le d\u00e9veloppement et la fa-brication d\u2019un biosimilaire sont nettement plus complexes que ceux d\u2019un g\u00e9n\u00e9rique. De ce fait, les seuls co\u00fbts de d\u00e9veloppement d\u2019un biosimilaire sont 100 fois plus \u00e9lev\u00e9s que ceux d\u2019un g\u00e9n\u00e9rique.<\/td><\/tr><\/tbody><\/table><\/figure>\n","protected":false},"excerpt":{"rendered":"<p>En 2025, le secteur des m\u00e9dicaments en Suisse a affich\u00e9 un chiffre d\u2019affaires de 8.1 milliards de francs, soit +5.0% (aux prix de fabrique). Li\u00e9e \u00e0 l\u2019augmentation de la demande en m\u00e9dicaments, la croissance s\u2019est infl\u00e9chie de -2.4% en 2025, ce qui est essentiellement imputable aux baisses de prix. En 2025, la croissance des nouveaux [&hellip;]<\/p>\n","protected":false},"author":1,"featured_media":3887,"comment_status":"closed","ping_status":"open","sticky":false,"template":"","format":"standard","meta":{"_acf_changed":false,"inline_featured_image":false,"footnotes":""},"tags":[122,131],"class_list":["post-11908","post","type-post","status-publish","format-standard","has-post-thumbnail","hentry","tag-communique-de-presse","tag-politique"],"acf":[],"yoast_head":"<!-- This site is optimized with the Yoast SEO Premium plugin v27.2 (Yoast SEO v27.2) - https:\/\/yoast.com\/product\/yoast-seo-premium-wordpress\/ -->\n<title>Communiqu\u00e9 de presse: L\u2019expansion des g\u00e9n\u00e9riques progresse inexorablement en Suisse: les nouveaux m\u00e9dicaments innovants enregistrent une croissance inf\u00e9rieure \u00e0 la moyenne - Interpharma<\/title>\n<meta name=\"robots\" content=\"index, follow, max-snippet:-1, max-image-preview:large, max-video-preview:-1\" \/>\n<link rel=\"canonical\" href=\"https:\/\/www.interpharma.ch\/fr\/blog\/communique-de-presse-lexpansion-des-generiques-progresse-inexorablement-en-suisse-les-nouveaux-medicaments-innovants-enregistrent-une-croissance-inferieure-a-la-moyenne\/\" \/>\n<meta property=\"og:locale\" content=\"fr_FR\" \/>\n<meta property=\"og:type\" content=\"article\" \/>\n<meta property=\"og:title\" content=\"Communiqu\u00e9 de presse: L\u2019expansion des g\u00e9n\u00e9riques progresse inexorablement en Suisse: les nouveaux m\u00e9dicaments innovants enregistrent une croissance inf\u00e9rieure \u00e0 la moyenne\" \/>\n<meta property=\"og:description\" content=\"En 2025, le secteur des m\u00e9dicaments en Suisse a affich\u00e9 un chiffre d\u2019affaires de 8.1 milliards de francs, soit +5.0% (aux prix de fabrique). Li\u00e9e \u00e0 l\u2019augmentation de la demande en m\u00e9dicaments, la croissance s\u2019est infl\u00e9chie de -2.4% en 2025, ce qui est essentiellement imputable aux baisses de prix. En 2025, la croissance des nouveaux [&hellip;]\" \/>\n<meta property=\"og:url\" content=\"https:\/\/www.interpharma.ch\/fr\/blog\/communique-de-presse-lexpansion-des-generiques-progresse-inexorablement-en-suisse-les-nouveaux-medicaments-innovants-enregistrent-une-croissance-inferieure-a-la-moyenne\/\" \/>\n<meta property=\"og:site_name\" content=\"Interpharma\" \/>\n<meta property=\"article:published_time\" content=\"2026-02-06T11:11:30+00:00\" \/>\n<meta property=\"article:modified_time\" content=\"2026-03-05T07:51:51+00:00\" \/>\n<meta property=\"og:image\" content=\"https:\/\/www.interpharma.ch\/wp-content\/uploads\/2026\/02\/iStock-Apotheke-scaled.jpg\" \/>\n\t<meta property=\"og:image:width\" content=\"2560\" \/>\n\t<meta property=\"og:image:height\" content=\"1707\" \/>\n\t<meta property=\"og:image:type\" content=\"image\/jpeg\" \/>\n<meta name=\"author\" content=\"berta_admin\" \/>\n<meta name=\"twitter:card\" content=\"summary_large_image\" \/>\n<meta name=\"twitter:creator\" content=\"@interpharma_ch\" \/>\n<meta name=\"twitter:site\" content=\"@interpharma_ch\" \/>\n<meta name=\"twitter:label1\" content=\"\u00c9crit par\" \/>\n\t<meta name=\"twitter:data1\" content=\"berta_admin\" \/>\n\t<meta name=\"twitter:label2\" content=\"Dur\u00e9e de lecture estim\u00e9e\" \/>\n\t<meta name=\"twitter:data2\" content=\"6 minutes\" \/>\n<script type=\"application\/ld+json\" class=\"yoast-schema-graph\">{\"@context\":\"https:\/\/schema.org\",\"@graph\":[{\"@type\":\"Article\",\"@id\":\"https:\/\/www.interpharma.ch\/fr\/blog\/communique-de-presse-lexpansion-des-generiques-progresse-inexorablement-en-suisse-les-nouveaux-medicaments-innovants-enregistrent-une-croissance-inferieure-a-la-moyenne\/#article\",\"isPartOf\":{\"@id\":\"https:\/\/www.interpharma.ch\/fr\/blog\/communique-de-presse-lexpansion-des-generiques-progresse-inexorablement-en-suisse-les-nouveaux-medicaments-innovants-enregistrent-une-croissance-inferieure-a-la-moyenne\/\"},\"author\":{\"name\":\"berta_admin\",\"@id\":\"https:\/\/www.interpharma.ch\/#\/schema\/person\/1302f3da278bb3f8995756877d107818\"},\"headline\":\"Communiqu\u00e9 de presse: L\u2019expansion des g\u00e9n\u00e9riques progresse inexorablement en Suisse: les nouveaux m\u00e9dicaments innovants enregistrent une croissance inf\u00e9rieure \u00e0 la moyenne\",\"datePublished\":\"2026-02-06T11:11:30+00:00\",\"dateModified\":\"2026-03-05T07:51:51+00:00\",\"mainEntityOfPage\":{\"@id\":\"https:\/\/www.interpharma.ch\/fr\/blog\/communique-de-presse-lexpansion-des-generiques-progresse-inexorablement-en-suisse-les-nouveaux-medicaments-innovants-enregistrent-une-croissance-inferieure-a-la-moyenne\/\"},\"wordCount\":1036,\"publisher\":{\"@id\":\"https:\/\/www.interpharma.ch\/#organization\"},\"image\":{\"@id\":\"https:\/\/www.interpharma.ch\/fr\/blog\/communique-de-presse-lexpansion-des-generiques-progresse-inexorablement-en-suisse-les-nouveaux-medicaments-innovants-enregistrent-une-croissance-inferieure-a-la-moyenne\/#primaryimage\"},\"thumbnailUrl\":\"https:\/\/www.interpharma.ch\/wp-content\/uploads\/2026\/02\/iStock-Apotheke-scaled.jpg\",\"keywords\":[\"Communiqu\u00e9 de presse\",\"Politique\"],\"inLanguage\":\"fr-FR\",\"copyrightYear\":\"2026\",\"copyrightHolder\":{\"@id\":\"https:\/\/www.interpharma.ch\/#organization\"}},{\"@type\":\"WebPage\",\"@id\":\"https:\/\/www.interpharma.ch\/fr\/blog\/communique-de-presse-lexpansion-des-generiques-progresse-inexorablement-en-suisse-les-nouveaux-medicaments-innovants-enregistrent-une-croissance-inferieure-a-la-moyenne\/\",\"url\":\"https:\/\/www.interpharma.ch\/fr\/blog\/communique-de-presse-lexpansion-des-generiques-progresse-inexorablement-en-suisse-les-nouveaux-medicaments-innovants-enregistrent-une-croissance-inferieure-a-la-moyenne\/\",\"name\":\"Communiqu\u00e9 de presse: L\u2019expansion des g\u00e9n\u00e9riques progresse inexorablement en Suisse: les nouveaux m\u00e9dicaments innovants enregistrent une croissance inf\u00e9rieure \u00e0 la moyenne - Interpharma\",\"isPartOf\":{\"@id\":\"https:\/\/www.interpharma.ch\/#website\"},\"primaryImageOfPage\":{\"@id\":\"https:\/\/www.interpharma.ch\/fr\/blog\/communique-de-presse-lexpansion-des-generiques-progresse-inexorablement-en-suisse-les-nouveaux-medicaments-innovants-enregistrent-une-croissance-inferieure-a-la-moyenne\/#primaryimage\"},\"image\":{\"@id\":\"https:\/\/www.interpharma.ch\/fr\/blog\/communique-de-presse-lexpansion-des-generiques-progresse-inexorablement-en-suisse-les-nouveaux-medicaments-innovants-enregistrent-une-croissance-inferieure-a-la-moyenne\/#primaryimage\"},\"thumbnailUrl\":\"https:\/\/www.interpharma.ch\/wp-content\/uploads\/2026\/02\/iStock-Apotheke-scaled.jpg\",\"datePublished\":\"2026-02-06T11:11:30+00:00\",\"dateModified\":\"2026-03-05T07:51:51+00:00\",\"breadcrumb\":{\"@id\":\"https:\/\/www.interpharma.ch\/fr\/blog\/communique-de-presse-lexpansion-des-generiques-progresse-inexorablement-en-suisse-les-nouveaux-medicaments-innovants-enregistrent-une-croissance-inferieure-a-la-moyenne\/#breadcrumb\"},\"inLanguage\":\"fr-FR\",\"potentialAction\":[{\"@type\":\"ReadAction\",\"target\":[\"https:\/\/www.interpharma.ch\/fr\/blog\/communique-de-presse-lexpansion-des-generiques-progresse-inexorablement-en-suisse-les-nouveaux-medicaments-innovants-enregistrent-une-croissance-inferieure-a-la-moyenne\/\"]}]},{\"@type\":\"ImageObject\",\"inLanguage\":\"fr-FR\",\"@id\":\"https:\/\/www.interpharma.ch\/fr\/blog\/communique-de-presse-lexpansion-des-generiques-progresse-inexorablement-en-suisse-les-nouveaux-medicaments-innovants-enregistrent-une-croissance-inferieure-a-la-moyenne\/#primaryimage\",\"url\":\"https:\/\/www.interpharma.ch\/wp-content\/uploads\/2026\/02\/iStock-Apotheke-scaled.jpg\",\"contentUrl\":\"https:\/\/www.interpharma.ch\/wp-content\/uploads\/2026\/02\/iStock-Apotheke-scaled.jpg\",\"width\":2560,\"height\":1707},{\"@type\":\"BreadcrumbList\",\"@id\":\"https:\/\/www.interpharma.ch\/fr\/blog\/communique-de-presse-lexpansion-des-generiques-progresse-inexorablement-en-suisse-les-nouveaux-medicaments-innovants-enregistrent-une-croissance-inferieure-a-la-moyenne\/#breadcrumb\",\"itemListElement\":[{\"@type\":\"ListItem\",\"position\":1,\"name\":\"Startseite\",\"item\":\"https:\/\/www.interpharma.ch\/fr\/\"},{\"@type\":\"ListItem\",\"position\":2,\"name\":\"Communiqu\u00e9 de presse: L\u2019expansion des g\u00e9n\u00e9riques progresse inexorablement en Suisse: les nouveaux m\u00e9dicaments innovants enregistrent une croissance inf\u00e9rieure \u00e0 la moyenne\"}]},{\"@type\":\"WebSite\",\"@id\":\"https:\/\/www.interpharma.ch\/#website\",\"url\":\"https:\/\/www.interpharma.ch\/\",\"name\":\"Interpharma\",\"description\":\"Verband der forschenden Pharmazeutischen Firmen\",\"publisher\":{\"@id\":\"https:\/\/www.interpharma.ch\/#organization\"},\"potentialAction\":[{\"@type\":\"SearchAction\",\"target\":{\"@type\":\"EntryPoint\",\"urlTemplate\":\"https:\/\/www.interpharma.ch\/?s={search_term_string}\"},\"query-input\":{\"@type\":\"PropertyValueSpecification\",\"valueRequired\":true,\"valueName\":\"search_term_string\"}}],\"inLanguage\":\"fr-FR\"},{\"@type\":\"Organization\",\"@id\":\"https:\/\/www.interpharma.ch\/#organization\",\"name\":\"Interpharma\",\"url\":\"https:\/\/www.interpharma.ch\/\",\"logo\":{\"@type\":\"ImageObject\",\"inLanguage\":\"fr-FR\",\"@id\":\"https:\/\/www.interpharma.ch\/#\/schema\/logo\/image\/\",\"url\":\"https:\/\/interpharma.ch\/wp-content\/uploads\/2026\/03\/20251014_iph_logo_wort_bildmarke_rgb_final_cu01.svg\",\"contentUrl\":\"https:\/\/interpharma.ch\/wp-content\/uploads\/2026\/03\/20251014_iph_logo_wort_bildmarke_rgb_final_cu01.svg\",\"width\":\"1200\",\"height\":\"1200\",\"caption\":\"Interpharma\"},\"image\":{\"@id\":\"https:\/\/www.interpharma.ch\/#\/schema\/logo\/image\/\"},\"sameAs\":[\"https:\/\/x.com\/interpharma_ch\",\"https:\/\/ch.linkedin.com\/company\/interpharma\",\"https:\/\/www.instagram.com\/interpharma_ch\/\"]},{\"@type\":\"Person\",\"@id\":\"https:\/\/www.interpharma.ch\/#\/schema\/person\/1302f3da278bb3f8995756877d107818\",\"name\":\"berta_admin\",\"image\":{\"@type\":\"ImageObject\",\"inLanguage\":\"fr-FR\",\"@id\":\"https:\/\/secure.gravatar.com\/avatar\/a2aeb00900e30743ff2859dfc3dd11cf7e64bb4ec7a1f349ee3772658a1d087d?s=96&d=mm&r=g\",\"url\":\"https:\/\/secure.gravatar.com\/avatar\/a2aeb00900e30743ff2859dfc3dd11cf7e64bb4ec7a1f349ee3772658a1d087d?s=96&d=mm&r=g\",\"contentUrl\":\"https:\/\/secure.gravatar.com\/avatar\/a2aeb00900e30743ff2859dfc3dd11cf7e64bb4ec7a1f349ee3772658a1d087d?s=96&d=mm&r=g\",\"caption\":\"berta_admin\"},\"sameAs\":[\"https:\/\/interpharma.ch\"]}]}<\/script>\n<!-- \/ Yoast SEO Premium plugin. -->","yoast_head_json":{"title":"Communiqu\u00e9 de presse: L\u2019expansion des g\u00e9n\u00e9riques progresse inexorablement en Suisse: les nouveaux m\u00e9dicaments innovants enregistrent une croissance inf\u00e9rieure \u00e0 la moyenne - Interpharma","robots":{"index":"index","follow":"follow","max-snippet":"max-snippet:-1","max-image-preview":"max-image-preview:large","max-video-preview":"max-video-preview:-1"},"canonical":"https:\/\/www.interpharma.ch\/fr\/blog\/communique-de-presse-lexpansion-des-generiques-progresse-inexorablement-en-suisse-les-nouveaux-medicaments-innovants-enregistrent-une-croissance-inferieure-a-la-moyenne\/","og_locale":"fr_FR","og_type":"article","og_title":"Communiqu\u00e9 de presse: L\u2019expansion des g\u00e9n\u00e9riques progresse inexorablement en Suisse: les nouveaux m\u00e9dicaments innovants enregistrent une croissance inf\u00e9rieure \u00e0 la moyenne","og_description":"En 2025, le secteur des m\u00e9dicaments en Suisse a affich\u00e9 un chiffre d\u2019affaires de 8.1 milliards de francs, soit +5.0% (aux prix de fabrique). Li\u00e9e \u00e0 l\u2019augmentation de la demande en m\u00e9dicaments, la croissance s\u2019est infl\u00e9chie de -2.4% en 2025, ce qui est essentiellement imputable aux baisses de prix. En 2025, la croissance des nouveaux [&hellip;]","og_url":"https:\/\/www.interpharma.ch\/fr\/blog\/communique-de-presse-lexpansion-des-generiques-progresse-inexorablement-en-suisse-les-nouveaux-medicaments-innovants-enregistrent-une-croissance-inferieure-a-la-moyenne\/","og_site_name":"Interpharma","article_published_time":"2026-02-06T11:11:30+00:00","article_modified_time":"2026-03-05T07:51:51+00:00","og_image":[{"width":2560,"height":1707,"url":"https:\/\/www.interpharma.ch\/wp-content\/uploads\/2026\/02\/iStock-Apotheke-scaled.jpg","type":"image\/jpeg"}],"author":"berta_admin","twitter_card":"summary_large_image","twitter_creator":"@interpharma_ch","twitter_site":"@interpharma_ch","twitter_misc":{"\u00c9crit par":"berta_admin","Dur\u00e9e de lecture estim\u00e9e":"6 minutes"},"schema":{"@context":"https:\/\/schema.org","@graph":[{"@type":"Article","@id":"https:\/\/www.interpharma.ch\/fr\/blog\/communique-de-presse-lexpansion-des-generiques-progresse-inexorablement-en-suisse-les-nouveaux-medicaments-innovants-enregistrent-une-croissance-inferieure-a-la-moyenne\/#article","isPartOf":{"@id":"https:\/\/www.interpharma.ch\/fr\/blog\/communique-de-presse-lexpansion-des-generiques-progresse-inexorablement-en-suisse-les-nouveaux-medicaments-innovants-enregistrent-une-croissance-inferieure-a-la-moyenne\/"},"author":{"name":"berta_admin","@id":"https:\/\/www.interpharma.ch\/#\/schema\/person\/1302f3da278bb3f8995756877d107818"},"headline":"Communiqu\u00e9 de presse: L\u2019expansion des g\u00e9n\u00e9riques progresse inexorablement en Suisse: les nouveaux m\u00e9dicaments innovants enregistrent une croissance inf\u00e9rieure \u00e0 la moyenne","datePublished":"2026-02-06T11:11:30+00:00","dateModified":"2026-03-05T07:51:51+00:00","mainEntityOfPage":{"@id":"https:\/\/www.interpharma.ch\/fr\/blog\/communique-de-presse-lexpansion-des-generiques-progresse-inexorablement-en-suisse-les-nouveaux-medicaments-innovants-enregistrent-une-croissance-inferieure-a-la-moyenne\/"},"wordCount":1036,"publisher":{"@id":"https:\/\/www.interpharma.ch\/#organization"},"image":{"@id":"https:\/\/www.interpharma.ch\/fr\/blog\/communique-de-presse-lexpansion-des-generiques-progresse-inexorablement-en-suisse-les-nouveaux-medicaments-innovants-enregistrent-une-croissance-inferieure-a-la-moyenne\/#primaryimage"},"thumbnailUrl":"https:\/\/www.interpharma.ch\/wp-content\/uploads\/2026\/02\/iStock-Apotheke-scaled.jpg","keywords":["Communiqu\u00e9 de presse","Politique"],"inLanguage":"fr-FR","copyrightYear":"2026","copyrightHolder":{"@id":"https:\/\/www.interpharma.ch\/#organization"}},{"@type":"WebPage","@id":"https:\/\/www.interpharma.ch\/fr\/blog\/communique-de-presse-lexpansion-des-generiques-progresse-inexorablement-en-suisse-les-nouveaux-medicaments-innovants-enregistrent-une-croissance-inferieure-a-la-moyenne\/","url":"https:\/\/www.interpharma.ch\/fr\/blog\/communique-de-presse-lexpansion-des-generiques-progresse-inexorablement-en-suisse-les-nouveaux-medicaments-innovants-enregistrent-une-croissance-inferieure-a-la-moyenne\/","name":"Communiqu\u00e9 de presse: L\u2019expansion des g\u00e9n\u00e9riques progresse inexorablement en Suisse: les nouveaux m\u00e9dicaments innovants enregistrent une croissance inf\u00e9rieure \u00e0 la moyenne - Interpharma","isPartOf":{"@id":"https:\/\/www.interpharma.ch\/#website"},"primaryImageOfPage":{"@id":"https:\/\/www.interpharma.ch\/fr\/blog\/communique-de-presse-lexpansion-des-generiques-progresse-inexorablement-en-suisse-les-nouveaux-medicaments-innovants-enregistrent-une-croissance-inferieure-a-la-moyenne\/#primaryimage"},"image":{"@id":"https:\/\/www.interpharma.ch\/fr\/blog\/communique-de-presse-lexpansion-des-generiques-progresse-inexorablement-en-suisse-les-nouveaux-medicaments-innovants-enregistrent-une-croissance-inferieure-a-la-moyenne\/#primaryimage"},"thumbnailUrl":"https:\/\/www.interpharma.ch\/wp-content\/uploads\/2026\/02\/iStock-Apotheke-scaled.jpg","datePublished":"2026-02-06T11:11:30+00:00","dateModified":"2026-03-05T07:51:51+00:00","breadcrumb":{"@id":"https:\/\/www.interpharma.ch\/fr\/blog\/communique-de-presse-lexpansion-des-generiques-progresse-inexorablement-en-suisse-les-nouveaux-medicaments-innovants-enregistrent-une-croissance-inferieure-a-la-moyenne\/#breadcrumb"},"inLanguage":"fr-FR","potentialAction":[{"@type":"ReadAction","target":["https:\/\/www.interpharma.ch\/fr\/blog\/communique-de-presse-lexpansion-des-generiques-progresse-inexorablement-en-suisse-les-nouveaux-medicaments-innovants-enregistrent-une-croissance-inferieure-a-la-moyenne\/"]}]},{"@type":"ImageObject","inLanguage":"fr-FR","@id":"https:\/\/www.interpharma.ch\/fr\/blog\/communique-de-presse-lexpansion-des-generiques-progresse-inexorablement-en-suisse-les-nouveaux-medicaments-innovants-enregistrent-une-croissance-inferieure-a-la-moyenne\/#primaryimage","url":"https:\/\/www.interpharma.ch\/wp-content\/uploads\/2026\/02\/iStock-Apotheke-scaled.jpg","contentUrl":"https:\/\/www.interpharma.ch\/wp-content\/uploads\/2026\/02\/iStock-Apotheke-scaled.jpg","width":2560,"height":1707},{"@type":"BreadcrumbList","@id":"https:\/\/www.interpharma.ch\/fr\/blog\/communique-de-presse-lexpansion-des-generiques-progresse-inexorablement-en-suisse-les-nouveaux-medicaments-innovants-enregistrent-une-croissance-inferieure-a-la-moyenne\/#breadcrumb","itemListElement":[{"@type":"ListItem","position":1,"name":"Startseite","item":"https:\/\/www.interpharma.ch\/fr\/"},{"@type":"ListItem","position":2,"name":"Communiqu\u00e9 de presse: L\u2019expansion des g\u00e9n\u00e9riques progresse inexorablement en Suisse: les nouveaux m\u00e9dicaments innovants enregistrent une croissance inf\u00e9rieure \u00e0 la moyenne"}]},{"@type":"WebSite","@id":"https:\/\/www.interpharma.ch\/#website","url":"https:\/\/www.interpharma.ch\/","name":"Interpharma","description":"Verband der forschenden Pharmazeutischen Firmen","publisher":{"@id":"https:\/\/www.interpharma.ch\/#organization"},"potentialAction":[{"@type":"SearchAction","target":{"@type":"EntryPoint","urlTemplate":"https:\/\/www.interpharma.ch\/?s={search_term_string}"},"query-input":{"@type":"PropertyValueSpecification","valueRequired":true,"valueName":"search_term_string"}}],"inLanguage":"fr-FR"},{"@type":"Organization","@id":"https:\/\/www.interpharma.ch\/#organization","name":"Interpharma","url":"https:\/\/www.interpharma.ch\/","logo":{"@type":"ImageObject","inLanguage":"fr-FR","@id":"https:\/\/www.interpharma.ch\/#\/schema\/logo\/image\/","url":"https:\/\/interpharma.ch\/wp-content\/uploads\/2026\/03\/20251014_iph_logo_wort_bildmarke_rgb_final_cu01.svg","contentUrl":"https:\/\/interpharma.ch\/wp-content\/uploads\/2026\/03\/20251014_iph_logo_wort_bildmarke_rgb_final_cu01.svg","width":"1200","height":"1200","caption":"Interpharma"},"image":{"@id":"https:\/\/www.interpharma.ch\/#\/schema\/logo\/image\/"},"sameAs":["https:\/\/x.com\/interpharma_ch","https:\/\/ch.linkedin.com\/company\/interpharma","https:\/\/www.instagram.com\/interpharma_ch\/"]},{"@type":"Person","@id":"https:\/\/www.interpharma.ch\/#\/schema\/person\/1302f3da278bb3f8995756877d107818","name":"berta_admin","image":{"@type":"ImageObject","inLanguage":"fr-FR","@id":"https:\/\/secure.gravatar.com\/avatar\/a2aeb00900e30743ff2859dfc3dd11cf7e64bb4ec7a1f349ee3772658a1d087d?s=96&d=mm&r=g","url":"https:\/\/secure.gravatar.com\/avatar\/a2aeb00900e30743ff2859dfc3dd11cf7e64bb4ec7a1f349ee3772658a1d087d?s=96&d=mm&r=g","contentUrl":"https:\/\/secure.gravatar.com\/avatar\/a2aeb00900e30743ff2859dfc3dd11cf7e64bb4ec7a1f349ee3772658a1d087d?s=96&d=mm&r=g","caption":"berta_admin"},"sameAs":["https:\/\/interpharma.ch"]}]}},"_links":{"self":[{"href":"https:\/\/www.interpharma.ch\/fr\/wp-json\/wp\/v2\/posts\/11908","targetHints":{"allow":["GET"]}}],"collection":[{"href":"https:\/\/www.interpharma.ch\/fr\/wp-json\/wp\/v2\/posts"}],"about":[{"href":"https:\/\/www.interpharma.ch\/fr\/wp-json\/wp\/v2\/types\/post"}],"author":[{"embeddable":true,"href":"https:\/\/www.interpharma.ch\/fr\/wp-json\/wp\/v2\/users\/1"}],"replies":[{"embeddable":true,"href":"https:\/\/www.interpharma.ch\/fr\/wp-json\/wp\/v2\/comments?post=11908"}],"version-history":[{"count":2,"href":"https:\/\/www.interpharma.ch\/fr\/wp-json\/wp\/v2\/posts\/11908\/revisions"}],"predecessor-version":[{"id":14660,"href":"https:\/\/www.interpharma.ch\/fr\/wp-json\/wp\/v2\/posts\/11908\/revisions\/14660"}],"wp:featuredmedia":[{"embeddable":true,"href":"https:\/\/www.interpharma.ch\/fr\/wp-json\/wp\/v2\/media\/3887"}],"wp:attachment":[{"href":"https:\/\/www.interpharma.ch\/fr\/wp-json\/wp\/v2\/media?parent=11908"}],"wp:term":[{"taxonomy":"post_tag","embeddable":true,"href":"https:\/\/www.interpharma.ch\/fr\/wp-json\/wp\/v2\/tags?post=11908"}],"curies":[{"name":"wp","href":"https:\/\/api.w.org\/{rel}","templated":true}]}}